{"id":4473,"date":"2025-06-02T12:27:01","date_gmt":"2025-06-02T16:27:01","guid":{"rendered":"https:\/\/climatetoolkit.org\/?p=4473"},"modified":"2025-06-18T16:12:32","modified_gmt":"2025-06-18T20:12:32","slug":"tools-of-transformation-5-an-introduction-to-essence-thinking","status":"publish","type":"post","link":"https:\/\/climatetoolkit.org\/sv\/tools-of-transformation-5-an-introduction-to-essence-thinking\/","title":{"rendered":"Transformationsverktyg 5: En introduktion till essens-t\u00e4nkande"},"content":{"rendered":"<p><em>Onsdagen den 21 maj 2025<\/em><\/p>\n\n\n\n<p>Essensen \u00e4r det som g\u00f6r varje levande varelse unik, och den kommer till uttryck i hur vi engagerar oss i v\u00e4rlden, v\u00e5rt syfte med livet och det unika v\u00e4rde vi skapar. Detsamma g\u00e4ller f\u00f6r essensen i naturliga system, samh\u00e4llen och organisationer. <\/p>\n\n\n\n<p>Climate Toolkit syftar till att engagera institutioner i att uppt\u00e4cka den latenta potentialen i deras v\u00e4sen p\u00e5 ett s\u00e4tt som avsl\u00f6jar deras inb\u00e4ddade relationer till de m\u00e4nniskor och den plats de tj\u00e4nar samt det ekologiska, sociala och historiska sammanhang d\u00e4r de arbetar. Genom att engagera sig i denna niv\u00e5 av djup uppt\u00e4ckt kommer institutionerna att kunna positionera sig idealiskt f\u00f6r att fr\u00e4mja \u00f6msesidiga och unika m\u00f6jligheter att ta itu med klimatf\u00f6r\u00e4ndringarna mellan sig sj\u00e4lva, sina samh\u00e4llen och jorden.\u00a0 <\/p>\n\n\n\n<p>Titta p\u00e5 och engagera dig i v\u00e5r senaste Tools of Transformation-session f\u00f6r en introduktion till essens med g\u00e4sttalaren Sonja Bochart, chef f\u00f6r Shepley Bulfinch och alumna fr\u00e5n The Regenesis Institute for Regenerative Practice.<\/p>\n\n\n\n<figure class=\"wp-block-embed is-type-video is-provider-youtube wp-block-embed-youtube wp-embed-aspect-4-3 wp-has-aspect-ratio\"><div class=\"wp-block-embed__wrapper\">\n<iframe title=\"En introduktion till Essence-t\u00e4nkande\" width=\"605\" height=\"454\" src=\"https:\/\/www.youtube.com\/embed\/Zh5gArZK4iU?feature=oembed\" frameborder=\"0\" allow=\"accelerometer; autoplay; clipboard-write; encrypted-media; gyroscope; picture-in-picture; web-share\" referrerpolicy=\"strict-origin-when-cross-origin\" allowfullscreen><\/iframe>\n<\/div><\/figure>\n\n\n\n<div class=\"wp-block-advgb-button alignnone\"><a class=\"wp-block-advgb-button_link advgbbtn-77848bac-0697-4f16-8d68-97b81d2a9f9a\" href=\"https:\/\/youtu.be\/Zh5gArZK4iU\" target=\"_blank\" rel=\"noopener noreferrer\"><span><strong>Titta p\u00e5 YouTube<\/strong><\/span><\/a><\/div>\n\n\n\n<p><\/p>\n<style class=\"advgb-styles-renderer\">.advgbbtn-77848bac-0697-4f16-8d68-97b81d2a9f9a{font-size:15px;color:#fff !important;background-color:#fcb900 !important;margin:0px 0px 0px 0px !important;padding:10px 30px 10px 30px;border-width:1px !important;border-style:none;border-radius:50px !important;}.advgbbtn-77848bac-0697-4f16-8d68-97b81d2a9f9a:hover{box-shadow:1px 1px 12px 0px #ccc;opacity:1;transition:all 0.2s ease;}.advgbbtn-77848bac-0697-4f16-8d68-97b81d2a9f9a > i {display: none !important;}<\/style>","protected":false},"excerpt":{"rendered":"<p>Wed., May 21, 2025 Essens \u00e4r det som g\u00f6r varje levande varelse unik, och det kommer till uttryck i hur vi engagerar oss i v\u00e4rlden, v\u00e5rt syfte med livet och det unika v\u00e4rde vi skapar. Detsamma g\u00e4ller f\u00f6r ...<\/p>\n<p class=\"read-more\"> <a class=\"\" href=\"https:\/\/climatetoolkit.org\/sv\/tools-of-transformation-5-an-introduction-to-essence-thinking\/\"> <span class=\"screen-reader-text\">Transformationsverktyg 5: En introduktion till essens-t\u00e4nkande<\/span> L\u00e4s mer \"<\/a><\/p>","protected":false},"author":2,"featured_media":3820,"comment_status":"closed","ping_status":"closed","sticky":false,"template":"","format":"standard","meta":{"_acf_changed":false,"inline_featured_image":false,"advgb_blocks_editor_width":"","advgb_blocks_columns_visual_guide":"","footnotes":""},"categories":[179],"tags":[499],"class_list":["post-4473","post","type-post","status-publish","format-standard","has-post-thumbnail","hentry","category-engagement","tag-tools-of-transformation"],"acf":[],"yoast_head":"<!-- This site is optimized with the Yoast SEO plugin v27.5 - https:\/\/yoast.com\/product\/yoast-seo-wordpress\/ -->\n<title>Tools of Transformation 5: An Introduction to Essence Thinking - The Climate Toolkit<\/title>\n<meta name=\"robots\" content=\"noindex, follow\" \/>\n<meta property=\"og:locale\" content=\"sv_SE\" \/>\n<meta property=\"og:type\" content=\"article\" \/>\n<meta property=\"og:title\" content=\"Tools of Transformation 5: An Introduction to Essence Thinking - The Climate Toolkit\" \/>\n<meta property=\"og:description\" content=\"Wed., May 21, 2025 Essence is what makes every living being unique, and it is expressed in the ways we engage with the world, our purpose in life, and the unique value we create. The same is true for the &hellip; Tools of Transformation 5: An Introduction to Essence Thinking L\u00e4s mer &raquo;\" \/>\n<meta property=\"og:url\" content=\"https:\/\/climatetoolkit.org\/sv\/tools-of-transformation-5-an-introduction-to-essence-thinking\/\" \/>\n<meta property=\"og:site_name\" content=\"The Climate Toolkit\" \/>\n<meta property=\"article:published_time\" content=\"2025-06-02T16:27:01+00:00\" \/>\n<meta property=\"article:modified_time\" content=\"2025-06-18T20:12:32+00:00\" \/>\n<meta property=\"og:image\" content=\"https:\/\/climatetoolkit.org\/wp-content\/uploads\/2024\/09\/image-1.png\" \/>\n\t<meta property=\"og:image:width\" content=\"648\" \/>\n\t<meta property=\"og:image:height\" content=\"323\" \/>\n\t<meta property=\"og:image:type\" content=\"image\/png\" \/>\n<meta name=\"author\" content=\"joe reed\" \/>\n<meta name=\"twitter:card\" content=\"summary_large_image\" \/>\n<meta name=\"twitter:label1\" content=\"Skriven av\" \/>\n\t<meta name=\"twitter:data1\" content=\"joe reed\" \/>\n\t<meta name=\"twitter:label2\" content=\"Ber\u00e4knad l\u00e4stid\" \/>\n\t<meta name=\"twitter:data2\" content=\"1 minut\" \/>\n<script type=\"application\/ld+json\" class=\"yoast-schema-graph\">{\"@context\":\"https:\\\/\\\/schema.org\",\"@graph\":[{\"@type\":\"Article\",\"@id\":\"https:\\\/\\\/climatetoolkit.org\\\/tools-of-transformation-5-an-introduction-to-essence-thinking\\\/#article\",\"isPartOf\":{\"@id\":\"https:\\\/\\\/climatetoolkit.org\\\/tools-of-transformation-5-an-introduction-to-essence-thinking\\\/\"},\"author\":{\"name\":\"joe reed\",\"@id\":\"https:\\\/\\\/climatetoolkit.org\\\/#\\\/schema\\\/person\\\/0a315cfe2d4239376531ced9d06c441c\"},\"headline\":\"Tools of Transformation 5: An Introduction to Essence Thinking\",\"datePublished\":\"2025-06-02T16:27:01+00:00\",\"dateModified\":\"2025-06-18T20:12:32+00:00\",\"mainEntityOfPage\":{\"@id\":\"https:\\\/\\\/climatetoolkit.org\\\/tools-of-transformation-5-an-introduction-to-essence-thinking\\\/\"},\"wordCount\":171,\"publisher\":{\"@id\":\"https:\\\/\\\/climatetoolkit.org\\\/#organization\"},\"image\":{\"@id\":\"https:\\\/\\\/climatetoolkit.org\\\/tools-of-transformation-5-an-introduction-to-essence-thinking\\\/#primaryimage\"},\"thumbnailUrl\":\"https:\\\/\\\/climatetoolkit.org\\\/wp-content\\\/uploads\\\/2024\\\/09\\\/image-1.png\",\"keywords\":[\"Tools of Transformation\"],\"articleSection\":[\"Engagement\"],\"inLanguage\":\"sv-SE\"},{\"@type\":\"WebPage\",\"@id\":\"https:\\\/\\\/climatetoolkit.org\\\/tools-of-transformation-5-an-introduction-to-essence-thinking\\\/\",\"url\":\"https:\\\/\\\/climatetoolkit.org\\\/tools-of-transformation-5-an-introduction-to-essence-thinking\\\/\",\"name\":\"Tools of Transformation 5: An Introduction to Essence Thinking - The Climate Toolkit\",\"isPartOf\":{\"@id\":\"https:\\\/\\\/climatetoolkit.org\\\/#website\"},\"primaryImageOfPage\":{\"@id\":\"https:\\\/\\\/climatetoolkit.org\\\/tools-of-transformation-5-an-introduction-to-essence-thinking\\\/#primaryimage\"},\"image\":{\"@id\":\"https:\\\/\\\/climatetoolkit.org\\\/tools-of-transformation-5-an-introduction-to-essence-thinking\\\/#primaryimage\"},\"thumbnailUrl\":\"https:\\\/\\\/climatetoolkit.org\\\/wp-content\\\/uploads\\\/2024\\\/09\\\/image-1.png\",\"datePublished\":\"2025-06-02T16:27:01+00:00\",\"dateModified\":\"2025-06-18T20:12:32+00:00\",\"breadcrumb\":{\"@id\":\"https:\\\/\\\/climatetoolkit.org\\\/tools-of-transformation-5-an-introduction-to-essence-thinking\\\/#breadcrumb\"},\"inLanguage\":\"sv-SE\",\"potentialAction\":[{\"@type\":\"ReadAction\",\"target\":[\"https:\\\/\\\/climatetoolkit.org\\\/tools-of-transformation-5-an-introduction-to-essence-thinking\\\/\"]}]},{\"@type\":\"ImageObject\",\"inLanguage\":\"sv-SE\",\"@id\":\"https:\\\/\\\/climatetoolkit.org\\\/tools-of-transformation-5-an-introduction-to-essence-thinking\\\/#primaryimage\",\"url\":\"https:\\\/\\\/climatetoolkit.org\\\/wp-content\\\/uploads\\\/2024\\\/09\\\/image-1.png\",\"contentUrl\":\"https:\\\/\\\/climatetoolkit.org\\\/wp-content\\\/uploads\\\/2024\\\/09\\\/image-1.png\",\"width\":648,\"height\":323},{\"@type\":\"BreadcrumbList\",\"@id\":\"https:\\\/\\\/climatetoolkit.org\\\/tools-of-transformation-5-an-introduction-to-essence-thinking\\\/#breadcrumb\",\"itemListElement\":[{\"@type\":\"ListItem\",\"position\":1,\"name\":\"Home\",\"item\":\"https:\\\/\\\/climatetoolkit.org\\\/\"},{\"@type\":\"ListItem\",\"position\":2,\"name\":\"Tools of Transformation 5: An Introduction to Essence Thinking\"}]},{\"@type\":\"WebSite\",\"@id\":\"https:\\\/\\\/climatetoolkit.org\\\/#website\",\"url\":\"https:\\\/\\\/climatetoolkit.org\\\/\",\"name\":\"The Climate Toolkit\",\"description\":\"For Museums, Gardens and Zoos\",\"publisher\":{\"@id\":\"https:\\\/\\\/climatetoolkit.org\\\/#organization\"},\"potentialAction\":[{\"@type\":\"SearchAction\",\"target\":{\"@type\":\"EntryPoint\",\"urlTemplate\":\"https:\\\/\\\/climatetoolkit.org\\\/?s={search_term_string}\"},\"query-input\":{\"@type\":\"PropertyValueSpecification\",\"valueRequired\":true,\"valueName\":\"search_term_string\"}}],\"inLanguage\":\"sv-SE\"},{\"@type\":\"Organization\",\"@id\":\"https:\\\/\\\/climatetoolkit.org\\\/#organization\",\"name\":\"The Climate Toolkit\",\"url\":\"https:\\\/\\\/climatetoolkit.org\\\/\",\"logo\":{\"@type\":\"ImageObject\",\"inLanguage\":\"sv-SE\",\"@id\":\"https:\\\/\\\/climatetoolkit.org\\\/#\\\/schema\\\/logo\\\/image\\\/\",\"url\":\"https:\\\/\\\/climatetoolkit.org\\\/wp-content\\\/uploads\\\/2020\\\/05\\\/C_logo.png\",\"contentUrl\":\"https:\\\/\\\/climatetoolkit.org\\\/wp-content\\\/uploads\\\/2020\\\/05\\\/C_logo.png\",\"width\":512,\"height\":512,\"caption\":\"The Climate Toolkit\"},\"image\":{\"@id\":\"https:\\\/\\\/climatetoolkit.org\\\/#\\\/schema\\\/logo\\\/image\\\/\"}},{\"@type\":\"Person\",\"@id\":\"https:\\\/\\\/climatetoolkit.org\\\/#\\\/schema\\\/person\\\/0a315cfe2d4239376531ced9d06c441c\",\"name\":\"joe reed\",\"image\":{\"@type\":\"ImageObject\",\"inLanguage\":\"sv-SE\",\"@id\":\"https:\\\/\\\/secure.gravatar.com\\\/avatar\\\/472f195403d80a13cf2167242ca383d8b44ece2a427beed29cba86949c90ae13?s=96&d=mm&r=g\",\"url\":\"https:\\\/\\\/secure.gravatar.com\\\/avatar\\\/472f195403d80a13cf2167242ca383d8b44ece2a427beed29cba86949c90ae13?s=96&d=mm&r=g\",\"contentUrl\":\"https:\\\/\\\/secure.gravatar.com\\\/avatar\\\/472f195403d80a13cf2167242ca383d8b44ece2a427beed29cba86949c90ae13?s=96&d=mm&r=g\",\"caption\":\"joe reed\"}}]}<\/script>\n<!-- \/ Yoast SEO plugin. -->","yoast_head_json":{"title":"Transformationsverktyg 5: En introduktion till essens-t\u00e4nkande - The Climate Toolkit","robots":{"index":"noindex","follow":"follow"},"og_locale":"sv_SE","og_type":"article","og_title":"Tools of Transformation 5: An Introduction to Essence Thinking - The Climate Toolkit","og_description":"Wed., May 21, 2025 Essence is what makes every living being unique, and it is expressed in the ways we engage with the world, our purpose in life, and the unique value we create. The same is true for the &hellip; Tools of Transformation 5: An Introduction to Essence Thinking L\u00e4s mer &raquo;","og_url":"https:\/\/climatetoolkit.org\/sv\/tools-of-transformation-5-an-introduction-to-essence-thinking\/","og_site_name":"The Climate Toolkit","article_published_time":"2025-06-02T16:27:01+00:00","article_modified_time":"2025-06-18T20:12:32+00:00","og_image":[{"width":648,"height":323,"url":"https:\/\/climatetoolkit.org\/wp-content\/uploads\/2024\/09\/image-1.png","type":"image\/png"}],"author":"joe reed","twitter_card":"summary_large_image","twitter_misc":{"Skriven av":"joe reed","Ber\u00e4knad l\u00e4stid":"1 minut"},"schema":{"@context":"https:\/\/schema.org","@graph":[{"@type":"Article","@id":"https:\/\/climatetoolkit.org\/tools-of-transformation-5-an-introduction-to-essence-thinking\/#article","isPartOf":{"@id":"https:\/\/climatetoolkit.org\/tools-of-transformation-5-an-introduction-to-essence-thinking\/"},"author":{"name":"joe reed","@id":"https:\/\/climatetoolkit.org\/#\/schema\/person\/0a315cfe2d4239376531ced9d06c441c"},"headline":"Tools of Transformation 5: An Introduction to Essence Thinking","datePublished":"2025-06-02T16:27:01+00:00","dateModified":"2025-06-18T20:12:32+00:00","mainEntityOfPage":{"@id":"https:\/\/climatetoolkit.org\/tools-of-transformation-5-an-introduction-to-essence-thinking\/"},"wordCount":171,"publisher":{"@id":"https:\/\/climatetoolkit.org\/#organization"},"image":{"@id":"https:\/\/climatetoolkit.org\/tools-of-transformation-5-an-introduction-to-essence-thinking\/#primaryimage"},"thumbnailUrl":"https:\/\/climatetoolkit.org\/wp-content\/uploads\/2024\/09\/image-1.png","keywords":["Tools of Transformation"],"articleSection":["Engagement"],"inLanguage":"sv-SE"},{"@type":"WebPage","@id":"https:\/\/climatetoolkit.org\/tools-of-transformation-5-an-introduction-to-essence-thinking\/","url":"https:\/\/climatetoolkit.org\/tools-of-transformation-5-an-introduction-to-essence-thinking\/","name":"Transformationsverktyg 5: En introduktion till essens-t\u00e4nkande - The Climate Toolkit","isPartOf":{"@id":"https:\/\/climatetoolkit.org\/#website"},"primaryImageOfPage":{"@id":"https:\/\/climatetoolkit.org\/tools-of-transformation-5-an-introduction-to-essence-thinking\/#primaryimage"},"image":{"@id":"https:\/\/climatetoolkit.org\/tools-of-transformation-5-an-introduction-to-essence-thinking\/#primaryimage"},"thumbnailUrl":"https:\/\/climatetoolkit.org\/wp-content\/uploads\/2024\/09\/image-1.png","datePublished":"2025-06-02T16:27:01+00:00","dateModified":"2025-06-18T20:12:32+00:00","breadcrumb":{"@id":"https:\/\/climatetoolkit.org\/tools-of-transformation-5-an-introduction-to-essence-thinking\/#breadcrumb"},"inLanguage":"sv-SE","potentialAction":[{"@type":"ReadAction","target":["https:\/\/climatetoolkit.org\/tools-of-transformation-5-an-introduction-to-essence-thinking\/"]}]},{"@type":"ImageObject","inLanguage":"sv-SE","@id":"https:\/\/climatetoolkit.org\/tools-of-transformation-5-an-introduction-to-essence-thinking\/#primaryimage","url":"https:\/\/climatetoolkit.org\/wp-content\/uploads\/2024\/09\/image-1.png","contentUrl":"https:\/\/climatetoolkit.org\/wp-content\/uploads\/2024\/09\/image-1.png","width":648,"height":323},{"@type":"BreadcrumbList","@id":"https:\/\/climatetoolkit.org\/tools-of-transformation-5-an-introduction-to-essence-thinking\/#breadcrumb","itemListElement":[{"@type":"ListItem","position":1,"name":"Home","item":"https:\/\/climatetoolkit.org\/"},{"@type":"ListItem","position":2,"name":"Tools of Transformation 5: An Introduction to Essence Thinking"}]},{"@type":"WebSite","@id":"https:\/\/climatetoolkit.org\/#website","url":"https:\/\/climatetoolkit.org\/","name":"Verktygsl\u00e5da f\u00f6r klimat","description":"F\u00f6r museer, tr\u00e4dg\u00e5rdar och djurparker","publisher":{"@id":"https:\/\/climatetoolkit.org\/#organization"},"potentialAction":[{"@type":"SearchAction","target":{"@type":"EntryPoint","urlTemplate":"https:\/\/climatetoolkit.org\/?s={search_term_string}"},"query-input":{"@type":"PropertyValueSpecification","valueRequired":true,"valueName":"search_term_string"}}],"inLanguage":"sv-SE"},{"@type":"Organization","@id":"https:\/\/climatetoolkit.org\/#organization","name":"Verktygsl\u00e5da f\u00f6r klimat","url":"https:\/\/climatetoolkit.org\/","logo":{"@type":"ImageObject","inLanguage":"sv-SE","@id":"https:\/\/climatetoolkit.org\/#\/schema\/logo\/image\/","url":"https:\/\/climatetoolkit.org\/wp-content\/uploads\/2020\/05\/C_logo.png","contentUrl":"https:\/\/climatetoolkit.org\/wp-content\/uploads\/2020\/05\/C_logo.png","width":512,"height":512,"caption":"The Climate Toolkit"},"image":{"@id":"https:\/\/climatetoolkit.org\/#\/schema\/logo\/image\/"}},{"@type":"Person","@id":"https:\/\/climatetoolkit.org\/#\/schema\/person\/0a315cfe2d4239376531ced9d06c441c","name":"joe reed","image":{"@type":"ImageObject","inLanguage":"sv-SE","@id":"https:\/\/secure.gravatar.com\/avatar\/472f195403d80a13cf2167242ca383d8b44ece2a427beed29cba86949c90ae13?s=96&d=mm&r=g","url":"https:\/\/secure.gravatar.com\/avatar\/472f195403d80a13cf2167242ca383d8b44ece2a427beed29cba86949c90ae13?s=96&d=mm&r=g","contentUrl":"https:\/\/secure.gravatar.com\/avatar\/472f195403d80a13cf2167242ca383d8b44ece2a427beed29cba86949c90ae13?s=96&d=mm&r=g","caption":"joe reed"}}]}},"author_meta":{"display_name":"joe reed","author_link":"https:\/\/climatetoolkit.org\/sv\/author\/joe\/"},"featured_img":"https:\/\/climatetoolkit.org\/wp-content\/uploads\/2024\/09\/image-1-300x150.png","coauthors":[],"tax_additional":{"categories":{"linked":["<a href=\"https:\/\/climatetoolkit.org\/sv\/blog-category\/engagement\/\" class=\"advgb-post-tax-term\">Engagement<\/a>"],"unlinked":["<span class=\"advgb-post-tax-term\">Engagement<\/span>"]},"tags":{"linked":["<a href=\"https:\/\/climatetoolkit.org\/sv\/blog-category\/engagement\/\" class=\"advgb-post-tax-term\">Tools of Transformation<\/a>"],"unlinked":["<span class=\"advgb-post-tax-term\">Tools of Transformation<\/span>"]}},"comment_count":0,"relative_dates":{"created":"Publicerad 11 m\u00e5nader sedan","modified":"Uppdaterad 10 m\u00e5nader sedan"},"absolute_dates":{"created":"Publicerat den juni 2, 2025","modified":"Uppdaterad den juni 18, 2025"},"absolute_dates_time":{"created":"Publicerat den juni 2, 2025 12:27 e m","modified":"Uppdaterad den juni 18, 2025 4:12 e m"},"featured_img_caption":"","series_order":"","_links":{"self":[{"href":"https:\/\/climatetoolkit.org\/sv\/wp-json\/wp\/v2\/posts\/4473","targetHints":{"allow":["GET"]}}],"collection":[{"href":"https:\/\/climatetoolkit.org\/sv\/wp-json\/wp\/v2\/posts"}],"about":[{"href":"https:\/\/climatetoolkit.org\/sv\/wp-json\/wp\/v2\/types\/post"}],"author":[{"embeddable":true,"href":"https:\/\/climatetoolkit.org\/sv\/wp-json\/wp\/v2\/users\/2"}],"replies":[{"embeddable":true,"href":"https:\/\/climatetoolkit.org\/sv\/wp-json\/wp\/v2\/comments?post=4473"}],"version-history":[{"count":2,"href":"https:\/\/climatetoolkit.org\/sv\/wp-json\/wp\/v2\/posts\/4473\/revisions"}],"predecessor-version":[{"id":4475,"href":"https:\/\/climatetoolkit.org\/sv\/wp-json\/wp\/v2\/posts\/4473\/revisions\/4475"}],"wp:featuredmedia":[{"embeddable":true,"href":"https:\/\/climatetoolkit.org\/sv\/wp-json\/wp\/v2\/media\/3820"}],"wp:attachment":[{"href":"https:\/\/climatetoolkit.org\/sv\/wp-json\/wp\/v2\/media?parent=4473"}],"wp:term":[{"taxonomy":"category","embeddable":true,"href":"https:\/\/climatetoolkit.org\/sv\/wp-json\/wp\/v2\/categories?post=4473"},{"taxonomy":"post_tag","embeddable":true,"href":"https:\/\/climatetoolkit.org\/sv\/wp-json\/wp\/v2\/tags?post=4473"}],"curies":[{"name":"wp","href":"https:\/\/api.w.org\/{rel}","templated":true}]}}