{"id":3370,"date":"2024-06-17T15:02:13","date_gmt":"2024-06-17T19:02:13","guid":{"rendered":"https:\/\/climatetoolkit.org\/?p=3370"},"modified":"2025-06-18T16:12:34","modified_gmt":"2025-06-18T20:12:34","slug":"watch-our-latest-webinar-on-youth-climate-engagement","status":"publish","type":"post","link":"https:\/\/climatetoolkit.org\/sv\/watch-our-latest-webinar-on-youth-climate-engagement\/","title":{"rendered":"Webbinarium 13: Ungdomars engagemang f\u00f6r klimatet"},"content":{"rendered":"<p>Unga m\u00e4nniskor \u00e4r viktiga intressenter i v\u00e5r planets framtid, men de sitter s\u00e4llan med vid bordet. De s\u00f6ker meningsfull f\u00f6r\u00e4ndring, har briljanta id\u00e9er och f\u00f6r samman samh\u00e4llen p\u00e5 ett s\u00e4tt som ingen annan generation tidigare har lyckats med. Som kulturinstitutioner har vi en unik m\u00f6jlighet att hj\u00e4lpa till att st\u00f6dja unga m\u00e4nniskor i deras arbete och l\u00e4ra oss av dem under processen. <\/p>\n\n\n\n<p>Detta webbinarium p\u00e5 en timme inneh\u00e5ller fyra fallstudier av etablerade klimataktionsgrupper f\u00f6r ungdomar p\u00e5 <strong>Naturhistoriska museet i Utah<\/strong>, <strong>Museum f\u00f6r uppt\u00e4ckt och vetenskap<\/strong>, <strong>The Wild Center<\/strong> och <strong>Phipps vintertr\u00e4dg\u00e5rd<\/strong>. Den h\u00e4r gemensamma presentationen lyfter fram exempel p\u00e5 samarbetsprojekt, klimatm\u00f6ten f\u00f6r ungdomar och resurser f\u00f6r att starta en klimataktionsgrupp f\u00f6r ungdomar p\u00e5 din egen institution.<\/p>\n\n\n\n<figure class=\"wp-block-embed is-type-video is-provider-youtube wp-block-embed-youtube wp-embed-aspect-16-9 wp-has-aspect-ratio\"><div class=\"wp-block-embed__wrapper\">\n<iframe title=\"Webbinarium 13 om klimatverktygsl\u00e5dan: &quot;Ungdomars engagemang f\u00f6r klimatet&quot;\" width=\"605\" height=\"340\" src=\"https:\/\/www.youtube.com\/embed\/XG0-fmx1314?feature=oembed\" frameborder=\"0\" allow=\"accelerometer; autoplay; clipboard-write; encrypted-media; gyroscope; picture-in-picture; web-share\" referrerpolicy=\"strict-origin-when-cross-origin\" allowfullscreen><\/iframe>\n<\/div><\/figure>","protected":false},"excerpt":{"rendered":"<p>Unga m\u00e4nniskor \u00e4r viktiga intressenter i v\u00e5r planets framtid, men de sitter s\u00e4llan med vid bordet. De s\u00f6ker meningsfull f\u00f6r\u00e4ndring, har briljanta id\u00e9er och f\u00f6r samman samh\u00e4llen p\u00e5 ett s\u00e4tt som ingen annan generation har lyckats med ...<\/p>\n<p class=\"read-more\"> <a class=\"\" href=\"https:\/\/climatetoolkit.org\/sv\/watch-our-latest-webinar-on-youth-climate-engagement\/\"> <span class=\"screen-reader-text\">Webbinarium 13: Ungdomars engagemang f\u00f6r klimatet<\/span> L\u00e4s mer \"<\/a><\/p>","protected":false},"author":2,"featured_media":3292,"comment_status":"closed","ping_status":"closed","sticky":false,"template":"","format":"standard","meta":{"_acf_changed":false,"inline_featured_image":false,"advgb_blocks_editor_width":"","advgb_blocks_columns_visual_guide":"","footnotes":""},"categories":[179],"tags":[],"class_list":["post-3370","post","type-post","status-publish","format-standard","has-post-thumbnail","hentry","category-engagement"],"acf":[],"yoast_head":"<!-- This site is optimized with the Yoast SEO plugin v27.5 - https:\/\/yoast.com\/product\/yoast-seo-wordpress\/ -->\n<title>Webinar 13: Youth Climate Engagement - The Climate Toolkit<\/title>\n<meta name=\"robots\" content=\"noindex, follow\" \/>\n<meta property=\"og:locale\" content=\"sv_SE\" \/>\n<meta property=\"og:type\" content=\"article\" \/>\n<meta property=\"og:title\" content=\"Webinar 13: Youth Climate Engagement - The Climate Toolkit\" \/>\n<meta property=\"og:description\" content=\"Young people are major stakeholders in the future of our planet, yet they rarely have a seat at the table. They seek meaningful change, have brilliant ideas, and bring communities together in ways that no other generation has been able &hellip; Webinar 13: Youth Climate Engagement L\u00e4s mer &raquo;\" \/>\n<meta property=\"og:url\" content=\"https:\/\/climatetoolkit.org\/sv\/watch-our-latest-webinar-on-youth-climate-engagement\/\" \/>\n<meta property=\"og:site_name\" content=\"The Climate Toolkit\" \/>\n<meta property=\"article:published_time\" content=\"2024-06-17T19:02:13+00:00\" \/>\n<meta property=\"article:modified_time\" content=\"2025-06-18T20:12:34+00:00\" \/>\n<meta property=\"og:image\" content=\"https:\/\/climatetoolkit.org\/wp-content\/uploads\/2021\/07\/Web13_Graphic.jpg\" \/>\n\t<meta property=\"og:image:width\" content=\"1494\" \/>\n\t<meta property=\"og:image:height\" content=\"747\" \/>\n\t<meta property=\"og:image:type\" content=\"image\/jpeg\" \/>\n<meta name=\"author\" content=\"joe reed\" \/>\n<meta name=\"twitter:card\" content=\"summary_large_image\" \/>\n<meta name=\"twitter:label1\" content=\"Skriven av\" \/>\n\t<meta name=\"twitter:data1\" content=\"joe reed\" \/>\n\t<meta name=\"twitter:label2\" content=\"Ber\u00e4knad l\u00e4stid\" \/>\n\t<meta name=\"twitter:data2\" content=\"1 minut\" \/>\n<script type=\"application\/ld+json\" class=\"yoast-schema-graph\">{\"@context\":\"https:\\\/\\\/schema.org\",\"@graph\":[{\"@type\":\"Article\",\"@id\":\"https:\\\/\\\/climatetoolkit.org\\\/watch-our-latest-webinar-on-youth-climate-engagement\\\/#article\",\"isPartOf\":{\"@id\":\"https:\\\/\\\/climatetoolkit.org\\\/watch-our-latest-webinar-on-youth-climate-engagement\\\/\"},\"author\":{\"name\":\"joe reed\",\"@id\":\"https:\\\/\\\/climatetoolkit.org\\\/#\\\/schema\\\/person\\\/0a315cfe2d4239376531ced9d06c441c\"},\"headline\":\"Webinar 13: Youth Climate Engagement\",\"datePublished\":\"2024-06-17T19:02:13+00:00\",\"dateModified\":\"2025-06-18T20:12:34+00:00\",\"mainEntityOfPage\":{\"@id\":\"https:\\\/\\\/climatetoolkit.org\\\/watch-our-latest-webinar-on-youth-climate-engagement\\\/\"},\"wordCount\":129,\"publisher\":{\"@id\":\"https:\\\/\\\/climatetoolkit.org\\\/#organization\"},\"image\":{\"@id\":\"https:\\\/\\\/climatetoolkit.org\\\/watch-our-latest-webinar-on-youth-climate-engagement\\\/#primaryimage\"},\"thumbnailUrl\":\"https:\\\/\\\/climatetoolkit.org\\\/wp-content\\\/uploads\\\/2021\\\/07\\\/Web13_Graphic.jpg\",\"articleSection\":[\"Engagement\"],\"inLanguage\":\"sv-SE\"},{\"@type\":\"WebPage\",\"@id\":\"https:\\\/\\\/climatetoolkit.org\\\/watch-our-latest-webinar-on-youth-climate-engagement\\\/\",\"url\":\"https:\\\/\\\/climatetoolkit.org\\\/watch-our-latest-webinar-on-youth-climate-engagement\\\/\",\"name\":\"Webinar 13: Youth Climate Engagement - The Climate Toolkit\",\"isPartOf\":{\"@id\":\"https:\\\/\\\/climatetoolkit.org\\\/#website\"},\"primaryImageOfPage\":{\"@id\":\"https:\\\/\\\/climatetoolkit.org\\\/watch-our-latest-webinar-on-youth-climate-engagement\\\/#primaryimage\"},\"image\":{\"@id\":\"https:\\\/\\\/climatetoolkit.org\\\/watch-our-latest-webinar-on-youth-climate-engagement\\\/#primaryimage\"},\"thumbnailUrl\":\"https:\\\/\\\/climatetoolkit.org\\\/wp-content\\\/uploads\\\/2021\\\/07\\\/Web13_Graphic.jpg\",\"datePublished\":\"2024-06-17T19:02:13+00:00\",\"dateModified\":\"2025-06-18T20:12:34+00:00\",\"breadcrumb\":{\"@id\":\"https:\\\/\\\/climatetoolkit.org\\\/watch-our-latest-webinar-on-youth-climate-engagement\\\/#breadcrumb\"},\"inLanguage\":\"sv-SE\",\"potentialAction\":[{\"@type\":\"ReadAction\",\"target\":[\"https:\\\/\\\/climatetoolkit.org\\\/watch-our-latest-webinar-on-youth-climate-engagement\\\/\"]}]},{\"@type\":\"ImageObject\",\"inLanguage\":\"sv-SE\",\"@id\":\"https:\\\/\\\/climatetoolkit.org\\\/watch-our-latest-webinar-on-youth-climate-engagement\\\/#primaryimage\",\"url\":\"https:\\\/\\\/climatetoolkit.org\\\/wp-content\\\/uploads\\\/2021\\\/07\\\/Web13_Graphic.jpg\",\"contentUrl\":\"https:\\\/\\\/climatetoolkit.org\\\/wp-content\\\/uploads\\\/2021\\\/07\\\/Web13_Graphic.jpg\",\"width\":1494,\"height\":747},{\"@type\":\"BreadcrumbList\",\"@id\":\"https:\\\/\\\/climatetoolkit.org\\\/watch-our-latest-webinar-on-youth-climate-engagement\\\/#breadcrumb\",\"itemListElement\":[{\"@type\":\"ListItem\",\"position\":1,\"name\":\"Home\",\"item\":\"https:\\\/\\\/climatetoolkit.org\\\/\"},{\"@type\":\"ListItem\",\"position\":2,\"name\":\"Webinar 13: Youth Climate Engagement\"}]},{\"@type\":\"WebSite\",\"@id\":\"https:\\\/\\\/climatetoolkit.org\\\/#website\",\"url\":\"https:\\\/\\\/climatetoolkit.org\\\/\",\"name\":\"The Climate Toolkit\",\"description\":\"For Museums, Gardens and Zoos\",\"publisher\":{\"@id\":\"https:\\\/\\\/climatetoolkit.org\\\/#organization\"},\"potentialAction\":[{\"@type\":\"SearchAction\",\"target\":{\"@type\":\"EntryPoint\",\"urlTemplate\":\"https:\\\/\\\/climatetoolkit.org\\\/?s={search_term_string}\"},\"query-input\":{\"@type\":\"PropertyValueSpecification\",\"valueRequired\":true,\"valueName\":\"search_term_string\"}}],\"inLanguage\":\"sv-SE\"},{\"@type\":\"Organization\",\"@id\":\"https:\\\/\\\/climatetoolkit.org\\\/#organization\",\"name\":\"The Climate Toolkit\",\"url\":\"https:\\\/\\\/climatetoolkit.org\\\/\",\"logo\":{\"@type\":\"ImageObject\",\"inLanguage\":\"sv-SE\",\"@id\":\"https:\\\/\\\/climatetoolkit.org\\\/#\\\/schema\\\/logo\\\/image\\\/\",\"url\":\"https:\\\/\\\/climatetoolkit.org\\\/wp-content\\\/uploads\\\/2020\\\/05\\\/C_logo.png\",\"contentUrl\":\"https:\\\/\\\/climatetoolkit.org\\\/wp-content\\\/uploads\\\/2020\\\/05\\\/C_logo.png\",\"width\":512,\"height\":512,\"caption\":\"The Climate Toolkit\"},\"image\":{\"@id\":\"https:\\\/\\\/climatetoolkit.org\\\/#\\\/schema\\\/logo\\\/image\\\/\"}},{\"@type\":\"Person\",\"@id\":\"https:\\\/\\\/climatetoolkit.org\\\/#\\\/schema\\\/person\\\/0a315cfe2d4239376531ced9d06c441c\",\"name\":\"joe reed\",\"image\":{\"@type\":\"ImageObject\",\"inLanguage\":\"sv-SE\",\"@id\":\"https:\\\/\\\/secure.gravatar.com\\\/avatar\\\/472f195403d80a13cf2167242ca383d8b44ece2a427beed29cba86949c90ae13?s=96&d=mm&r=g\",\"url\":\"https:\\\/\\\/secure.gravatar.com\\\/avatar\\\/472f195403d80a13cf2167242ca383d8b44ece2a427beed29cba86949c90ae13?s=96&d=mm&r=g\",\"contentUrl\":\"https:\\\/\\\/secure.gravatar.com\\\/avatar\\\/472f195403d80a13cf2167242ca383d8b44ece2a427beed29cba86949c90ae13?s=96&d=mm&r=g\",\"caption\":\"joe reed\"}}]}<\/script>\n<!-- \/ Yoast SEO plugin. -->","yoast_head_json":{"title":"Webinar 13: Youth Climate Engagement - The Climate Toolkit","robots":{"index":"noindex","follow":"follow"},"og_locale":"sv_SE","og_type":"article","og_title":"Webinar 13: Youth Climate Engagement - The Climate Toolkit","og_description":"Young people are major stakeholders in the future of our planet, yet they rarely have a seat at the table. They seek meaningful change, have brilliant ideas, and bring communities together in ways that no other generation has been able &hellip; Webinar 13: Youth Climate Engagement L\u00e4s mer &raquo;","og_url":"https:\/\/climatetoolkit.org\/sv\/watch-our-latest-webinar-on-youth-climate-engagement\/","og_site_name":"The Climate Toolkit","article_published_time":"2024-06-17T19:02:13+00:00","article_modified_time":"2025-06-18T20:12:34+00:00","og_image":[{"width":1494,"height":747,"url":"https:\/\/climatetoolkit.org\/wp-content\/uploads\/2021\/07\/Web13_Graphic.jpg","type":"image\/jpeg"}],"author":"joe reed","twitter_card":"summary_large_image","twitter_misc":{"Skriven av":"joe reed","Ber\u00e4knad l\u00e4stid":"1 minut"},"schema":{"@context":"https:\/\/schema.org","@graph":[{"@type":"Article","@id":"https:\/\/climatetoolkit.org\/watch-our-latest-webinar-on-youth-climate-engagement\/#article","isPartOf":{"@id":"https:\/\/climatetoolkit.org\/watch-our-latest-webinar-on-youth-climate-engagement\/"},"author":{"name":"joe reed","@id":"https:\/\/climatetoolkit.org\/#\/schema\/person\/0a315cfe2d4239376531ced9d06c441c"},"headline":"Webinar 13: Youth Climate Engagement","datePublished":"2024-06-17T19:02:13+00:00","dateModified":"2025-06-18T20:12:34+00:00","mainEntityOfPage":{"@id":"https:\/\/climatetoolkit.org\/watch-our-latest-webinar-on-youth-climate-engagement\/"},"wordCount":129,"publisher":{"@id":"https:\/\/climatetoolkit.org\/#organization"},"image":{"@id":"https:\/\/climatetoolkit.org\/watch-our-latest-webinar-on-youth-climate-engagement\/#primaryimage"},"thumbnailUrl":"https:\/\/climatetoolkit.org\/wp-content\/uploads\/2021\/07\/Web13_Graphic.jpg","articleSection":["Engagement"],"inLanguage":"sv-SE"},{"@type":"WebPage","@id":"https:\/\/climatetoolkit.org\/watch-our-latest-webinar-on-youth-climate-engagement\/","url":"https:\/\/climatetoolkit.org\/watch-our-latest-webinar-on-youth-climate-engagement\/","name":"Webinar 13: Youth Climate Engagement - The Climate Toolkit","isPartOf":{"@id":"https:\/\/climatetoolkit.org\/#website"},"primaryImageOfPage":{"@id":"https:\/\/climatetoolkit.org\/watch-our-latest-webinar-on-youth-climate-engagement\/#primaryimage"},"image":{"@id":"https:\/\/climatetoolkit.org\/watch-our-latest-webinar-on-youth-climate-engagement\/#primaryimage"},"thumbnailUrl":"https:\/\/climatetoolkit.org\/wp-content\/uploads\/2021\/07\/Web13_Graphic.jpg","datePublished":"2024-06-17T19:02:13+00:00","dateModified":"2025-06-18T20:12:34+00:00","breadcrumb":{"@id":"https:\/\/climatetoolkit.org\/watch-our-latest-webinar-on-youth-climate-engagement\/#breadcrumb"},"inLanguage":"sv-SE","potentialAction":[{"@type":"ReadAction","target":["https:\/\/climatetoolkit.org\/watch-our-latest-webinar-on-youth-climate-engagement\/"]}]},{"@type":"ImageObject","inLanguage":"sv-SE","@id":"https:\/\/climatetoolkit.org\/watch-our-latest-webinar-on-youth-climate-engagement\/#primaryimage","url":"https:\/\/climatetoolkit.org\/wp-content\/uploads\/2021\/07\/Web13_Graphic.jpg","contentUrl":"https:\/\/climatetoolkit.org\/wp-content\/uploads\/2021\/07\/Web13_Graphic.jpg","width":1494,"height":747},{"@type":"BreadcrumbList","@id":"https:\/\/climatetoolkit.org\/watch-our-latest-webinar-on-youth-climate-engagement\/#breadcrumb","itemListElement":[{"@type":"ListItem","position":1,"name":"Home","item":"https:\/\/climatetoolkit.org\/"},{"@type":"ListItem","position":2,"name":"Webinar 13: Youth Climate Engagement"}]},{"@type":"WebSite","@id":"https:\/\/climatetoolkit.org\/#website","url":"https:\/\/climatetoolkit.org\/","name":"Verktygsl\u00e5da f\u00f6r klimat","description":"F\u00f6r museer, tr\u00e4dg\u00e5rdar och djurparker","publisher":{"@id":"https:\/\/climatetoolkit.org\/#organization"},"potentialAction":[{"@type":"SearchAction","target":{"@type":"EntryPoint","urlTemplate":"https:\/\/climatetoolkit.org\/?s={search_term_string}"},"query-input":{"@type":"PropertyValueSpecification","valueRequired":true,"valueName":"search_term_string"}}],"inLanguage":"sv-SE"},{"@type":"Organization","@id":"https:\/\/climatetoolkit.org\/#organization","name":"Verktygsl\u00e5da f\u00f6r klimat","url":"https:\/\/climatetoolkit.org\/","logo":{"@type":"ImageObject","inLanguage":"sv-SE","@id":"https:\/\/climatetoolkit.org\/#\/schema\/logo\/image\/","url":"https:\/\/climatetoolkit.org\/wp-content\/uploads\/2020\/05\/C_logo.png","contentUrl":"https:\/\/climatetoolkit.org\/wp-content\/uploads\/2020\/05\/C_logo.png","width":512,"height":512,"caption":"The Climate Toolkit"},"image":{"@id":"https:\/\/climatetoolkit.org\/#\/schema\/logo\/image\/"}},{"@type":"Person","@id":"https:\/\/climatetoolkit.org\/#\/schema\/person\/0a315cfe2d4239376531ced9d06c441c","name":"joe reed","image":{"@type":"ImageObject","inLanguage":"sv-SE","@id":"https:\/\/secure.gravatar.com\/avatar\/472f195403d80a13cf2167242ca383d8b44ece2a427beed29cba86949c90ae13?s=96&d=mm&r=g","url":"https:\/\/secure.gravatar.com\/avatar\/472f195403d80a13cf2167242ca383d8b44ece2a427beed29cba86949c90ae13?s=96&d=mm&r=g","contentUrl":"https:\/\/secure.gravatar.com\/avatar\/472f195403d80a13cf2167242ca383d8b44ece2a427beed29cba86949c90ae13?s=96&d=mm&r=g","caption":"joe reed"}}]}},"author_meta":{"display_name":"joe reed","author_link":"https:\/\/climatetoolkit.org\/sv\/author\/joe\/"},"featured_img":"https:\/\/climatetoolkit.org\/wp-content\/uploads\/2021\/07\/Web13_Graphic-300x150.jpg","coauthors":[],"tax_additional":{"categories":{"linked":["<a href=\"https:\/\/climatetoolkit.org\/sv\/blog-category\/engagement\/\" class=\"advgb-post-tax-term\">Engagement<\/a>"],"unlinked":["<span class=\"advgb-post-tax-term\">Engagement<\/span>"]}},"comment_count":0,"relative_dates":{"created":"Publicerad 2 \u00e5r sedan","modified":"Uppdaterad 10 m\u00e5nader sedan"},"absolute_dates":{"created":"Publicerat den juni 17, 2024","modified":"Uppdaterad den juni 18, 2025"},"absolute_dates_time":{"created":"Publicerat den juni 17, 2024 3:02 e m","modified":"Uppdaterad den juni 18, 2025 4:12 e m"},"featured_img_caption":"","series_order":"","_links":{"self":[{"href":"https:\/\/climatetoolkit.org\/sv\/wp-json\/wp\/v2\/posts\/3370","targetHints":{"allow":["GET"]}}],"collection":[{"href":"https:\/\/climatetoolkit.org\/sv\/wp-json\/wp\/v2\/posts"}],"about":[{"href":"https:\/\/climatetoolkit.org\/sv\/wp-json\/wp\/v2\/types\/post"}],"author":[{"embeddable":true,"href":"https:\/\/climatetoolkit.org\/sv\/wp-json\/wp\/v2\/users\/2"}],"replies":[{"embeddable":true,"href":"https:\/\/climatetoolkit.org\/sv\/wp-json\/wp\/v2\/comments?post=3370"}],"version-history":[{"count":1,"href":"https:\/\/climatetoolkit.org\/sv\/wp-json\/wp\/v2\/posts\/3370\/revisions"}],"predecessor-version":[{"id":4494,"href":"https:\/\/climatetoolkit.org\/sv\/wp-json\/wp\/v2\/posts\/3370\/revisions\/4494"}],"wp:featuredmedia":[{"embeddable":true,"href":"https:\/\/climatetoolkit.org\/sv\/wp-json\/wp\/v2\/media\/3292"}],"wp:attachment":[{"href":"https:\/\/climatetoolkit.org\/sv\/wp-json\/wp\/v2\/media?parent=3370"}],"wp:term":[{"taxonomy":"category","embeddable":true,"href":"https:\/\/climatetoolkit.org\/sv\/wp-json\/wp\/v2\/categories?post=3370"},{"taxonomy":"post_tag","embeddable":true,"href":"https:\/\/climatetoolkit.org\/sv\/wp-json\/wp\/v2\/tags?post=3370"}],"curies":[{"name":"wp","href":"https:\/\/api.w.org\/{rel}","templated":true}]}}