{"id":2679,"date":"2023-11-01T11:21:05","date_gmt":"2023-11-01T15:21:05","guid":{"rendered":"https:\/\/climatetoolkit.org\/?p=2679"},"modified":"2025-06-18T16:12:36","modified_gmt":"2025-06-18T20:12:36","slug":"three-dying-trees-bring-together-a-community-in-detroit","status":"publish","type":"post","link":"https:\/\/climatetoolkit.org\/sv\/three-dying-trees-bring-together-a-community-in-detroit\/","title":{"rendered":"Tre d\u00f6ende tr\u00e4d f\u00f6r samman ett samh\u00e4lle i Detroit"},"content":{"rendered":"<h2 class=\"wp-block-heading\">En intervju med Charles H. Wright Museum of African American History.<\/h2>\n\n\n\n<p><em>\u00c5r 2018 uppt\u00e4ckte Charles H. Wright Museum of African American History tre d\u00f6ende Zelkova-tr\u00e4d p\u00e5 sitt campus i Detroit, Michigan. Tr\u00e4den var markerade f\u00f6r borttagning och avsedda att komposteras. Men 2019, som en del av sitt uppdrag att vara en institution utan avfall, inledde museet ett samarbete med College for Creative Studies (CCS) f\u00f6r att ist\u00e4llet sk\u00f6rda virket f\u00f6r kreativt historieber\u00e4ttande. Den f\u00f6rsta fr\u00e5gan som uppstod var hur tv\u00e5 grannar - ett museum och en h\u00f6gskola f\u00f6r konst och design - kan skapa ett prejudikat f\u00f6r kreativa metoder f\u00f6r klimat\u00e5tg\u00e4rder och klimatr\u00e4ttvisa i samh\u00e4llet? <\/em><\/p>\n\n\n\n<p><em>The Climate Toolkit fick chansen att intervjua de kreativa krafterna bakom <\/em><a href=\"https:\/\/www.dtree.me\/\"><strong><em>d<\/em><\/strong><em>.Tree Studio-projekt och utst\u00e4llning<\/em><\/a><em>.<\/em><\/p>\n\n\n\n<p><strong>VERKTYGSL\u00c5DA F\u00d6R KLIMAT:<\/strong><br>Tack s\u00e5 mycket f\u00f6r att ni sammankallat oss idag. Innan vi s\u00e4tter ig\u00e5ng, kan vi g\u00e5 runt i cirkeln och ge en snabb presentationsrunda?<\/p>\n\n\n\n<p><strong>LESLIE TOM:<\/strong><br>Visst. Jag heter Leslie Tom. Jag \u00e4r Chief Sustainability Officer p\u00e5 Charles H. Wright Museum of African American History. Jag har varit h\u00e4r i \u00e5tta \u00e5r.<\/p>\n\n\n\n<p><strong>ACKEEM SALMON:<\/strong><br>Mitt namn \u00e4r Ackeem Salmon. Jag \u00e4r forsknings- och designspecialist p\u00e5 h\u00e5llbarhetsavdelningen p\u00e5 The Wright Museum. Jag \u00e4r ocks\u00e5 en alumn fr\u00e5n College for Creative Studies, s\u00e5 jag kan tala om dubbelheten mellan de b\u00e5da platserna.<\/p>\n\n\n\n<p><strong>IAN LAMBERT:<\/strong><br>Jag heter Ian Lambert. Jag \u00e4r dekanus f\u00f6r forskarutbildning och forskning h\u00e4r p\u00e5 CCS. Jag har varit h\u00e4r i ungef\u00e4r fyra \u00e5r. Innan dess var jag i Storbritannien. Jag b\u00f6rjade mitt liv som m\u00f6beldesigner och m\u00f6beltillverkare, men 30 \u00e5r senare \u00e4r jag nu specialiserad p\u00e5 h\u00e5llbarhet och design samt design f\u00f6r klimat\u00e5tg\u00e4rder.<\/p>\n\n\n\n<p><strong>VERKTYGSL\u00c5DA F\u00d6R KLIMAT:<\/strong><br>Utm\u00e4rkt. Det \u00e4r trevligt att tr\u00e4ffa er alla. Kan vi b\u00f6rja med att ge en allm\u00e4n \u00f6versikt \u00f6ver The Wright Museums h\u00e5llbarhetsinitiativ och museets \u00e5tagande att \"<a href=\"https:\/\/www.thewright.org\/about\/sustainability\/initiatives\">Att g\u00f6ra det osynliga synligt<\/a>\"?<\/p>\n\n\n\n<p class=\"has-text-align-left\"><strong>LESLIE TOM:<\/strong><br>Ja, det \u00e4r en bra fr\u00e5ga. Wright Museum b\u00f6rjade titta p\u00e5 h\u00e5llbarhet 2014 n\u00e4r Wayne State University kontaktade dem med en <a href=\"https:\/\/detroitfellows.wayne.edu\/\">M\u00f6jlighet till stipendium f\u00f6r revitalisering av Detroit<\/a>. Vid den tidpunkten var v\u00e5r VD inspirerad att anst\u00e4lla en h\u00e5llbarhetsansvarig. S\u00e5 f\u00f6r att g\u00f6ra en l\u00e5ng historia kort \u00e4r det s\u00e5 jag hamnade h\u00e4r. Min bakgrund, antar jag, som arkitekt och UX user experience designer tvingade oss att fundera \u00f6ver hur vi definierade vad h\u00e5llbarhet inneb\u00e4r p\u00e5 museet. N\u00e4r jag f\u00f6rst kom hit b\u00f6rjade vi minska energif\u00f6rbrukningen - vi satte in <a href=\"https:\/\/www.energystar.gov\/products\/low_carbon_it_campaign\/12_ways_save_energy_data_center\/variable_speed_fan_drives\">variabla fl\u00e4ktmotorer<\/a>som till exempel gjorde att v\u00e5ra motorer inte gick dygnet runt och minskade v\u00e5r energif\u00f6rbrukning med $30.000 f\u00f6rsta \u00e5ret. Men allt detta var v\u00e4ldigt osynligt eftersom det ligger bakom de mekaniska systemen och v\u00e4ggarna. <strong>Vi ins\u00e5g att vi som museum har en m\u00f6jlighet att hj\u00e4lpa till att ge m\u00e4nniskor upplevelser kring v\u00e5r milj\u00f6v\u00e4rld.<\/strong><\/p>\n\n\n<div class=\"wp-block-image\">\n<figure class=\"aligncenter size-large\"><img decoding=\"async\" width=\"1024\" height=\"683\" src=\"https:\/\/climatetoolkit.org\/wp-content\/uploads\/2023\/11\/MG_8924-XL-63-1024x683.jpg\" alt=\"\" class=\"wp-image-2699\" srcset=\"https:\/\/climatetoolkit.org\/wp-content\/uploads\/2023\/11\/MG_8924-XL-63-1024x683.jpg 1024w, https:\/\/climatetoolkit.org\/wp-content\/uploads\/2023\/11\/MG_8924-XL-63-300x200.jpg 300w, https:\/\/climatetoolkit.org\/wp-content\/uploads\/2023\/11\/MG_8924-XL-63-768x512.jpg 768w, https:\/\/climatetoolkit.org\/wp-content\/uploads\/2023\/11\/MG_8924-XL-63-1536x1025.jpg 1536w, https:\/\/climatetoolkit.org\/wp-content\/uploads\/2023\/11\/MG_8924-XL-63-100x67.jpg 100w, https:\/\/climatetoolkit.org\/wp-content\/uploads\/2023\/11\/MG_8924-XL-63-150x100.jpg 150w, https:\/\/climatetoolkit.org\/wp-content\/uploads\/2023\/11\/MG_8924-XL-63-200x133.jpg 200w, https:\/\/climatetoolkit.org\/wp-content\/uploads\/2023\/11\/MG_8924-XL-63-450x300.jpg 450w, https:\/\/climatetoolkit.org\/wp-content\/uploads\/2023\/11\/MG_8924-XL-63-600x400.jpg 600w, https:\/\/climatetoolkit.org\/wp-content\/uploads\/2023\/11\/MG_8924-XL-63-900x600.jpg 900w, https:\/\/climatetoolkit.org\/wp-content\/uploads\/2023\/11\/MG_8924-XL-63.jpg 2048w\" sizes=\"(max-width: 1024px) 100vw, 1024px\" \/><\/figure>\n<\/div>\n\n\n<p><strong>LESLIE TOM:<\/strong><br>Samtidigt arbetade jag ocks\u00e5 med att installera <a href=\"https:\/\/www.epa.gov\/green-infrastructure\/what-green-infrastructure\">gr\u00f6n dagvatteninfrastruktur<\/a> - ett enormt projekt som nu h\u00e5ller 19 000 liter dagvatten p\u00e5 v\u00e5r plats. Jag arbetade med r\u00f6ster fr\u00e5n lokalsamh\u00e4llet och vi kunde bygga en 70 meter l\u00e5ng Sankofa, en Adinkra-symbol som f\u00f6rest\u00e4ller en f\u00e5gel och visar att vi kan se tillbaka p\u00e5 historien innan vi g\u00e5r vidare. Och bara den erfarenheten av att g\u00f6ra dessa infrastrukturer lite mer synliga f\u00f6r allm\u00e4nheten var verkligen tillfredsst\u00e4llande och en m\u00f6jlighet. Museets styrelse och f\u00f6rvaltare har nu antagit h\u00e5llbara system som ett av de viktigaste m\u00e5len f\u00f6r institutionen. Och genom den erfarenheten kan alla v\u00e5ra olika avdelningar nu fokusera p\u00e5 att g\u00f6ra den osynliga h\u00e5llbarheten i v\u00e5ra system lite mer synlig.<\/p>\n\n\n\n<p><strong>VERKTYGSL\u00c5DA F\u00d6R KLIMAT:<\/strong><br>Det \u00e4r s\u00e5 betydelsefullt n\u00e4r man f\u00e5r ledarskapets st\u00f6d p\u00e5 en s\u00e5dan niv\u00e5 att man faktiskt kan anta h\u00e5llbarhet som en av museets grundl\u00e4ggande principer. S\u00e5, ber\u00e4tta f\u00f6r mig om <strong>d<\/strong>.Tree Studio Project och hur det kom till st\u00e5nd. <\/p>\n\n\n\n<p><strong>IAN LAMBERT:<\/strong><br>Wright-museet hade tre d\u00f6ende <em>Zelkova<\/em> tr\u00e4d p\u00e5 deras campus. Jag mindes ett projekt vid den botaniska tr\u00e4dg\u00e5rden i Edinburgh d\u00e4r en <em>Wych Elm<\/em> tr\u00e4d hade f\u00e4llts och 25 konstn\u00e4rer hade f\u00e5tt g\u00f6ra vad de ville med det. Och de skapade en m\u00e4ngd olika mycket fina artefakter. Vad skulle vi d\u00e5 g\u00f6ra n\u00e4r ett museum m\u00f6ter en konstskola med de h\u00e4r tr\u00e4den? Var det en annan historia? Sj\u00e4lvklart ville vi lyfta fram en ber\u00e4ttelse om h\u00e5llbarhet - men jag tror att vi gick mycket djupare \u00e4n s\u00e5, med tanke p\u00e5 Wright-museets viktiga uppdrag, och att vi hade m\u00f6jlighet att skapa artefakter med en inbyggd ber\u00e4ttelse om <a href=\"https:\/\/climatejusticealliance.org\/\">fr\u00e5gor som r\u00f6r social r\u00e4ttvisa och klimatr\u00e4ttvisa<\/a>och tittar p\u00e5 den afroamerikanska upplevelsen i Detroit.<\/p>\n\n\n<div class=\"wp-block-image\">\n<figure class=\"aligncenter size-large is-resized\"><img decoding=\"async\" width=\"1024\" height=\"576\" src=\"https:\/\/climatetoolkit.org\/wp-content\/uploads\/2023\/11\/dtree1-1024x576.jpg\" alt=\"\" class=\"wp-image-2684\" style=\"aspect-ratio:1.7777777777777777;width:729px;height:auto\" srcset=\"https:\/\/climatetoolkit.org\/wp-content\/uploads\/2023\/11\/dtree1-1024x576.jpg 1024w, https:\/\/climatetoolkit.org\/wp-content\/uploads\/2023\/11\/dtree1-300x169.jpg 300w, https:\/\/climatetoolkit.org\/wp-content\/uploads\/2023\/11\/dtree1-768x432.jpg 768w, https:\/\/climatetoolkit.org\/wp-content\/uploads\/2023\/11\/dtree1-100x56.jpg 100w, https:\/\/climatetoolkit.org\/wp-content\/uploads\/2023\/11\/dtree1-150x84.jpg 150w, https:\/\/climatetoolkit.org\/wp-content\/uploads\/2023\/11\/dtree1-200x112.jpg 200w, https:\/\/climatetoolkit.org\/wp-content\/uploads\/2023\/11\/dtree1-450x253.jpg 450w, https:\/\/climatetoolkit.org\/wp-content\/uploads\/2023\/11\/dtree1-600x337.jpg 600w, https:\/\/climatetoolkit.org\/wp-content\/uploads\/2023\/11\/dtree1-900x506.jpg 900w, https:\/\/climatetoolkit.org\/wp-content\/uploads\/2023\/11\/dtree1.jpg 1430w\" sizes=\"(max-width: 1024px) 100vw, 1024px\" \/><\/figure>\n<\/div>\n\n\n<p><strong>VERKTYGSL\u00c5DA F\u00d6R KLIMAT:<\/strong><br>Hur s\u00e5g den kreativa samarbetsprocessen ut mellan The Wright Museum och College for Creative Studies?<\/p>\n\n\n\n<p><strong>ACKEEM SALMON:<\/strong><br>Samarbetet mellan The Wright Museum och College for Creative Studies hade en djupg\u00e5ende dubbelhet som gjorde det m\u00f6jligt f\u00f6r sammanhanget med historia och det f\u00f6rflutna och alla aspekter av forskning att skapa ett mer metaforiskt s\u00e4tt att s\u00e4ga: \"Vad s\u00e5g tr\u00e4den?\" S\u00e5 att kunna kontextualisera, okej, tr\u00e4den har sett utvecklingen av alla dessa generationer av m\u00e4nniskor genom \u00e5ren fr\u00e5n <a href=\"https:\/\/native-land.ca\/\">Anishinaabe-stammar<\/a> till kontextualiseringen till afrikansk materiell kultur. Och sedan i efterhand, n\u00e4r vi tittar p\u00e5 designt\u00e4nkande och studenter. Det finns tv\u00e5 delar i projektet som jag var involverad i. Den f\u00f6rsta komponenten var 2021 - det h\u00e4r var slipningsdelen av att f\u00e5 kursen tillsammans. Den andra komponenten var meditationen, som betonades genom produktionen av en fem minuter l\u00e5ng film. Meditationen blev en nyckelkomponent som v\u00e4vde samman tr\u00e5den med det som finns som designt\u00e4nkande, men ocks\u00e5 avsiktligt skapande. Och det var i den bem\u00e4rkelsen jag kunde arbeta med Wright Museum - och Leslie specifikt - och se till att alla dessa avsiktligheter f\u00f6r att verkligen hedra fr\u00e5gan \"Vad s\u00e5g tr\u00e4den?\" kunde samexistera med att g\u00f6ra denna konstregisserade storyboard i samband med staden Detroit. Att vara \u00e4rlig \u00e4ven om den ber\u00e4ttelsen och fr\u00e5ga: Vilka \u00e4r egentligen h\u00f6jdpunkterna med att bo i staden, liksom l\u00e5gpunkterna? Och hur hedrar vi framtiden?<\/p>\n\n\n<div class=\"wp-block-image\">\n<figure class=\"aligncenter size-large\"><img decoding=\"async\" width=\"1024\" height=\"576\" src=\"https:\/\/climatetoolkit.org\/wp-content\/uploads\/2023\/11\/dtree2-1024x576.jpg\" alt=\"\" class=\"wp-image-2685\" srcset=\"https:\/\/climatetoolkit.org\/wp-content\/uploads\/2023\/11\/dtree2-1024x576.jpg 1024w, https:\/\/climatetoolkit.org\/wp-content\/uploads\/2023\/11\/dtree2-300x169.jpg 300w, https:\/\/climatetoolkit.org\/wp-content\/uploads\/2023\/11\/dtree2-768x432.jpg 768w, https:\/\/climatetoolkit.org\/wp-content\/uploads\/2023\/11\/dtree2-100x56.jpg 100w, https:\/\/climatetoolkit.org\/wp-content\/uploads\/2023\/11\/dtree2-150x84.jpg 150w, https:\/\/climatetoolkit.org\/wp-content\/uploads\/2023\/11\/dtree2-200x112.jpg 200w, https:\/\/climatetoolkit.org\/wp-content\/uploads\/2023\/11\/dtree2-450x253.jpg 450w, https:\/\/climatetoolkit.org\/wp-content\/uploads\/2023\/11\/dtree2-600x337.jpg 600w, https:\/\/climatetoolkit.org\/wp-content\/uploads\/2023\/11\/dtree2-900x506.jpg 900w, https:\/\/climatetoolkit.org\/wp-content\/uploads\/2023\/11\/dtree2.jpg 1430w\" sizes=\"(max-width: 1024px) 100vw, 1024px\" \/><\/figure>\n<\/div>\n\n\n<p><strong>IAN LAMBERT:<\/strong><br>Vi ins\u00e5g att det var en f\u00f6ruts\u00e4ttning f\u00f6r att projektet skulle bli framg\u00e5ngsrikt, <strong>d<\/strong>.Tree kunde inte bara best\u00e5 av CCS-studenter. F\u00f6r att f\u00e5 en mer autentisk upplevelse av Detroit skapade vi sju fulla stipendier f\u00f6r att konstn\u00e4rer och skapare fr\u00e5n Detroit skulle kunna delta i klassen. De var antingen tvungna att komma fr\u00e5n Detroit, Hamtramck eller Highland Park och ha bott i omr\u00e5det i minst tre \u00e5r. De sju stipendiaternas bidrag var ov\u00e4rderligt f\u00f6r projektet eftersom de utgjorde en motpol till CCS-eleverna i klassen. De totalt 12 studenterna arbetade som ett slags atelj\u00e9 - en kreativ grupp d\u00e4r alla driver sina egna individuella projekt, men samtidigt tar del av varandras id\u00e9er och arbetar tillsammans mot ett gemensamt m\u00e5l. Och det gav upphov till dessa underbara f\u00f6rem\u00e5l. I det f\u00f6rsta fallet experimenterade studenterna. I det andra fallet formulerade de en id\u00e9. Och i det tredje fallet var det genomf\u00f6randet av projektet.<\/p>\n\n\n\n<p><strong>ACKEEM SALMON:<\/strong><br>Det som var riktigt bra var att finansieringen som gick till projektet delades mellan de b\u00e5da institutionerna. Vi kunde anst\u00e4lla studenter som praktikanter direkt fr\u00e5n CCS. Det fanns \u00e4ven andra konstn\u00e4rer i staden som anst\u00e4lldes, tillsammans med medlemmar fr\u00e5n The Wright Museum som hade sin fulla hand med i det. Det var ett m\u00e5ngsidigt \u00f6verfl\u00f6d av kunskap och sammanhang. Fr\u00e5n meditationsprocessen och kontextualiseringen till nu n\u00e4r vi har utst\u00e4llningen; d\u00e4r vi kunde dela upp finansieringen mellan institutionerna och anst\u00e4lla dessa konstn\u00e4rer lokalt, anst\u00e4lla studenter som praktikanter. Nu n\u00e4r jag formellt \u00e4r en del av The Wright Museum kunde jag avsiktligt anv\u00e4nda b\u00e5da mina erfarenheter f\u00f6r att underl\u00e4tta v\u00e5ra studenters behov av designspr\u00e5k. Det \u00e4r detta vi m\u00e5ste s\u00e4tta in i sitt sammanhang f\u00f6r att se till att dessa fem \u00e5r av forskning, utveckling och utforskning blev en sammanh\u00e4ngande ber\u00e4ttelse i ett och samma rum, vilket \u00e4r <strong>d<\/strong>.Tree-utst\u00e4llningen som vi har idag. <strong>Och det var alla h\u00e4nder som arbetade med det, det vill s\u00e4ga samarbetsprocessen, som gjorde det till ett s\u00e5 framg\u00e5ngsrikt resultat eller tillf\u00e4lle.<\/strong><\/p>\n\n\n<div class=\"wp-block-image\">\n<figure class=\"aligncenter size-large is-resized\"><img decoding=\"async\" width=\"1024\" height=\"576\" src=\"https:\/\/climatetoolkit.org\/wp-content\/uploads\/2023\/11\/dtree3-1024x576.jpg\" alt=\"\" class=\"wp-image-2686\" style=\"aspect-ratio:1.7777777777777777;width:729px;height:auto\" srcset=\"https:\/\/climatetoolkit.org\/wp-content\/uploads\/2023\/11\/dtree3-1024x576.jpg 1024w, https:\/\/climatetoolkit.org\/wp-content\/uploads\/2023\/11\/dtree3-300x169.jpg 300w, https:\/\/climatetoolkit.org\/wp-content\/uploads\/2023\/11\/dtree3-768x432.jpg 768w, https:\/\/climatetoolkit.org\/wp-content\/uploads\/2023\/11\/dtree3-100x56.jpg 100w, https:\/\/climatetoolkit.org\/wp-content\/uploads\/2023\/11\/dtree3-150x84.jpg 150w, https:\/\/climatetoolkit.org\/wp-content\/uploads\/2023\/11\/dtree3-200x112.jpg 200w, https:\/\/climatetoolkit.org\/wp-content\/uploads\/2023\/11\/dtree3-450x253.jpg 450w, https:\/\/climatetoolkit.org\/wp-content\/uploads\/2023\/11\/dtree3-600x337.jpg 600w, https:\/\/climatetoolkit.org\/wp-content\/uploads\/2023\/11\/dtree3-900x506.jpg 900w, https:\/\/climatetoolkit.org\/wp-content\/uploads\/2023\/11\/dtree3.jpg 1430w\" sizes=\"(max-width: 1024px) 100vw, 1024px\" \/><\/figure>\n<\/div>\n\n\n<p><strong>IAN LAMBERT:<\/strong><br>Projektet kulminerade med en utst\u00e4llning p\u00e5 Center Gallery i College, som ligger i en byggnad som tidigare var Wright Museum. Efter\u00e5t hade vi flera sammankomster med ledande befattningshavare fr\u00e5n b\u00e5de college och museum. Det ledde till en andra utst\u00e4llning, som f\u00f6r n\u00e4rvarande visas p\u00e5 The Wright Museum, och som jag tror har gett oss m\u00f6jlighet att g\u00e5 in p\u00e5 en mycket djupare niv\u00e5 av reflektion \u00f6ver vad vi faktiskt \u00e5stadkom. Den andra utst\u00e4llningen har en produktionsniv\u00e5 med mycket h\u00f6gre kvalitet, och jag tycker att tolkningsdjupet och ber\u00e4ttelsen i den h\u00e4r utst\u00e4llningen \u00e4r mycket rikare. Efter att ha haft m\u00f6jlighet att se tillbaka och ta in andra m\u00e4nniskor kunde vi ber\u00e4tta den historien p\u00e5 ett mycket mer definierat s\u00e4tt. Leslie och jag hade redan <a href=\"https:\/\/thewright-my.sharepoint.com\/personal\/ltom_thewright_org\/_layouts\/15\/onedrive.aspx?id=%2Fpersonal%2Fltom%5Fthewright%5Forg%2FDocuments%2F1%20Pagers%2F2024%20%2D%201%20Pagers%2F07%20July%20%2D%20CHW%20Tree%20Project%2FPublic%20%2D%20d%2ETree%20G%2DDrive%20%28View%20Only%20w%5Flink%29%2F%5F%5FDeliverables%2F2022%5FDeliverables%20%28Cumulus%20Presentation%2C%20ISSIP%20Award%29%2Fcumulus%20conference%20Nov%202%2D4%2C%202022%2F275%20Lambert%20and%20Tom%2Epdf&amp;parent=%2Fpersonal%2Fltom%5Fthewright%5Forg%2FDocuments%2F1%20Pagers%2F2024%20%2D%201%20Pagers%2F07%20July%20%2D%20CHW%20Tree%20Project%2FPublic%20%2D%20d%2ETree%20G%2DDrive%20%28View%20Only%20w%5Flink%29%2F%5F%5FDeliverables%2F2022%5FDeliverables%20%28Cumulus%20Presentation%2C%20ISSIP%20Award%29%2Fcumulus%20conference%20Nov%202%2D4%2C%202022&amp;ga=1\">skrivit och publicerat en akademisk uppsats<\/a> som vi presenterade p\u00e5 Cumulus-konferensen f\u00f6rra \u00e5ret. Vi hade ocks\u00e5 vunnit ett internationellt pris f\u00f6r servicedesign f\u00f6r <a href=\"https:\/\/issip.org\/issip-2023-excellence-in-service-innovation-awards\/\">\"Impact to Society\" fr\u00e5n International Society of Service Innovation Professionals<\/a> vilket vi \u00e4r mycket stolta \u00f6ver. Vi \u00e4r verkligen inte den f\u00f6rsta gruppen m\u00e4nniskor som tar ett f\u00e4llt tr\u00e4d och s\u00e4ger: \"L\u00e5t oss f\u00f6rvandla det till ber\u00e4ttande objekt\". Jag k\u00e4nner dock inte till n\u00e5got exempel p\u00e5 att ett museum med en mycket stark social historia och ett uppdrag f\u00f6r social r\u00e4ttvisa har samarbetat med en konstskola p\u00e5 det h\u00e4r s\u00e4ttet.<\/p>\n\n\n\n<p><strong>VERKTYGSL\u00c5DA F\u00d6R KLIMAT:<\/strong><br>Du n\u00e4mnde att en av de viktigaste delarna i detta projekt och denna utst\u00e4llning var att ber\u00e4tta <em>sant<\/em> Detroits historia. Kan du prata lite f\u00f6r v\u00e5r bredare publik om n\u00e5gra av de mest angel\u00e4gna klimatfr\u00e5gorna som Detroit-samh\u00e4llet har att g\u00f6ra med just nu?<\/p>\n\n\n\n<p><strong>LESLIE TOM:<\/strong><br>Det finns en sv\u00e5r kontextuell relation kring tr\u00e4d eftersom tr\u00e4d inte har tagits om hand p\u00e5 ett typiskt s\u00e4tt i Detroit. Det som verkade vara en perfekt m\u00f6jlighet f\u00f6r Wright Museum var att samarbeta med n\u00e5gra av de personer som faktiskt arbetar med tr\u00e4dprojekt i Detroit. F\u00f6r n\u00e4stan exakt ett \u00e5r sedan undertecknade borgm\u00e4staren i Detroit, Mike Duggan, ett <a href=\"https:\/\/www.americanforests.org\/article\/detroit-tree-equity-partnership\/\">Detroit Tree Equity Partnerskap med American Forests<\/a> att plantera 75.000 tr\u00e4d, skapa 300 nya jobb och s\u00e4kra $30 miljoner i investeringar f\u00f6r Detroits stadsdelar. Vi arbetar ocks\u00e5 med <a href=\"https:\/\/www.canr.msu.edu\/news\/msu-extension-partnership-receives-usda-funding-to-expand-urban-orcharding-in-detroit\">Michigan State Universitys initiativ f\u00f6r frukttr\u00e4d<\/a> att ut\u00f6ka den urbana fruktodlingen i staden. Och <a href=\"https:\/\/www.greeningofdetroit.com\">F\u00f6rgr\u00f6ning av Detroit<\/a> f\u00f6r att koppla bes\u00f6kare till tr\u00e4dplanteringar och program f\u00f6r utveckling av arbetskraften. Detroit sj\u00e4lvt har \u00f6ver 1400 urbana tr\u00e4dg\u00e5rdar, vilket \u00e4r mer \u00e4n n\u00e5gon annan stad. Och s\u00e5 v\u00e5ra partners som Ian Lambert, som utvecklar klimatarbete inom College for Creative Studies och arbetar med att dra i tr\u00e5darna f\u00f6r hur man kan koppla samman klimatfr\u00e5gor med allm\u00e4nheten. S\u00e5 det k\u00e4nns sp\u00e4nnande att ha den h\u00e4r relationen och det h\u00e4r partnerskapet b\u00e5de fysiskt med v\u00e5ra grannar och i det utrymme d\u00e4r vi f\u00f6ljer n\u00e5gra av staden Detroits h\u00e5llbara <a href=\"https:\/\/detroitmi.gov\/departments\/general-services-department\/office-sustainability\/sustainability-action-agenda\">Handlingsplan<\/a> initiativ tillsammans.<\/p>\n\n\n\n<p><strong>IAN LAMBERT:<\/strong><br>Jag blev verkligen tagen av orden fr\u00e5n Anika Goss - VD f\u00f6r <a href=\"https:\/\/detroitfuturecity.com\/\">Detroits framtida stad<\/a> - n\u00e4r hon talade vid <strong><a href=\"https:\/\/cumulusdetroit2022.org\/\">Cumulus konferens \"Design f\u00f6r anpassning<\/a><\/strong> redan i november f\u00f6rra \u00e5ret: \"Klimatp\u00e5verkan g\u00f6r st\u00f6rst skada i de stadsdelar som \u00e4r fattigast och brunast.\" Det tar upp begreppet tr\u00e4dkapital. Det kan tyckas uppenbart, men tr\u00e4d skapar v\u00e4lst\u00e5nd i vissa omr\u00e5den. S\u00e5 om du g\u00e5r in i de rikare omr\u00e5dena i Detroit ser du massor av tr\u00e4d; och om du g\u00e5r in i de fattigare omr\u00e5dena kanske du ocks\u00e5 ser tr\u00e4d, men de v\u00e4xer liksom ut genom \u00f6vergivna hus. Det finns ett samband mellan friska tr\u00e4dkronor och en h\u00e4lsosam livsstil. Jag tycker att kopplingen mellan tr\u00e4d och r\u00e4ttvisa \u00e4r superstark. Men Detroit har ocks\u00e5 huggit ner mellan 10 000 och 20 000 tr\u00e4d per \u00e5r. En del av dessa kan vara sm\u00e5 tr\u00e4d, men de \u00e4r \u00e4nd\u00e5 tr\u00e4d. Det p\u00e5g\u00e5r nu en kampanj f\u00f6r \u00e5terplantering av tr\u00e4d i Detroit, som ett erk\u00e4nnande av sambandet mellan tr\u00e4d och stadens h\u00e4lsa.<\/p>\n\n\n<div class=\"wp-block-image\">\n<figure class=\"aligncenter size-full\"><img decoding=\"async\" width=\"1000\" height=\"562\" src=\"https:\/\/climatetoolkit.org\/wp-content\/uploads\/2023\/11\/dtree4.png\" alt=\"\" class=\"wp-image-2692\" srcset=\"https:\/\/climatetoolkit.org\/wp-content\/uploads\/2023\/11\/dtree4.png 1000w, https:\/\/climatetoolkit.org\/wp-content\/uploads\/2023\/11\/dtree4-300x169.png 300w, https:\/\/climatetoolkit.org\/wp-content\/uploads\/2023\/11\/dtree4-768x432.png 768w, https:\/\/climatetoolkit.org\/wp-content\/uploads\/2023\/11\/dtree4-100x56.png 100w, https:\/\/climatetoolkit.org\/wp-content\/uploads\/2023\/11\/dtree4-150x84.png 150w, https:\/\/climatetoolkit.org\/wp-content\/uploads\/2023\/11\/dtree4-200x112.png 200w, https:\/\/climatetoolkit.org\/wp-content\/uploads\/2023\/11\/dtree4-450x253.png 450w, https:\/\/climatetoolkit.org\/wp-content\/uploads\/2023\/11\/dtree4-600x337.png 600w, https:\/\/climatetoolkit.org\/wp-content\/uploads\/2023\/11\/dtree4-900x506.png 900w\" sizes=\"(max-width: 1000px) 100vw, 1000px\" \/><\/figure>\n<\/div>\n\n\n<p><strong>VERKTYGSL\u00c5DA F\u00d6R KLIMAT:<\/strong><br>Det verkar som om <strong>d<\/strong>Tree-projektet ber\u00f6r flera aspekter av klimatm\u00e4ssig h\u00e5llbarhet, inklusive social r\u00e4ttvisa, avledning av avfallsstr\u00f6mmar, r\u00e4ttvisa i urbana samh\u00e4llen och kontextualisering av ber\u00e4ttelser om klimatf\u00f6r\u00e4ndringar. S\u00e5 det h\u00e4r \u00e4r en tv\u00e5delad fr\u00e5ga: Hur kan konst och museer spela en central roll n\u00e4r det g\u00e4ller att omforma klimatbudskap kring dessa \u00e4mnen? Och vilka typer av positiva klimat\u00e5tg\u00e4rder hoppas du kommer att inspireras av interaktionen med <strong>d<\/strong>...tr\u00e4dutst\u00e4llning?<\/p>\n\n\n\n<p><strong>JAG \u00c4R LAMBERT:<\/strong><br>Historiskt sett har museer varit pelaren i den gemensamma ber\u00e4ttelsen, vilket tyder p\u00e5 s\u00e4tt att vara eller s\u00e4tt att t\u00e4nka. S\u00e5, s\u00e4rskilt i samband med klimat\u00e5tg\u00e4rder och den roll som museet spelar, tar det dessa fr\u00e5gor i sin programmatiska framkant d\u00e4r samh\u00e4llet f\u00f6rs in i vikten av klimat\u00e5tg\u00e4rder. Att till exempel g\u00f6ra utst\u00e4llningar som dessa och samarbeta i s\u00e5 h\u00e4r stor skala inom dessa tv\u00e5 framst\u00e5ende institutioner - det b\u00f6rjar driva p\u00e5 samtalet om vad samh\u00e4llet g\u00f6r f\u00f6r att vidta \u00e5tg\u00e4rder. Som konstn\u00e4rer \u00e4r det d\u00e4r vi kan ta de h\u00e4r mer abstrakta koncepten. N\u00e4r vi st\u00e4ller fr\u00e5gan \"Vad s\u00e5g tr\u00e4det?\" \u00e4r det poetiskt, men samtidigt n\u00f6dv\u00e4ndigt eftersom det \u00e4r den m\u00e4nskliga aspekten av sammanhang och klimat\u00e5tg\u00e4rder. Hur kan vi se det mer som en m\u00e4nsklig fr\u00e5ga \u00e4n som en fr\u00e5ga om data och systematiskt t\u00e4nkande som inte leder vidare till faktiska m\u00e4nskliga \u00e5tg\u00e4rder?<\/p>\n\n\n\n<p><strong>LESLIE TOM:<\/strong><br>V\u00e5r styrelse uppmanade alla att fundera \u00f6ver hur vi kan g\u00f6ra Detroit till en ledande stad inom museiomr\u00e5det, med h\u00e5llbara system som n\u00e5gra av v\u00e5ra strategiska m\u00e5l. Var och en av direkt\u00f6rerna, och jag sj\u00e4lv som h\u00e5llbarhetsansvarig, f\u00f6rs\u00f6kte ta reda p\u00e5 hur vi skulle g\u00f6ra detta. D\u00e4rf\u00f6r utvecklade vi ett ramverk d\u00e4r vi utvidgar den tredelade bottenlinjen till att omfatta <a href=\"https:\/\/sbn-detroit.org\/the-wright-committed-to-preserving-african-american-culture-and-the-environment\/\">m\u00e4nniskor, planet, v\u00e4lst\u00e5nd och program<\/a> - f\u00f6r det \u00e4r detta som museer g\u00f6r bra: l\u00e4rande och engagemang, att vara ett tredje offentligt rum. Jag tror att detta fem\u00e5riga <strong>d<\/strong>Tree-projektet handlade verkligen om hur man kan t\u00e4nka n\u00e4r det g\u00e4ller att inkludera olika m\u00e4nniskor och r\u00f6ster i hela processen. S\u00e5 bara n\u00e5gra roliga sm\u00e5 datapunkter - vi betalade \u00f6ver 40 konstn\u00e4rer som en del av det Ackeem n\u00e4mnde med meditationsvideon; vi tog f\u00f6rmodligen in \u00f6ver 80 olika r\u00f6ster f\u00f6r att skapa lyssningssessioner och se till att vi skapade de sanningsenliga budskapen som l\u00e4t r\u00e4tt och k\u00e4ndes r\u00e4tt f\u00f6r Detroitborna. S\u00e4rskilt f\u00f6r klimatet eftersom vi ville se till att vi f\u00f6rmedlade den cirkul\u00e4ra ekonomin p\u00e5 r\u00e4tt s\u00e4tt och de olika aspekterna av vad det h\u00e4r projektet omfattar. S\u00e5 ja, att kunna arbeta i ett museiutrymme och med den h\u00e4r gruppen av medarbetare hj\u00e4lpte verkligen till att h\u00e5lla sanningen i mycket av det h\u00e4r arbetet.<\/p>\n\n\n<div class=\"wp-block-image\">\n<figure class=\"aligncenter size-full is-resized\"><img decoding=\"async\" width=\"624\" height=\"351\" src=\"https:\/\/climatetoolkit.org\/wp-content\/uploads\/2023\/11\/dtree5.png\" alt=\"\" class=\"wp-image-2688\" style=\"aspect-ratio:1.7777777777777777;width:727px;height:auto\" srcset=\"https:\/\/climatetoolkit.org\/wp-content\/uploads\/2023\/11\/dtree5.png 624w, https:\/\/climatetoolkit.org\/wp-content\/uploads\/2023\/11\/dtree5-300x169.png 300w, https:\/\/climatetoolkit.org\/wp-content\/uploads\/2023\/11\/dtree5-100x56.png 100w, https:\/\/climatetoolkit.org\/wp-content\/uploads\/2023\/11\/dtree5-150x84.png 150w, https:\/\/climatetoolkit.org\/wp-content\/uploads\/2023\/11\/dtree5-200x113.png 200w, https:\/\/climatetoolkit.org\/wp-content\/uploads\/2023\/11\/dtree5-450x253.png 450w, https:\/\/climatetoolkit.org\/wp-content\/uploads\/2023\/11\/dtree5-600x338.png 600w\" sizes=\"(max-width: 624px) 100vw, 624px\" \/><\/figure>\n<\/div>\n\n\n<p><strong>IAN LAMBERT:<\/strong><br>Museer \u00e4r institutioner f\u00f6r historieber\u00e4ttande, och Wright Museum \u00e4r en otroligt kraftfull plats f\u00f6r att ber\u00e4tta historier och bli uppslukad av historieber\u00e4ttande. \u00c4nd\u00e5 tror jag att det finns en sv\u00e5righet i att placera konstens eller konstdesignens roll i klimatkrisen. Jag har haft ett antal samtal med forskare - och vetenskapen spelar naturligtvis en oerh\u00f6rt viktig roll i klimatkrisen eftersom vetenskapen hj\u00e4lper oss att f\u00f6rst\u00e5 vad som h\u00e4nder. Den ger oss ett grepp om fakta och g\u00f6r att vi kan veta hur vi ska reagera. Naturligtvis kommer m\u00e5nga av svaren p\u00e5 klimatkrisen att vara vetenskapliga och tekniska, men klimatkrisen \u00e4r ocks\u00e5 en kulturell kris, en politisk kris och en ekonomisk kris. Jag anser att konstens och designens roll \u00e4r att forma kulturen - forma v\u00e5r materiella v\u00e4rld, v\u00e5r visuella kultur och v\u00e5r narrativa kultur. Och ibland har jag haft dessa frustrerande samtal med klimatforskare n\u00e4r jag s\u00e4ger att vi borde samarbeta. Och de s\u00e4ger, ja, jag kan inte t\u00e4nka mig vad du skulle kunna designa \u00e5t oss. Det \u00e4r en begr\u00e4nsad f\u00f6rst\u00e5else av vad en designer eller konstn\u00e4r g\u00f6r. Men vad jag f\u00f6rs\u00f6ker s\u00e4ga till dem \u00e4r <strong>att tillverkare och designers har ett annat s\u00e4tt att se p\u00e5 problem och ett annat s\u00e4tt att reagera p\u00e5 problem som kan leda till n\u00e5gon form av l\u00f6sning<\/strong>. Vi kan ocks\u00e5 f\u00f6rs\u00f6ka f\u00f6r\u00e4ndra id\u00e9er och politik, f\u00e5 m\u00e4nniskor att \u00e4ndra sin politiska inst\u00e4llning. Det \u00e4r oerh\u00f6rt komplext. Det finns inte en enda l\u00f6sning p\u00e5 klimatf\u00f6r\u00e4ndringarna. Det \u00e4r inte bara en enkel fr\u00e5ga om att s\u00e4ga att vi ska sluta anv\u00e4nda olja eller att vi ska sluta br\u00e4nna kol. De sakerna \u00e4r viktiga, men det \u00e4r inte riktigt k\u00e4rnan i problemet h\u00e4r. Allt \u00e4r djupt, djupt sammanl\u00e4nkat.<\/p>\n\n\n\n<p><strong>VERKTYGSL\u00c5DA F\u00d6R KLIMAT:<\/strong><br>Tack f\u00f6r att ni delade med er av det. Har du en k\u00e4nsla av responsen fr\u00e5n Detroit-samh\u00e4llet kring <strong>d<\/strong>.Tree Studio-projektet? Har det f\u00f6rekommit framg\u00e5ngshistorier, utmaningar i samband med utst\u00e4llningen eller annan feedback kring det fantastiska arbete du utf\u00f6r?<\/p>\n\n\n\n<p><strong>LESLIE TOM:<\/strong><br>Det fanns m\u00e5nga sidovinster som vi kanske inte ens hade r\u00e4knat med. Till exempel blev en av museets volont\u00e4rer, Etta Adams, v\u00e5r r\u00f6st f\u00f6r Detroit-tr\u00e4den som alla n\u00e4mner fr\u00e5n Ackeems video. Vi tog ocks\u00e5 in henne som en r\u00f6st f\u00f6r v\u00e5r paneldiskussion f\u00f6r Tree Symposium som \u00e4gde rum med studenterna i september under deras kursarbete. En del av v\u00e5rt t\u00e4nkande var att vi l\u00e4gger ganska mycket pengar p\u00e5 den h\u00e4r klassen, p\u00e5 de h\u00e4r studenterna, men vad h\u00e4nder om vi skulle \u00f6ppna upp Treeposium f\u00f6r fler m\u00e4nniskor? Det h\u00e4r var ocks\u00e5 under Covid. S\u00e5 vi genomf\u00f6rde ett virtuellt tr\u00e4dsymposium med CCS:s designk\u00e4rna som en del av <a href=\"https:\/\/designcore.org\/month-of-design\/\">Detroits designm\u00e5nad<\/a> - och \u00f6ver 900 personer kom dit. Vi kunde l\u00e5ta paneldeltagarna dela upp sig i rum och prata om sina erfarenheter av tr\u00e4d och Detroit. Det var ov\u00e4rderlig information f\u00f6r studenterna som fick med sig en djup k\u00e4nsla f\u00f6r historien. Ackeem skapade den h\u00e4r taglinen f\u00f6r utst\u00e4llningen som sammanfattar hela upplevelsen: \"Vi respekterar m\u00e4nniskors, platsers och historiens visdom som en del av det h\u00e4r arbetet.\"<\/p>\n\n\n<div class=\"wp-block-image\">\n<figure class=\"aligncenter size-large\"><img decoding=\"async\" width=\"1024\" height=\"576\" src=\"https:\/\/climatetoolkit.org\/wp-content\/uploads\/2023\/11\/dtree6-1024x576.png\" alt=\"\" class=\"wp-image-2689\" srcset=\"https:\/\/climatetoolkit.org\/wp-content\/uploads\/2023\/11\/dtree6-1024x576.png 1024w, https:\/\/climatetoolkit.org\/wp-content\/uploads\/2023\/11\/dtree6-300x169.png 300w, https:\/\/climatetoolkit.org\/wp-content\/uploads\/2023\/11\/dtree6-768x432.png 768w, https:\/\/climatetoolkit.org\/wp-content\/uploads\/2023\/11\/dtree6-100x56.png 100w, https:\/\/climatetoolkit.org\/wp-content\/uploads\/2023\/11\/dtree6-150x84.png 150w, https:\/\/climatetoolkit.org\/wp-content\/uploads\/2023\/11\/dtree6-200x112.png 200w, https:\/\/climatetoolkit.org\/wp-content\/uploads\/2023\/11\/dtree6-450x253.png 450w, https:\/\/climatetoolkit.org\/wp-content\/uploads\/2023\/11\/dtree6-600x337.png 600w, https:\/\/climatetoolkit.org\/wp-content\/uploads\/2023\/11\/dtree6-900x506.png 900w, https:\/\/climatetoolkit.org\/wp-content\/uploads\/2023\/11\/dtree6.png 1430w\" sizes=\"(max-width: 1024px) 100vw, 1024px\" \/><\/figure>\n<\/div>\n\n\n<p><strong>LESLIE TOM:<\/strong><br>En annan historia att dela med sig av under CCS-utst\u00e4llningen handlade ocks\u00e5 om Etta Adams. Genom att vara involverad i meditationsvideon och Treeposium b\u00f6rjade Etta prata med sina grannar - hon bor i ett \u00e4ldre bostadsomr\u00e5de - och sa till dem att komma till Treeposium, titta p\u00e5 videon och b\u00f6rja ha fler och fler samtal om tr\u00e4d. Resultatet blev att hennes bostadsomr\u00e5de b\u00f6rjade plantera fler tr\u00e4d och anlitade ett nytt landskapsf\u00f6retag f\u00f6r att ta hand om tr\u00e4den. Ian st\u00e4llde sig upp under CCS-utst\u00e4llningen och sa: \"Vi vill att du och dina grannar ska f\u00e5 se den h\u00e4r utst\u00e4llningen. Och s\u00e5 samordnades CCS skyttelbilar f\u00f6r att h\u00e4mta Etta och hennes grannar f\u00f6r att komma och se <strong>d<\/strong>Tree Project och f\u00e5 en upplevelse p\u00e5 Wright Museum. Och det blev bara \u00e4nnu ett \u00f6gonblick av \"wow, titta vad de h\u00e4r tre tr\u00e4den har gjort\". Ian kom p\u00e5 den h\u00e4r taglinen f\u00f6r projektet, som \u00e4r: \"Two institutions, three trees, and twelve makers\" - att bara skapa en hel palett av upplevelser och fokuserad kulturf\u00f6r\u00e4ndring kring tr\u00e4d och \u00f6ka medvetenheten om tr\u00e4dens klimatf\u00f6rdelar. Dessutom \u00e4r visionen f\u00f6r v\u00e5r avdelning f\u00f6r l\u00e4rande och engagemang p\u00e5 Wright Museum att berika alla utst\u00e4llningar med tolkningsprogram. Jag \u00e4r glad \u00f6ver att kunna rapportera att <strong>d<\/strong>.Tree-utst\u00e4llningen inspirerade till en sl\u00e4ktforskningsworkshop med Tony Burroughs, k\u00e4nd sl\u00e4ktforskare och f\u00f6rfattare till <a href=\"https:\/\/www.amazon.com\/Black-Roots-Beginners-Tracing-American\/dp\/0684847043#:~:text=Based%20on%20solid%20genealogical%20principles,make%20the%20best%20use%20of\">Svarta r\u00f6tter: En nyb\u00f6rjarguide f\u00f6r att sp\u00e5ra det afroamerikanska sl\u00e4kttr\u00e4det<\/a>. Verkstaden, <strong>d<\/strong>.Tree Genealogy: How to Grow and Sustain Your Family, utformades av Marline Martin, Director of Learning and Engagement, med \u00f6ver 100 personer n\u00e4rvarande. <\/p>\n\n\n\n<figure class=\"wp-block-image size-large\"><img decoding=\"async\" width=\"1024\" height=\"771\" src=\"https:\/\/climatetoolkit.org\/wp-content\/uploads\/2023\/11\/11-1024x771.jpg\" alt=\"\" class=\"wp-image-2745\" srcset=\"https:\/\/climatetoolkit.org\/wp-content\/uploads\/2023\/11\/11-1024x771.jpg 1024w, https:\/\/climatetoolkit.org\/wp-content\/uploads\/2023\/11\/11-300x226.jpg 300w, https:\/\/climatetoolkit.org\/wp-content\/uploads\/2023\/11\/11-768x578.jpg 768w, https:\/\/climatetoolkit.org\/wp-content\/uploads\/2023\/11\/11-1536x1157.jpg 1536w, https:\/\/climatetoolkit.org\/wp-content\/uploads\/2023\/11\/11-2048x1542.jpg 2048w, https:\/\/climatetoolkit.org\/wp-content\/uploads\/2023\/11\/11-100x75.jpg 100w, https:\/\/climatetoolkit.org\/wp-content\/uploads\/2023\/11\/11-150x113.jpg 150w, https:\/\/climatetoolkit.org\/wp-content\/uploads\/2023\/11\/11-200x151.jpg 200w, https:\/\/climatetoolkit.org\/wp-content\/uploads\/2023\/11\/11-450x339.jpg 450w, https:\/\/climatetoolkit.org\/wp-content\/uploads\/2023\/11\/11-600x452.jpg 600w, https:\/\/climatetoolkit.org\/wp-content\/uploads\/2023\/11\/11-900x678.jpg 900w\" sizes=\"(max-width: 1024px) 100vw, 1024px\" \/><\/figure>\n\n\n\n<p><strong>ACKEEM SALMON:<\/strong><br>Det som alla sa \u00e4r mycket sant i ett st\u00f6rre sammanhang. Jag kan tala specifikt om de konstn\u00e4rer som var inblandade, s\u00e4rskilt att kunna anst\u00e4lla alla dessa olika praktikanter fr\u00e5n CCS som jag hade n\u00f6jet att arbeta med - det var bara ett annat sammanhang f\u00f6r arbete och ledarskap eftersom var och en av dessa studenter ocks\u00e5 fick verkliga ledarpositioner. Var och en av dem bidrog p\u00e5 sitt eget individuella s\u00e4tt. S\u00e5 \u00e4ven om jag var en studerande art director m\u00e5ste m\u00e5nga av besluten probleml\u00f6sas av studenterna och de inblandade personerna. Vi anst\u00e4llde till exempel en motion graphic-student fr\u00e5n CCS, Sam Pickett, och var i princip tvungna att g\u00e5 igenom art direction och strategi och sedan ge henne projektets k\u00e4nslighet. Hon b\u00f6rjade bryta ner hur hon skulle tolka hela meditationsaspekten, filmmusiken och allt det vi har gjort till de aktiva texter som kommer att anv\u00e4ndas. Och samma sak g\u00e4ller f\u00f6r de filmpersoner som vi tog med ombord. Det k\u00e4ndes som om var och en av dessa konstn\u00e4rer fick en oberoende m\u00f6jlighet att visa sig sj\u00e4lva utan att k\u00e4nna att de var f\u00e5ngade i en l\u00e5da. Det gav dem bara m\u00f6jlighet att tala ut. Och det gav upphov till kollektiva \u00e5tg\u00e4rder. S\u00e5 ut\u00f6ver utst\u00e4llningen och den sociala aspekten av gemenskapen var de ledarskapsm\u00f6jligheter som gavs till yngre r\u00f6ster helt exceptionella. Och jag k\u00e4nde att varje konstn\u00e4r och ung deltagare hade ett ljus som de kunde sprida. Och jag tycker att det ocks\u00e5 var en riktigt vacker komponent och ett vackert resultat av processen.<\/p>\n\n\n<div class=\"wp-block-image\">\n<figure class=\"aligncenter size-large\"><img decoding=\"async\" width=\"1024\" height=\"576\" src=\"https:\/\/climatetoolkit.org\/wp-content\/uploads\/2023\/11\/dtree7-1024x576.png\" alt=\"\" class=\"wp-image-2690\" srcset=\"https:\/\/climatetoolkit.org\/wp-content\/uploads\/2023\/11\/dtree7-1024x576.png 1024w, https:\/\/climatetoolkit.org\/wp-content\/uploads\/2023\/11\/dtree7-300x169.png 300w, https:\/\/climatetoolkit.org\/wp-content\/uploads\/2023\/11\/dtree7-768x432.png 768w, https:\/\/climatetoolkit.org\/wp-content\/uploads\/2023\/11\/dtree7-100x56.png 100w, https:\/\/climatetoolkit.org\/wp-content\/uploads\/2023\/11\/dtree7-150x84.png 150w, https:\/\/climatetoolkit.org\/wp-content\/uploads\/2023\/11\/dtree7-200x112.png 200w, https:\/\/climatetoolkit.org\/wp-content\/uploads\/2023\/11\/dtree7-450x253.png 450w, https:\/\/climatetoolkit.org\/wp-content\/uploads\/2023\/11\/dtree7-600x337.png 600w, https:\/\/climatetoolkit.org\/wp-content\/uploads\/2023\/11\/dtree7-900x506.png 900w, https:\/\/climatetoolkit.org\/wp-content\/uploads\/2023\/11\/dtree7.png 1430w\" sizes=\"(max-width: 1024px) 100vw, 1024px\" \/><\/figure>\n<\/div>\n\n\n<p><strong>VERKTYGSL\u00c5DA F\u00d6R KLIMAT:<\/strong><br>Jag \u00e4lskar hur du ramade in hela projektet, tre d\u00f6ende tr\u00e4d som bara f\u00f6rde hela samh\u00e4llet samman. Jag tycker att det \u00e4r en riktigt vacker historia. S\u00e5, min sista fr\u00e5ga f\u00f6r v\u00e5r intervju idag, och den kan st\u00e4llas till vem som helst i gruppen, har du n\u00e5gra r\u00e5d eller tips till andra museer eller kulturinstitutioner som hoppas kunna skapa klimatinspirerade utst\u00e4llningar eller samh\u00e4llsengagerande arbete?<\/p>\n\n\n\n<p><strong>IAN LAMBERT:<\/strong><br>De borde anst\u00e4lla Leslie.<\/p>\n\n\n\n<p><strong>LESLIE TOM:<\/strong><br>(Jag vill bara n\u00e4mna en sak. Vi m\u00e4tte v\u00e5rt koldioxidavtryck f\u00f6r hela utst\u00e4llningen f\u00f6r The Wright Museum. Vi arbetade med <a href=\"http:\/\/www.indigojld.com\/\">Indigo JLD Gr\u00f6n + H\u00e4lsa<\/a> och <a href=\"https:\/\/www.cambridgeseven.com\/\">Cambridge Seven<\/a> f\u00f6r att hj\u00e4lpa oss att g\u00f6ra en analys. Och det var fantastiskt att \u00f6ppna upp den processen d\u00e4r v\u00e5rt curatorteam och design- och tillverkningsteam i princip kunde mejla alla f\u00f6rem\u00e5l som vi k\u00f6pte eller lade till i utst\u00e4llningen, och vi fick ett koldioxidnummer f\u00f6r allt. I slut\u00e4ndan var det cirka 1,8 ton koldioxid som vi anv\u00e4nde f\u00f6r <strong>d<\/strong>...Tree-utst\u00e4llningen. Jag vet att Guggenheim gjorde en liknande studie - och allt detta kommer fr\u00e5n <a href=\"https:\/\/galleryclimatecoalition.org\/carbon-calculator\/\">Galleri Klimatkalkylator Guide.<\/a> Guggenheim hade 10 ton koldioxidutsl\u00e4pp f\u00f6r en lokal utst\u00e4llning. Och s\u00e5 fanns det ett annat galleri i London, och det var 100 ton koldioxid eftersom vissa fl\u00f6g runt konstverk och pendlade med flyg. Som kollektiv b\u00f6rjade vi fundera p\u00e5 hur vi skulle kunna minska v\u00e5rt koldioxidavtryck. V\u00e5r chef f\u00f6r tillverkning f\u00f6reslog till exempel att vi skulle trycka internt s\u00e5 att vi inte beh\u00f6vde anv\u00e4nda en bil f\u00f6r att k\u00f6ra runt trycken. Anv\u00e4nda f\u00e4rre giftiga material. Handm\u00e5lning av utst\u00e4llningsv\u00e4ggarna. S\u00e5 det \u00e4r verkligen att luta sig in i <em>oss alla<\/em>Det \u00e4r med den gemensamma grunden att vi vill minska v\u00e5rt koldioxidavtryck, att vi vill styra bort avfall fr\u00e5n deponierna, som vi alla b\u00f6rjar se p\u00e5 saker och ting p\u00e5 ett annat s\u00e4tt och verkligen inser att detta \u00e4r en kulturell f\u00f6r\u00e4ndring. <strong>Museer och konst- och designskolor har m\u00f6jlighet att bidra till att f\u00f6r\u00e4ndra den kulturen. <\/strong>Och jag tror att detta <strong>d<\/strong>Tree-projektet \u00e4r ett mycket bra exempel p\u00e5 hur vi har sett \u00f6ver varje ber\u00f6ringspunkt i systemet. Och att arbeta med konstn\u00e4rer, designers p\u00e5 backend, kreat\u00f6rer och m\u00e4nniskor med humanit\u00e4ra ambitioner i det h\u00e4r museisammanhanget - vi vill kunna dela med oss av det h\u00e4r arbetet till en st\u00f6rre gemenskap.<\/p>\n\n\n\n<p><strong>IAN LAMBERT:<\/strong><br>En annan sak att betona \u00e4r att projektet inte \u00e4r avslutat. Vi funderar aktivt p\u00e5 vad vi ska g\u00f6ra h\u00e4rn\u00e4st. En av de saker som \u00e4r kritiska \u00e4r att vi beh\u00f6ver finansiering f\u00f6r att g\u00e5 vidare. Vi har spenderat en hel del pengar p\u00e5 det h\u00e4r projektet, men det var definitivt v\u00e4rt det. Vi fick en liten summa pengar fr\u00e5n Michigan Arts and Culture Council. Nu m\u00e5ste vi fundera p\u00e5 om vi ska s\u00f6ka betydande finansiering. Det finns bidragspengar d\u00e4r ute som vi kan ans\u00f6ka om, och jag tror att vi har en s\u00e5 stark grund att g\u00e5 vidare p\u00e5. Det kan hj\u00e4lpa oss om ni bara l\u00e5ter folk veta att vi nu tittar p\u00e5 m\u00f6jligheter och \u00f6verv\u00e4ger fas tv\u00e5 och hur den ser ut.<\/p>\n\n\n\n<p><strong>VERKTYGSL\u00c5DA F\u00d6R KLIMAT:<\/strong><br>Jag uppskattar all din tid och energi f\u00f6r att du delar med dig av den h\u00e4r vackra ber\u00e4ttelsen, och jag \u00e4r mycket glad \u00f6ver att f\u00e5 dela med mig av den till v\u00e5r Climate Toolkit-grupp.<\/p>\n\n\n<div class=\"wp-block-image\">\n<figure class=\"aligncenter size-full\"><img decoding=\"async\" width=\"754\" height=\"444\" src=\"https:\/\/climatetoolkit.org\/wp-content\/uploads\/2023\/11\/d.tree-screenshot.jpg\" alt=\"\" class=\"wp-image-2680\" srcset=\"https:\/\/climatetoolkit.org\/wp-content\/uploads\/2023\/11\/d.tree-screenshot.jpg 754w, https:\/\/climatetoolkit.org\/wp-content\/uploads\/2023\/11\/d.tree-screenshot-300x177.jpg 300w, https:\/\/climatetoolkit.org\/wp-content\/uploads\/2023\/11\/d.tree-screenshot-100x59.jpg 100w, https:\/\/climatetoolkit.org\/wp-content\/uploads\/2023\/11\/d.tree-screenshot-150x88.jpg 150w, https:\/\/climatetoolkit.org\/wp-content\/uploads\/2023\/11\/d.tree-screenshot-200x118.jpg 200w, https:\/\/climatetoolkit.org\/wp-content\/uploads\/2023\/11\/d.tree-screenshot-450x265.jpg 450w, https:\/\/climatetoolkit.org\/wp-content\/uploads\/2023\/11\/d.tree-screenshot-600x353.jpg 600w\" sizes=\"(max-width: 754px) 100vw, 754px\" \/><\/figure>\n<\/div>","protected":false},"excerpt":{"rendered":"<p>En intervju med Charles H. Wright-museet f\u00f6r afroamerikansk historia. \u00c5r 2018 uppt\u00e4ckte Charles H. Wright Museum of African American History tre d\u00f6ende Zelkova-tr\u00e4d p\u00e5 sitt campus i Detroit, Michigan. Dessa tr\u00e4d var markerade f\u00f6r borttagning ...<\/p>\n<p class=\"read-more\"> <a class=\"\" href=\"https:\/\/climatetoolkit.org\/sv\/three-dying-trees-bring-together-a-community-in-detroit\/\"> <span class=\"screen-reader-text\">Tre d\u00f6ende tr\u00e4d f\u00f6r samman ett samh\u00e4lle i Detroit<\/span> L\u00e4s mer \"<\/a><\/p>","protected":false},"author":2,"featured_media":2691,"comment_status":"closed","ping_status":"closed","sticky":false,"template":"","format":"standard","meta":{"_acf_changed":false,"inline_featured_image":false,"advgb_blocks_editor_width":"","advgb_blocks_columns_visual_guide":"","footnotes":""},"categories":[179],"tags":[],"class_list":["post-2679","post","type-post","status-publish","format-standard","has-post-thumbnail","hentry","category-engagement"],"acf":[],"yoast_head":"<!-- This site is optimized with the Yoast SEO plugin v27.5 - https:\/\/yoast.com\/product\/yoast-seo-wordpress\/ -->\n<title>Three Dying Trees Bring Together a Community in Detroit - The Climate Toolkit<\/title>\n<meta name=\"robots\" content=\"noindex, follow\" \/>\n<meta property=\"og:locale\" content=\"sv_SE\" \/>\n<meta property=\"og:type\" content=\"article\" \/>\n<meta property=\"og:title\" content=\"Three Dying Trees Bring Together a Community in Detroit - The Climate Toolkit\" \/>\n<meta property=\"og:description\" content=\"An Interview with The Charles H. Wright Museum of African American History. In 2018, the Charles H. Wright Museum of African American History discovered three dying Zelkova trees on their campus in Detroit, Michigan. These trees were marked for removal &hellip; Three Dying Trees Bring Together a Community in Detroit L\u00e4s mer &raquo;\" \/>\n<meta property=\"og:url\" content=\"https:\/\/climatetoolkit.org\/sv\/three-dying-trees-bring-together-a-community-in-detroit\/\" \/>\n<meta property=\"og:site_name\" content=\"The Climate Toolkit\" \/>\n<meta property=\"article:published_time\" content=\"2023-11-01T15:21:05+00:00\" \/>\n<meta property=\"article:modified_time\" content=\"2025-06-18T20:12:36+00:00\" \/>\n<meta property=\"og:image\" content=\"https:\/\/climatetoolkit.org\/wp-content\/uploads\/2023\/11\/dtree8.png\" \/>\n\t<meta property=\"og:image:width\" content=\"1382\" \/>\n\t<meta property=\"og:image:height\" content=\"777\" \/>\n\t<meta property=\"og:image:type\" content=\"image\/png\" \/>\n<meta name=\"author\" content=\"joe reed\" \/>\n<meta name=\"twitter:card\" content=\"summary_large_image\" \/>\n<meta name=\"twitter:label1\" content=\"Skriven av\" \/>\n\t<meta name=\"twitter:data1\" content=\"joe reed\" \/>\n\t<meta name=\"twitter:label2\" content=\"Ber\u00e4knad l\u00e4stid\" \/>\n\t<meta name=\"twitter:data2\" content=\"20 minuter\" \/>\n<script type=\"application\/ld+json\" class=\"yoast-schema-graph\">{\"@context\":\"https:\\\/\\\/schema.org\",\"@graph\":[{\"@type\":\"Article\",\"@id\":\"https:\\\/\\\/climatetoolkit.org\\\/three-dying-trees-bring-together-a-community-in-detroit\\\/#article\",\"isPartOf\":{\"@id\":\"https:\\\/\\\/climatetoolkit.org\\\/three-dying-trees-bring-together-a-community-in-detroit\\\/\"},\"author\":{\"name\":\"joe reed\",\"@id\":\"https:\\\/\\\/climatetoolkit.org\\\/#\\\/schema\\\/person\\\/0a315cfe2d4239376531ced9d06c441c\"},\"headline\":\"Three Dying Trees Bring Together a Community in Detroit\",\"datePublished\":\"2023-11-01T15:21:05+00:00\",\"dateModified\":\"2025-06-18T20:12:36+00:00\",\"mainEntityOfPage\":{\"@id\":\"https:\\\/\\\/climatetoolkit.org\\\/three-dying-trees-bring-together-a-community-in-detroit\\\/\"},\"wordCount\":4123,\"publisher\":{\"@id\":\"https:\\\/\\\/climatetoolkit.org\\\/#organization\"},\"image\":{\"@id\":\"https:\\\/\\\/climatetoolkit.org\\\/three-dying-trees-bring-together-a-community-in-detroit\\\/#primaryimage\"},\"thumbnailUrl\":\"https:\\\/\\\/climatetoolkit.org\\\/wp-content\\\/uploads\\\/2023\\\/11\\\/dtree8.png\",\"articleSection\":[\"Engagement\"],\"inLanguage\":\"sv-SE\"},{\"@type\":\"WebPage\",\"@id\":\"https:\\\/\\\/climatetoolkit.org\\\/three-dying-trees-bring-together-a-community-in-detroit\\\/\",\"url\":\"https:\\\/\\\/climatetoolkit.org\\\/three-dying-trees-bring-together-a-community-in-detroit\\\/\",\"name\":\"Three Dying Trees Bring Together a Community in Detroit - The Climate Toolkit\",\"isPartOf\":{\"@id\":\"https:\\\/\\\/climatetoolkit.org\\\/#website\"},\"primaryImageOfPage\":{\"@id\":\"https:\\\/\\\/climatetoolkit.org\\\/three-dying-trees-bring-together-a-community-in-detroit\\\/#primaryimage\"},\"image\":{\"@id\":\"https:\\\/\\\/climatetoolkit.org\\\/three-dying-trees-bring-together-a-community-in-detroit\\\/#primaryimage\"},\"thumbnailUrl\":\"https:\\\/\\\/climatetoolkit.org\\\/wp-content\\\/uploads\\\/2023\\\/11\\\/dtree8.png\",\"datePublished\":\"2023-11-01T15:21:05+00:00\",\"dateModified\":\"2025-06-18T20:12:36+00:00\",\"breadcrumb\":{\"@id\":\"https:\\\/\\\/climatetoolkit.org\\\/three-dying-trees-bring-together-a-community-in-detroit\\\/#breadcrumb\"},\"inLanguage\":\"sv-SE\",\"potentialAction\":[{\"@type\":\"ReadAction\",\"target\":[\"https:\\\/\\\/climatetoolkit.org\\\/three-dying-trees-bring-together-a-community-in-detroit\\\/\"]}]},{\"@type\":\"ImageObject\",\"inLanguage\":\"sv-SE\",\"@id\":\"https:\\\/\\\/climatetoolkit.org\\\/three-dying-trees-bring-together-a-community-in-detroit\\\/#primaryimage\",\"url\":\"https:\\\/\\\/climatetoolkit.org\\\/wp-content\\\/uploads\\\/2023\\\/11\\\/dtree8.png\",\"contentUrl\":\"https:\\\/\\\/climatetoolkit.org\\\/wp-content\\\/uploads\\\/2023\\\/11\\\/dtree8.png\",\"width\":1382,\"height\":777},{\"@type\":\"BreadcrumbList\",\"@id\":\"https:\\\/\\\/climatetoolkit.org\\\/three-dying-trees-bring-together-a-community-in-detroit\\\/#breadcrumb\",\"itemListElement\":[{\"@type\":\"ListItem\",\"position\":1,\"name\":\"Home\",\"item\":\"https:\\\/\\\/climatetoolkit.org\\\/\"},{\"@type\":\"ListItem\",\"position\":2,\"name\":\"Three Dying Trees Bring Together a Community in Detroit\"}]},{\"@type\":\"WebSite\",\"@id\":\"https:\\\/\\\/climatetoolkit.org\\\/#website\",\"url\":\"https:\\\/\\\/climatetoolkit.org\\\/\",\"name\":\"The Climate Toolkit\",\"description\":\"For Museums, Gardens and Zoos\",\"publisher\":{\"@id\":\"https:\\\/\\\/climatetoolkit.org\\\/#organization\"},\"potentialAction\":[{\"@type\":\"SearchAction\",\"target\":{\"@type\":\"EntryPoint\",\"urlTemplate\":\"https:\\\/\\\/climatetoolkit.org\\\/?s={search_term_string}\"},\"query-input\":{\"@type\":\"PropertyValueSpecification\",\"valueRequired\":true,\"valueName\":\"search_term_string\"}}],\"inLanguage\":\"sv-SE\"},{\"@type\":\"Organization\",\"@id\":\"https:\\\/\\\/climatetoolkit.org\\\/#organization\",\"name\":\"The Climate Toolkit\",\"url\":\"https:\\\/\\\/climatetoolkit.org\\\/\",\"logo\":{\"@type\":\"ImageObject\",\"inLanguage\":\"sv-SE\",\"@id\":\"https:\\\/\\\/climatetoolkit.org\\\/#\\\/schema\\\/logo\\\/image\\\/\",\"url\":\"https:\\\/\\\/climatetoolkit.org\\\/wp-content\\\/uploads\\\/2020\\\/05\\\/C_logo.png\",\"contentUrl\":\"https:\\\/\\\/climatetoolkit.org\\\/wp-content\\\/uploads\\\/2020\\\/05\\\/C_logo.png\",\"width\":512,\"height\":512,\"caption\":\"The Climate Toolkit\"},\"image\":{\"@id\":\"https:\\\/\\\/climatetoolkit.org\\\/#\\\/schema\\\/logo\\\/image\\\/\"}},{\"@type\":\"Person\",\"@id\":\"https:\\\/\\\/climatetoolkit.org\\\/#\\\/schema\\\/person\\\/0a315cfe2d4239376531ced9d06c441c\",\"name\":\"joe reed\",\"image\":{\"@type\":\"ImageObject\",\"inLanguage\":\"sv-SE\",\"@id\":\"https:\\\/\\\/secure.gravatar.com\\\/avatar\\\/472f195403d80a13cf2167242ca383d8b44ece2a427beed29cba86949c90ae13?s=96&d=mm&r=g\",\"url\":\"https:\\\/\\\/secure.gravatar.com\\\/avatar\\\/472f195403d80a13cf2167242ca383d8b44ece2a427beed29cba86949c90ae13?s=96&d=mm&r=g\",\"contentUrl\":\"https:\\\/\\\/secure.gravatar.com\\\/avatar\\\/472f195403d80a13cf2167242ca383d8b44ece2a427beed29cba86949c90ae13?s=96&d=mm&r=g\",\"caption\":\"joe reed\"}}]}<\/script>\n<!-- \/ Yoast SEO plugin. -->","yoast_head_json":{"title":"Three Dying Trees Bring Together a Community in Detroit - The Climate Toolkit","robots":{"index":"noindex","follow":"follow"},"og_locale":"sv_SE","og_type":"article","og_title":"Three Dying Trees Bring Together a Community in Detroit - The Climate Toolkit","og_description":"An Interview with The Charles H. Wright Museum of African American History. In 2018, the Charles H. Wright Museum of African American History discovered three dying Zelkova trees on their campus in Detroit, Michigan. These trees were marked for removal &hellip; Three Dying Trees Bring Together a Community in Detroit L\u00e4s mer &raquo;","og_url":"https:\/\/climatetoolkit.org\/sv\/three-dying-trees-bring-together-a-community-in-detroit\/","og_site_name":"The Climate Toolkit","article_published_time":"2023-11-01T15:21:05+00:00","article_modified_time":"2025-06-18T20:12:36+00:00","og_image":[{"width":1382,"height":777,"url":"https:\/\/climatetoolkit.org\/wp-content\/uploads\/2023\/11\/dtree8.png","type":"image\/png"}],"author":"joe reed","twitter_card":"summary_large_image","twitter_misc":{"Skriven av":"joe reed","Ber\u00e4knad l\u00e4stid":"20 minuter"},"schema":{"@context":"https:\/\/schema.org","@graph":[{"@type":"Article","@id":"https:\/\/climatetoolkit.org\/three-dying-trees-bring-together-a-community-in-detroit\/#article","isPartOf":{"@id":"https:\/\/climatetoolkit.org\/three-dying-trees-bring-together-a-community-in-detroit\/"},"author":{"name":"joe reed","@id":"https:\/\/climatetoolkit.org\/#\/schema\/person\/0a315cfe2d4239376531ced9d06c441c"},"headline":"Three Dying Trees Bring Together a Community in Detroit","datePublished":"2023-11-01T15:21:05+00:00","dateModified":"2025-06-18T20:12:36+00:00","mainEntityOfPage":{"@id":"https:\/\/climatetoolkit.org\/three-dying-trees-bring-together-a-community-in-detroit\/"},"wordCount":4123,"publisher":{"@id":"https:\/\/climatetoolkit.org\/#organization"},"image":{"@id":"https:\/\/climatetoolkit.org\/three-dying-trees-bring-together-a-community-in-detroit\/#primaryimage"},"thumbnailUrl":"https:\/\/climatetoolkit.org\/wp-content\/uploads\/2023\/11\/dtree8.png","articleSection":["Engagement"],"inLanguage":"sv-SE"},{"@type":"WebPage","@id":"https:\/\/climatetoolkit.org\/three-dying-trees-bring-together-a-community-in-detroit\/","url":"https:\/\/climatetoolkit.org\/three-dying-trees-bring-together-a-community-in-detroit\/","name":"Three Dying Trees Bring Together a Community in Detroit - The Climate Toolkit","isPartOf":{"@id":"https:\/\/climatetoolkit.org\/#website"},"primaryImageOfPage":{"@id":"https:\/\/climatetoolkit.org\/three-dying-trees-bring-together-a-community-in-detroit\/#primaryimage"},"image":{"@id":"https:\/\/climatetoolkit.org\/three-dying-trees-bring-together-a-community-in-detroit\/#primaryimage"},"thumbnailUrl":"https:\/\/climatetoolkit.org\/wp-content\/uploads\/2023\/11\/dtree8.png","datePublished":"2023-11-01T15:21:05+00:00","dateModified":"2025-06-18T20:12:36+00:00","breadcrumb":{"@id":"https:\/\/climatetoolkit.org\/three-dying-trees-bring-together-a-community-in-detroit\/#breadcrumb"},"inLanguage":"sv-SE","potentialAction":[{"@type":"ReadAction","target":["https:\/\/climatetoolkit.org\/three-dying-trees-bring-together-a-community-in-detroit\/"]}]},{"@type":"ImageObject","inLanguage":"sv-SE","@id":"https:\/\/climatetoolkit.org\/three-dying-trees-bring-together-a-community-in-detroit\/#primaryimage","url":"https:\/\/climatetoolkit.org\/wp-content\/uploads\/2023\/11\/dtree8.png","contentUrl":"https:\/\/climatetoolkit.org\/wp-content\/uploads\/2023\/11\/dtree8.png","width":1382,"height":777},{"@type":"BreadcrumbList","@id":"https:\/\/climatetoolkit.org\/three-dying-trees-bring-together-a-community-in-detroit\/#breadcrumb","itemListElement":[{"@type":"ListItem","position":1,"name":"Home","item":"https:\/\/climatetoolkit.org\/"},{"@type":"ListItem","position":2,"name":"Three Dying Trees Bring Together a Community in Detroit"}]},{"@type":"WebSite","@id":"https:\/\/climatetoolkit.org\/#website","url":"https:\/\/climatetoolkit.org\/","name":"Verktygsl\u00e5da f\u00f6r klimat","description":"F\u00f6r museer, tr\u00e4dg\u00e5rdar och djurparker","publisher":{"@id":"https:\/\/climatetoolkit.org\/#organization"},"potentialAction":[{"@type":"SearchAction","target":{"@type":"EntryPoint","urlTemplate":"https:\/\/climatetoolkit.org\/?s={search_term_string}"},"query-input":{"@type":"PropertyValueSpecification","valueRequired":true,"valueName":"search_term_string"}}],"inLanguage":"sv-SE"},{"@type":"Organization","@id":"https:\/\/climatetoolkit.org\/#organization","name":"Verktygsl\u00e5da f\u00f6r klimat","url":"https:\/\/climatetoolkit.org\/","logo":{"@type":"ImageObject","inLanguage":"sv-SE","@id":"https:\/\/climatetoolkit.org\/#\/schema\/logo\/image\/","url":"https:\/\/climatetoolkit.org\/wp-content\/uploads\/2020\/05\/C_logo.png","contentUrl":"https:\/\/climatetoolkit.org\/wp-content\/uploads\/2020\/05\/C_logo.png","width":512,"height":512,"caption":"The Climate Toolkit"},"image":{"@id":"https:\/\/climatetoolkit.org\/#\/schema\/logo\/image\/"}},{"@type":"Person","@id":"https:\/\/climatetoolkit.org\/#\/schema\/person\/0a315cfe2d4239376531ced9d06c441c","name":"joe reed","image":{"@type":"ImageObject","inLanguage":"sv-SE","@id":"https:\/\/secure.gravatar.com\/avatar\/472f195403d80a13cf2167242ca383d8b44ece2a427beed29cba86949c90ae13?s=96&d=mm&r=g","url":"https:\/\/secure.gravatar.com\/avatar\/472f195403d80a13cf2167242ca383d8b44ece2a427beed29cba86949c90ae13?s=96&d=mm&r=g","contentUrl":"https:\/\/secure.gravatar.com\/avatar\/472f195403d80a13cf2167242ca383d8b44ece2a427beed29cba86949c90ae13?s=96&d=mm&r=g","caption":"joe reed"}}]}},"author_meta":{"display_name":"joe reed","author_link":"https:\/\/climatetoolkit.org\/sv\/author\/joe\/"},"featured_img":"https:\/\/climatetoolkit.org\/wp-content\/uploads\/2023\/11\/dtree8-300x169.png","coauthors":[],"tax_additional":{"categories":{"linked":["<a href=\"https:\/\/climatetoolkit.org\/sv\/blog-category\/engagement\/\" class=\"advgb-post-tax-term\">Engagement<\/a>"],"unlinked":["<span class=\"advgb-post-tax-term\">Engagement<\/span>"]}},"comment_count":0,"relative_dates":{"created":"Publicerad 2 \u00e5r sedan","modified":"Uppdaterad 10 m\u00e5nader sedan"},"absolute_dates":{"created":"Publicerat den november 1, 2023","modified":"Uppdaterad den juni 18, 2025"},"absolute_dates_time":{"created":"Publicerat den november 1, 2023 11:21 f m","modified":"Uppdaterad den juni 18, 2025 4:12 e m"},"featured_img_caption":"","series_order":"","_links":{"self":[{"href":"https:\/\/climatetoolkit.org\/sv\/wp-json\/wp\/v2\/posts\/2679","targetHints":{"allow":["GET"]}}],"collection":[{"href":"https:\/\/climatetoolkit.org\/sv\/wp-json\/wp\/v2\/posts"}],"about":[{"href":"https:\/\/climatetoolkit.org\/sv\/wp-json\/wp\/v2\/types\/post"}],"author":[{"embeddable":true,"href":"https:\/\/climatetoolkit.org\/sv\/wp-json\/wp\/v2\/users\/2"}],"replies":[{"embeddable":true,"href":"https:\/\/climatetoolkit.org\/sv\/wp-json\/wp\/v2\/comments?post=2679"}],"version-history":[{"count":1,"href":"https:\/\/climatetoolkit.org\/sv\/wp-json\/wp\/v2\/posts\/2679\/revisions"}],"predecessor-version":[{"id":4502,"href":"https:\/\/climatetoolkit.org\/sv\/wp-json\/wp\/v2\/posts\/2679\/revisions\/4502"}],"wp:featuredmedia":[{"embeddable":true,"href":"https:\/\/climatetoolkit.org\/sv\/wp-json\/wp\/v2\/media\/2691"}],"wp:attachment":[{"href":"https:\/\/climatetoolkit.org\/sv\/wp-json\/wp\/v2\/media?parent=2679"}],"wp:term":[{"taxonomy":"category","embeddable":true,"href":"https:\/\/climatetoolkit.org\/sv\/wp-json\/wp\/v2\/categories?post=2679"},{"taxonomy":"post_tag","embeddable":true,"href":"https:\/\/climatetoolkit.org\/sv\/wp-json\/wp\/v2\/tags?post=2679"}],"curies":[{"name":"wp","href":"https:\/\/api.w.org\/{rel}","templated":true}]}}