{"id":2790,"date":"2023-11-29T09:43:26","date_gmt":"2023-11-29T14:43:26","guid":{"rendered":"https:\/\/climatetoolkit.org\/?p=2790"},"modified":"2025-06-18T16:12:35","modified_gmt":"2025-06-18T20:12:35","slug":"phipps-youth-on-the-world-stage-at-cop28","status":"publish","type":"post","link":"https:\/\/climatetoolkit.org\/it\/phipps-youth-on-the-world-stage-at-cop28\/","title":{"rendered":"I giovani di Phipps sul palcoscenico mondiale della COP28"},"content":{"rendered":"<h3 class=\"wp-block-heading\">Il Conservatorio Phipps sostiene la passione dei giovani per l'ambiente a un livello completamente nuovo.<\/h3>\n\n\n\n<p>Gioved\u00ec 30 novembre si celebra un momento importante sia per Dubai, negli Emirati Arabi Uniti, che per Pittsburgh, in Pennsylvania.&nbsp;<a href=\"https:\/\/www.cop28.com\/\"><strong>COP28<\/strong><\/a>. Si tratta della ventottesima Conferenza delle Parti (COP) ospitata dall'Unione Europea.&nbsp;<a href=\"https:\/\/unfccc.int\/\">Convenzione quadro delle Nazioni Unite sui cambiamenti climatici<\/a>&nbsp;(UNFCCC), la maggior parte delle persone ha pi\u00f9 familiarit\u00e0 con la COP21.&nbsp;<a href=\"https:\/\/unfccc.int\/process-and-meetings\/the-paris-agreement\">Accordo di Parigi<\/a>&nbsp;sul cambiamento climatico nel 2015. L'Accordo di Parigi mira a mantenere \"l'aumento della temperatura media globale ben al di sotto dei 2\u00b0C rispetto ai livelli preindustriali\", pur perseguendo un limite pi\u00f9 ambizioso di 1,5\u00b0C rispetto ai livelli preindustriali. Negli anni successivi, i negoziati della COP hanno incluso politiche che garantiscono alle nazioni il raggiungimento degli obiettivi fissati nell'Accordo di Parigi. Quest'anno la COP28 si terr\u00e0 a Dubai, negli Emirati Arabi Uniti, con la partecipazione di 197 Paesi, dell'Unione Europea e di migliaia di organizzazioni non governative.<\/p>\n\n\n\n<figure class=\"wp-block-image size-full is-resized\"><img decoding=\"async\" width=\"768\" height=\"324\" src=\"https:\/\/climatetoolkit.org\/wp-content\/uploads\/2023\/11\/EXPO-CITY-DUBAI-IS-PROUD-HOST-OF-COP28.webp\" alt=\"\" class=\"wp-image-2797\" style=\"aspect-ratio:2.121212121212121;width:802px;height:auto\" srcset=\"https:\/\/climatetoolkit.org\/wp-content\/uploads\/2023\/11\/EXPO-CITY-DUBAI-IS-PROUD-HOST-OF-COP28.webp 768w, https:\/\/climatetoolkit.org\/wp-content\/uploads\/2023\/11\/EXPO-CITY-DUBAI-IS-PROUD-HOST-OF-COP28-300x127.webp 300w, https:\/\/climatetoolkit.org\/wp-content\/uploads\/2023\/11\/EXPO-CITY-DUBAI-IS-PROUD-HOST-OF-COP28-100x42.webp 100w, https:\/\/climatetoolkit.org\/wp-content\/uploads\/2023\/11\/EXPO-CITY-DUBAI-IS-PROUD-HOST-OF-COP28-150x63.webp 150w, https:\/\/climatetoolkit.org\/wp-content\/uploads\/2023\/11\/EXPO-CITY-DUBAI-IS-PROUD-HOST-OF-COP28-200x84.webp 200w, https:\/\/climatetoolkit.org\/wp-content\/uploads\/2023\/11\/EXPO-CITY-DUBAI-IS-PROUD-HOST-OF-COP28-450x190.webp 450w, https:\/\/climatetoolkit.org\/wp-content\/uploads\/2023\/11\/EXPO-CITY-DUBAI-IS-PROUD-HOST-OF-COP28-600x253.webp 600w\" sizes=\"(max-width: 768px) 100vw, 768px\" \/><\/figure>\n\n\n\n<p>Tra le delegazioni c'\u00e8 anche il Conservatorio Phipps di Pittsburgh, che riconosce che&nbsp;<strong>istituzioni culturali come giardini, musei e zoo<\/strong>&nbsp;anche loro hanno bisogno di un posto a tavola.<\/p>\n\n\n\n<p>\"Alla Phipps crediamo che sia importante sostenere i giovani che si impegnano per affrontare i cambiamenti climatici attraverso molti programmi diversi, fino al pieno sostegno alla partecipazione alla COP, che pu\u00f2 essere e sar\u00e0 un'esperienza che cambier\u00e0 la loro vita\", afferma il presidente e amministratore delegato della Phipps Richard Piacentini.<\/p>\n\n\n\n<p>Quest'anno, Phipps si sta impegnando per lanciare una&nbsp;<a href=\"https:\/\/climatetoolkit.org\/it\/youth\/\"><strong>Rete di strumenti per il clima per i giovani<\/strong><\/a>&nbsp;per i giovani appassionati di azione per il clima e di giustizia ambientale. Cos\u00ec come il Climate Toolkit riunisce musei, giardini e zoo per condividere le conoscenze e le migliori pratiche in materia di azione per il clima, la nuova rete giovanile riunir\u00e0 i giovani di queste istituzioni - compresi i membri del Phipps&nbsp;<a href=\"https:\/\/www.phipps.conservatory.org\/classes-and-programs\/for-educators\/youth-climate-advisory-committee\"><strong>Comitato per la difesa del clima da parte dei giovani (YCAC)<\/strong><\/a>&nbsp;- per condividere e celebrare le loro conoscenze e il loro duro lavoro.<\/p>\n\n\n\n<p>Con queste premesse, non solo il coordinatore YCAC di Phipps&nbsp;<strong>Jennifer Torrance<\/strong>&nbsp;sar\u00e0 presente alla COP28, ma prender\u00e0 parte a&nbsp;<strong>Anna Bagwell<\/strong>, membro dello Youth Climate Advocacy Committee (YCAC) di Phipps, sul palcoscenico mondiale per sostenere un'azione significativa a favore del clima.<\/p>\n\n\n\n<figure class=\"wp-block-image size-large\"><img decoding=\"async\" width=\"1024\" height=\"769\" src=\"https:\/\/climatetoolkit.org\/wp-content\/uploads\/2023\/11\/1000019975-1024x769.jpg\" alt=\"\" class=\"wp-image-2818\" srcset=\"https:\/\/climatetoolkit.org\/wp-content\/uploads\/2023\/11\/1000019975-1024x769.jpg 1024w, https:\/\/climatetoolkit.org\/wp-content\/uploads\/2023\/11\/1000019975-300x225.jpg 300w, https:\/\/climatetoolkit.org\/wp-content\/uploads\/2023\/11\/1000019975-768x577.jpg 768w, https:\/\/climatetoolkit.org\/wp-content\/uploads\/2023\/11\/1000019975-1536x1154.jpg 1536w, https:\/\/climatetoolkit.org\/wp-content\/uploads\/2023\/11\/1000019975-2048x1538.jpg 2048w, https:\/\/climatetoolkit.org\/wp-content\/uploads\/2023\/11\/1000019975-100x75.jpg 100w, https:\/\/climatetoolkit.org\/wp-content\/uploads\/2023\/11\/1000019975-150x113.jpg 150w, https:\/\/climatetoolkit.org\/wp-content\/uploads\/2023\/11\/1000019975-200x150.jpg 200w, https:\/\/climatetoolkit.org\/wp-content\/uploads\/2023\/11\/1000019975-450x338.jpg 450w, https:\/\/climatetoolkit.org\/wp-content\/uploads\/2023\/11\/1000019975-600x451.jpg 600w, https:\/\/climatetoolkit.org\/wp-content\/uploads\/2023\/11\/1000019975-900x676.jpg 900w\" sizes=\"(max-width: 1024px) 100vw, 1024px\" \/><figcaption class=\"wp-element-caption\"><em>Foto L-R: Anna Bagwell, leader degli studenti YCAC<\/em>; <em>Jennifer Torrance, Coordinatore YCAC<\/em>.<\/figcaption><\/figure>\n\n\n\n<p>Anna, giovane amministratrice dell'ambiente e sostenitrice del clima, \u00e8 all'ultimo anno dell'Universit\u00e0 di Pittsburgh e si sta specializzando in studi ambientali, pianificazione urbana e analisi geografica. \u00c8 stata uno dei membri fondatori della YCAC di Phipps e ha ricoperto il ruolo di leader del comitato per due anni. Bagwell ha dimostrato la sua dedizione all'azione per il clima in molti modi, tra cui la partecipazione alla prima Conferenza locale dei giovani (LCOY) mai realizzata negli Stati Uniti, dove ha contribuito alla stesura di una dichiarazione nazionale dei giovani che rappresenta le speranze e i sogni dei giovani americani per un futuro migliore. Inoltre, Bagwell ha partecipato a diversi summit e simposi locali sul clima, come il Pittsburgh Youth Climate Action Summit ospitato ogni anno da Communitopia, e ha anche tenuto un discorso ispiratore a studenti delle scuole medie appassionati di ambiente. Ora Bagwell \u00e8 desideroso di convincere i leader mondiali a intraprendere un'azione immediata e aggressiva per raffreddare il nostro pianeta che si sta riscaldando.<\/p>\n\n\n\n<p><strong>\"Sono onorato ed entusiasta di partecipare a un'azione climatica cos\u00ec significativa\", afferma Bagwell. \"Collaborare con giovani incredibilmente talentuosi e motivati \u00e8 davvero stimolante\".<\/strong><\/p>\n\n\n\n<figure class=\"wp-block-image size-large\"><img decoding=\"async\" width=\"1024\" height=\"768\" src=\"https:\/\/climatetoolkit.org\/wp-content\/uploads\/2023\/11\/1000019977-1024x768.jpg\" alt=\"\" class=\"wp-image-2820\" srcset=\"https:\/\/climatetoolkit.org\/wp-content\/uploads\/2023\/11\/1000019977-1024x768.jpg 1024w, https:\/\/climatetoolkit.org\/wp-content\/uploads\/2023\/11\/1000019977-300x225.jpg 300w, https:\/\/climatetoolkit.org\/wp-content\/uploads\/2023\/11\/1000019977-768x576.jpg 768w, https:\/\/climatetoolkit.org\/wp-content\/uploads\/2023\/11\/1000019977-1536x1152.jpg 1536w, https:\/\/climatetoolkit.org\/wp-content\/uploads\/2023\/11\/1000019977-2048x1536.jpg 2048w, https:\/\/climatetoolkit.org\/wp-content\/uploads\/2023\/11\/1000019977-100x75.jpg 100w, https:\/\/climatetoolkit.org\/wp-content\/uploads\/2023\/11\/1000019977-150x113.jpg 150w, https:\/\/climatetoolkit.org\/wp-content\/uploads\/2023\/11\/1000019977-200x150.jpg 200w, https:\/\/climatetoolkit.org\/wp-content\/uploads\/2023\/11\/1000019977-450x338.jpg 450w, https:\/\/climatetoolkit.org\/wp-content\/uploads\/2023\/11\/1000019977-600x450.jpg 600w, https:\/\/climatetoolkit.org\/wp-content\/uploads\/2023\/11\/1000019977-900x675.jpg 900w\" sizes=\"(max-width: 1024px) 100vw, 1024px\" \/><\/figure>\n\n\n\n<p>E Phipps non potrebbe essere pi\u00f9 d'accordo. Avendo investito nei giovani attraverso programmi come il Phipps Fairchild Challenge, l'EcoLeader Academy e lo YCAC, Phipps sa che i giovani hanno un ruolo essenziale da svolgere nella soluzione della crisi climatica. I giovani capiscono l'urgenza meglio di qualsiasi altra generazione in passato. La loro passione e dedizione per la giustizia climatica, i diritti umani, l'azione immediata, l'educazione al clima e l'empowerment pubblico li rendono potenti catalizzatori del cambiamento. Durante la COP28, i giovani sostenitori del clima come Bagwell solleciteranno i leader mondiali a intraprendere azioni significative e durature sul cambiamento climatico. I giovani delegati di tutto il mondo avranno l'opportunit\u00e0 di presentare ai negoziatori una Dichiarazione globale dei giovani sui cambiamenti climatici, di tenere discorsi, di partecipare a gruppi di discussione e di influenzare le decisioni in materia di politica climatica.<\/p>\n\n\n\n<p><strong>\"Il futuro del nostro pianeta appartiene ai giovani\", osserva Bagwell. Dobbiamo preoccuparci e far s\u00ec che gli altri si preoccupino, perch\u00e9 il nostro futuro risiede nella Terra che erediteremo\". Che questa eredit\u00e0 sia giusta o meno, una nota positiva \u00e8 che le cose stanno cambiando. Ora pi\u00f9 che mai, le persone si stanno svegliando e si rendono conto che bisogna fare qualcosa. Non sottolineer\u00f2 mai abbastanza quanto la voce dei giovani sia importante per fare la differenza\".<\/strong><\/p>\n\n\n\n<p>Tenete gli occhi e le orecchie puntate sui negoziati della COP28 a fine novembre e dicembre. I delegati dei giovani, tra cui Anna Bagwell, lavoreranno instancabilmente per assicurarsi che vengano intraprese azioni ambiziose per un futuro migliore.<\/p>\n\n\n\n<figure class=\"wp-block-image size-large\"><img decoding=\"async\" width=\"1024\" height=\"768\" src=\"https:\/\/climatetoolkit.org\/wp-content\/uploads\/2023\/11\/1000020007-1024x768.jpg\" alt=\"\" class=\"wp-image-2821\" srcset=\"https:\/\/climatetoolkit.org\/wp-content\/uploads\/2023\/11\/1000020007-1024x768.jpg 1024w, https:\/\/climatetoolkit.org\/wp-content\/uploads\/2023\/11\/1000020007-300x225.jpg 300w, https:\/\/climatetoolkit.org\/wp-content\/uploads\/2023\/11\/1000020007-768x576.jpg 768w, https:\/\/climatetoolkit.org\/wp-content\/uploads\/2023\/11\/1000020007-1536x1152.jpg 1536w, https:\/\/climatetoolkit.org\/wp-content\/uploads\/2023\/11\/1000020007-2048x1536.jpg 2048w, https:\/\/climatetoolkit.org\/wp-content\/uploads\/2023\/11\/1000020007-100x75.jpg 100w, https:\/\/climatetoolkit.org\/wp-content\/uploads\/2023\/11\/1000020007-150x113.jpg 150w, https:\/\/climatetoolkit.org\/wp-content\/uploads\/2023\/11\/1000020007-200x150.jpg 200w, https:\/\/climatetoolkit.org\/wp-content\/uploads\/2023\/11\/1000020007-450x338.jpg 450w, https:\/\/climatetoolkit.org\/wp-content\/uploads\/2023\/11\/1000020007-600x450.jpg 600w, https:\/\/climatetoolkit.org\/wp-content\/uploads\/2023\/11\/1000020007-900x675.jpg 900w\" sizes=\"(max-width: 1024px) 100vw, 1024px\" \/><\/figure>\n\n\n\n<figure class=\"wp-block-image\"><img decoding=\"async\" src=\"https:\/\/futureuae.com\/media\/856x480_154b5fa5-8508-4aa6-be89-f8f0ff3b371b.jpg\" alt=\"UN Climate Change Conference: COP28 | Global Resilience Institute\"\/><\/figure>","protected":false},"excerpt":{"rendered":"<p>Il Conservatorio Phipps sostiene la passione dei giovani per l'ambiente a un livello completamente nuovo. Gioved\u00ec 30 novembre segna un momento importante sia per Dubai, Emirati Arabi Uniti, sia per Pittsburgh, PA: l'inizio della COP28. Si tratta della ventottesima Conferenza delle Parti ...<\/p>\n<p class=\"read-more\"> <a class=\"\" href=\"https:\/\/climatetoolkit.org\/it\/phipps-youth-on-the-world-stage-at-cop28\/\"> <span class=\"screen-reader-text\">I giovani di Phipps sul palcoscenico mondiale della COP28<\/span> Leggi tutto \"<\/a><\/p>","protected":false},"author":2,"featured_media":2791,"comment_status":"closed","ping_status":"closed","sticky":false,"template":"","format":"standard","meta":{"_acf_changed":false,"inline_featured_image":false,"advgb_blocks_editor_width":"","advgb_blocks_columns_visual_guide":"","footnotes":""},"categories":[1,179],"tags":[],"class_list":["post-2790","post","type-post","status-publish","format-standard","has-post-thumbnail","hentry","category-energy","category-engagement"],"acf":[],"yoast_head":"<!-- This site is optimized with the Yoast SEO plugin v27.4 - https:\/\/yoast.com\/product\/yoast-seo-wordpress\/ -->\n<title>Phipps Youth on the World Stage at COP28 - The Climate Toolkit<\/title>\n<meta name=\"robots\" content=\"noindex, follow\" \/>\n<meta property=\"og:locale\" content=\"it_IT\" \/>\n<meta property=\"og:type\" content=\"article\" \/>\n<meta property=\"og:title\" content=\"Phipps Youth on the World Stage at COP28 - The Climate Toolkit\" \/>\n<meta property=\"og:description\" content=\"Phipps Conservatory is supporting young people&#8217;s passion for the environment on a whole new level. Thurs., Nov 30 marks an important moment for both Dubai, UAE and Pittsburgh, PA: the start of&nbsp;COP28. While this is the twenty-eighth Conference of Parties &hellip; Phipps Youth on the World Stage at COP28 Leggi tutto &raquo;\" \/>\n<meta property=\"og:url\" content=\"https:\/\/climatetoolkit.org\/it\/phipps-youth-on-the-world-stage-at-cop28\/\" \/>\n<meta property=\"og:site_name\" content=\"The Climate Toolkit\" \/>\n<meta property=\"article:published_time\" content=\"2023-11-29T14:43:26+00:00\" \/>\n<meta property=\"article:modified_time\" content=\"2025-06-18T20:12:35+00:00\" \/>\n<meta property=\"og:image\" content=\"https:\/\/climatetoolkit.org\/wp-content\/uploads\/2023\/11\/COP28-hero.jpg\" \/>\n\t<meta property=\"og:image:width\" content=\"1900\" \/>\n\t<meta property=\"og:image:height\" content=\"1154\" \/>\n\t<meta property=\"og:image:type\" content=\"image\/jpeg\" \/>\n<meta name=\"author\" content=\"joe reed\" \/>\n<meta name=\"twitter:card\" content=\"summary_large_image\" \/>\n<meta name=\"twitter:label1\" content=\"Scritto da\" \/>\n\t<meta name=\"twitter:data1\" content=\"joe reed\" \/>\n\t<meta name=\"twitter:label2\" content=\"Tempo di lettura stimato\" \/>\n\t<meta name=\"twitter:data2\" content=\"5 minuti\" \/>\n<script type=\"application\/ld+json\" class=\"yoast-schema-graph\">{\"@context\":\"https:\\\/\\\/schema.org\",\"@graph\":[{\"@type\":\"Article\",\"@id\":\"https:\\\/\\\/climatetoolkit.org\\\/phipps-youth-on-the-world-stage-at-cop28\\\/#article\",\"isPartOf\":{\"@id\":\"https:\\\/\\\/climatetoolkit.org\\\/phipps-youth-on-the-world-stage-at-cop28\\\/\"},\"author\":{\"name\":\"joe reed\",\"@id\":\"https:\\\/\\\/climatetoolkit.org\\\/#\\\/schema\\\/person\\\/0a315cfe2d4239376531ced9d06c441c\"},\"headline\":\"Phipps Youth on the World Stage at COP28\",\"datePublished\":\"2023-11-29T14:43:26+00:00\",\"dateModified\":\"2025-06-18T20:12:35+00:00\",\"mainEntityOfPage\":{\"@id\":\"https:\\\/\\\/climatetoolkit.org\\\/phipps-youth-on-the-world-stage-at-cop28\\\/\"},\"wordCount\":783,\"publisher\":{\"@id\":\"https:\\\/\\\/climatetoolkit.org\\\/#organization\"},\"image\":{\"@id\":\"https:\\\/\\\/climatetoolkit.org\\\/phipps-youth-on-the-world-stage-at-cop28\\\/#primaryimage\"},\"thumbnailUrl\":\"https:\\\/\\\/climatetoolkit.org\\\/wp-content\\\/uploads\\\/2023\\\/11\\\/COP28-hero.jpg\",\"articleSection\":[\"Energy\",\"Engagement\"],\"inLanguage\":\"it-IT\"},{\"@type\":\"WebPage\",\"@id\":\"https:\\\/\\\/climatetoolkit.org\\\/phipps-youth-on-the-world-stage-at-cop28\\\/\",\"url\":\"https:\\\/\\\/climatetoolkit.org\\\/phipps-youth-on-the-world-stage-at-cop28\\\/\",\"name\":\"Phipps Youth on the World Stage at COP28 - The Climate Toolkit\",\"isPartOf\":{\"@id\":\"https:\\\/\\\/climatetoolkit.org\\\/#website\"},\"primaryImageOfPage\":{\"@id\":\"https:\\\/\\\/climatetoolkit.org\\\/phipps-youth-on-the-world-stage-at-cop28\\\/#primaryimage\"},\"image\":{\"@id\":\"https:\\\/\\\/climatetoolkit.org\\\/phipps-youth-on-the-world-stage-at-cop28\\\/#primaryimage\"},\"thumbnailUrl\":\"https:\\\/\\\/climatetoolkit.org\\\/wp-content\\\/uploads\\\/2023\\\/11\\\/COP28-hero.jpg\",\"datePublished\":\"2023-11-29T14:43:26+00:00\",\"dateModified\":\"2025-06-18T20:12:35+00:00\",\"breadcrumb\":{\"@id\":\"https:\\\/\\\/climatetoolkit.org\\\/phipps-youth-on-the-world-stage-at-cop28\\\/#breadcrumb\"},\"inLanguage\":\"it-IT\",\"potentialAction\":[{\"@type\":\"ReadAction\",\"target\":[\"https:\\\/\\\/climatetoolkit.org\\\/phipps-youth-on-the-world-stage-at-cop28\\\/\"]}]},{\"@type\":\"ImageObject\",\"inLanguage\":\"it-IT\",\"@id\":\"https:\\\/\\\/climatetoolkit.org\\\/phipps-youth-on-the-world-stage-at-cop28\\\/#primaryimage\",\"url\":\"https:\\\/\\\/climatetoolkit.org\\\/wp-content\\\/uploads\\\/2023\\\/11\\\/COP28-hero.jpg\",\"contentUrl\":\"https:\\\/\\\/climatetoolkit.org\\\/wp-content\\\/uploads\\\/2023\\\/11\\\/COP28-hero.jpg\",\"width\":1900,\"height\":1154},{\"@type\":\"BreadcrumbList\",\"@id\":\"https:\\\/\\\/climatetoolkit.org\\\/phipps-youth-on-the-world-stage-at-cop28\\\/#breadcrumb\",\"itemListElement\":[{\"@type\":\"ListItem\",\"position\":1,\"name\":\"Home\",\"item\":\"https:\\\/\\\/climatetoolkit.org\\\/\"},{\"@type\":\"ListItem\",\"position\":2,\"name\":\"Phipps Youth on the World Stage at COP28\"}]},{\"@type\":\"WebSite\",\"@id\":\"https:\\\/\\\/climatetoolkit.org\\\/#website\",\"url\":\"https:\\\/\\\/climatetoolkit.org\\\/\",\"name\":\"The Climate Toolkit\",\"description\":\"For Museums, Gardens and Zoos\",\"publisher\":{\"@id\":\"https:\\\/\\\/climatetoolkit.org\\\/#organization\"},\"potentialAction\":[{\"@type\":\"SearchAction\",\"target\":{\"@type\":\"EntryPoint\",\"urlTemplate\":\"https:\\\/\\\/climatetoolkit.org\\\/?s={search_term_string}\"},\"query-input\":{\"@type\":\"PropertyValueSpecification\",\"valueRequired\":true,\"valueName\":\"search_term_string\"}}],\"inLanguage\":\"it-IT\"},{\"@type\":\"Organization\",\"@id\":\"https:\\\/\\\/climatetoolkit.org\\\/#organization\",\"name\":\"The Climate Toolkit\",\"url\":\"https:\\\/\\\/climatetoolkit.org\\\/\",\"logo\":{\"@type\":\"ImageObject\",\"inLanguage\":\"it-IT\",\"@id\":\"https:\\\/\\\/climatetoolkit.org\\\/#\\\/schema\\\/logo\\\/image\\\/\",\"url\":\"https:\\\/\\\/climatetoolkit.org\\\/wp-content\\\/uploads\\\/2020\\\/05\\\/C_logo.png\",\"contentUrl\":\"https:\\\/\\\/climatetoolkit.org\\\/wp-content\\\/uploads\\\/2020\\\/05\\\/C_logo.png\",\"width\":512,\"height\":512,\"caption\":\"The Climate Toolkit\"},\"image\":{\"@id\":\"https:\\\/\\\/climatetoolkit.org\\\/#\\\/schema\\\/logo\\\/image\\\/\"}},{\"@type\":\"Person\",\"@id\":\"https:\\\/\\\/climatetoolkit.org\\\/#\\\/schema\\\/person\\\/0a315cfe2d4239376531ced9d06c441c\",\"name\":\"joe reed\",\"image\":{\"@type\":\"ImageObject\",\"inLanguage\":\"it-IT\",\"@id\":\"https:\\\/\\\/secure.gravatar.com\\\/avatar\\\/472f195403d80a13cf2167242ca383d8b44ece2a427beed29cba86949c90ae13?s=96&d=mm&r=g\",\"url\":\"https:\\\/\\\/secure.gravatar.com\\\/avatar\\\/472f195403d80a13cf2167242ca383d8b44ece2a427beed29cba86949c90ae13?s=96&d=mm&r=g\",\"contentUrl\":\"https:\\\/\\\/secure.gravatar.com\\\/avatar\\\/472f195403d80a13cf2167242ca383d8b44ece2a427beed29cba86949c90ae13?s=96&d=mm&r=g\",\"caption\":\"joe reed\"}}]}<\/script>\n<!-- \/ Yoast SEO plugin. -->","yoast_head_json":{"title":"Phipps Youth on the World Stage at COP28 - The Climate Toolkit","robots":{"index":"noindex","follow":"follow"},"og_locale":"it_IT","og_type":"article","og_title":"Phipps Youth on the World Stage at COP28 - The Climate Toolkit","og_description":"Phipps Conservatory is supporting young people&#8217;s passion for the environment on a whole new level. Thurs., Nov 30 marks an important moment for both Dubai, UAE and Pittsburgh, PA: the start of&nbsp;COP28. While this is the twenty-eighth Conference of Parties &hellip; Phipps Youth on the World Stage at COP28 Leggi tutto &raquo;","og_url":"https:\/\/climatetoolkit.org\/it\/phipps-youth-on-the-world-stage-at-cop28\/","og_site_name":"The Climate Toolkit","article_published_time":"2023-11-29T14:43:26+00:00","article_modified_time":"2025-06-18T20:12:35+00:00","og_image":[{"width":1900,"height":1154,"url":"https:\/\/climatetoolkit.org\/wp-content\/uploads\/2023\/11\/COP28-hero.jpg","type":"image\/jpeg"}],"author":"joe reed","twitter_card":"summary_large_image","twitter_misc":{"Scritto da":"joe reed","Tempo di lettura stimato":"5 minuti"},"schema":{"@context":"https:\/\/schema.org","@graph":[{"@type":"Article","@id":"https:\/\/climatetoolkit.org\/phipps-youth-on-the-world-stage-at-cop28\/#article","isPartOf":{"@id":"https:\/\/climatetoolkit.org\/phipps-youth-on-the-world-stage-at-cop28\/"},"author":{"name":"joe reed","@id":"https:\/\/climatetoolkit.org\/#\/schema\/person\/0a315cfe2d4239376531ced9d06c441c"},"headline":"Phipps Youth on the World Stage at COP28","datePublished":"2023-11-29T14:43:26+00:00","dateModified":"2025-06-18T20:12:35+00:00","mainEntityOfPage":{"@id":"https:\/\/climatetoolkit.org\/phipps-youth-on-the-world-stage-at-cop28\/"},"wordCount":783,"publisher":{"@id":"https:\/\/climatetoolkit.org\/#organization"},"image":{"@id":"https:\/\/climatetoolkit.org\/phipps-youth-on-the-world-stage-at-cop28\/#primaryimage"},"thumbnailUrl":"https:\/\/climatetoolkit.org\/wp-content\/uploads\/2023\/11\/COP28-hero.jpg","articleSection":["Energy","Engagement"],"inLanguage":"it-IT"},{"@type":"WebPage","@id":"https:\/\/climatetoolkit.org\/phipps-youth-on-the-world-stage-at-cop28\/","url":"https:\/\/climatetoolkit.org\/phipps-youth-on-the-world-stage-at-cop28\/","name":"Phipps Youth on the World Stage at COP28 - The Climate Toolkit","isPartOf":{"@id":"https:\/\/climatetoolkit.org\/#website"},"primaryImageOfPage":{"@id":"https:\/\/climatetoolkit.org\/phipps-youth-on-the-world-stage-at-cop28\/#primaryimage"},"image":{"@id":"https:\/\/climatetoolkit.org\/phipps-youth-on-the-world-stage-at-cop28\/#primaryimage"},"thumbnailUrl":"https:\/\/climatetoolkit.org\/wp-content\/uploads\/2023\/11\/COP28-hero.jpg","datePublished":"2023-11-29T14:43:26+00:00","dateModified":"2025-06-18T20:12:35+00:00","breadcrumb":{"@id":"https:\/\/climatetoolkit.org\/phipps-youth-on-the-world-stage-at-cop28\/#breadcrumb"},"inLanguage":"it-IT","potentialAction":[{"@type":"ReadAction","target":["https:\/\/climatetoolkit.org\/phipps-youth-on-the-world-stage-at-cop28\/"]}]},{"@type":"ImageObject","inLanguage":"it-IT","@id":"https:\/\/climatetoolkit.org\/phipps-youth-on-the-world-stage-at-cop28\/#primaryimage","url":"https:\/\/climatetoolkit.org\/wp-content\/uploads\/2023\/11\/COP28-hero.jpg","contentUrl":"https:\/\/climatetoolkit.org\/wp-content\/uploads\/2023\/11\/COP28-hero.jpg","width":1900,"height":1154},{"@type":"BreadcrumbList","@id":"https:\/\/climatetoolkit.org\/phipps-youth-on-the-world-stage-at-cop28\/#breadcrumb","itemListElement":[{"@type":"ListItem","position":1,"name":"Home","item":"https:\/\/climatetoolkit.org\/"},{"@type":"ListItem","position":2,"name":"Phipps Youth on the World Stage at COP28"}]},{"@type":"WebSite","@id":"https:\/\/climatetoolkit.org\/#website","url":"https:\/\/climatetoolkit.org\/","name":"Il Toolkit per il clima","description":"Per musei, giardini e zoo","publisher":{"@id":"https:\/\/climatetoolkit.org\/#organization"},"potentialAction":[{"@type":"SearchAction","target":{"@type":"EntryPoint","urlTemplate":"https:\/\/climatetoolkit.org\/?s={search_term_string}"},"query-input":{"@type":"PropertyValueSpecification","valueRequired":true,"valueName":"search_term_string"}}],"inLanguage":"it-IT"},{"@type":"Organization","@id":"https:\/\/climatetoolkit.org\/#organization","name":"Il Toolkit per il clima","url":"https:\/\/climatetoolkit.org\/","logo":{"@type":"ImageObject","inLanguage":"it-IT","@id":"https:\/\/climatetoolkit.org\/#\/schema\/logo\/image\/","url":"https:\/\/climatetoolkit.org\/wp-content\/uploads\/2020\/05\/C_logo.png","contentUrl":"https:\/\/climatetoolkit.org\/wp-content\/uploads\/2020\/05\/C_logo.png","width":512,"height":512,"caption":"The Climate Toolkit"},"image":{"@id":"https:\/\/climatetoolkit.org\/#\/schema\/logo\/image\/"}},{"@type":"Person","@id":"https:\/\/climatetoolkit.org\/#\/schema\/person\/0a315cfe2d4239376531ced9d06c441c","name":"joe reed","image":{"@type":"ImageObject","inLanguage":"it-IT","@id":"https:\/\/secure.gravatar.com\/avatar\/472f195403d80a13cf2167242ca383d8b44ece2a427beed29cba86949c90ae13?s=96&d=mm&r=g","url":"https:\/\/secure.gravatar.com\/avatar\/472f195403d80a13cf2167242ca383d8b44ece2a427beed29cba86949c90ae13?s=96&d=mm&r=g","contentUrl":"https:\/\/secure.gravatar.com\/avatar\/472f195403d80a13cf2167242ca383d8b44ece2a427beed29cba86949c90ae13?s=96&d=mm&r=g","caption":"joe reed"}}]}},"author_meta":{"display_name":"joe reed","author_link":"https:\/\/climatetoolkit.org\/it\/author\/joe\/"},"featured_img":"https:\/\/climatetoolkit.org\/wp-content\/uploads\/2023\/11\/COP28-hero-300x182.jpg","coauthors":[],"tax_additional":{"categories":{"linked":["<a href=\"https:\/\/climatetoolkit.org\/it\/blog-category\/energy\/\" class=\"advgb-post-tax-term\">Energy<\/a>","<a href=\"https:\/\/climatetoolkit.org\/it\/blog-category\/engagement\/\" class=\"advgb-post-tax-term\">Engagement<\/a>"],"unlinked":["<span class=\"advgb-post-tax-term\">Energy<\/span>","<span class=\"advgb-post-tax-term\">Engagement<\/span>"]}},"comment_count":0,"relative_dates":{"created":"Pubblicato 2 anni fa","modified":"Aggiornato 10 mesi fa"},"absolute_dates":{"created":"Pubblicato il Novembre 29, 2023","modified":"Aggiornato il Giugno 18, 2025"},"absolute_dates_time":{"created":"Pubblicato il Novembre 29, 2023 9:43 am","modified":"Aggiornato il Giugno 18, 2025 4:12 pm"},"featured_img_caption":"","series_order":"","_links":{"self":[{"href":"https:\/\/climatetoolkit.org\/it\/wp-json\/wp\/v2\/posts\/2790","targetHints":{"allow":["GET"]}}],"collection":[{"href":"https:\/\/climatetoolkit.org\/it\/wp-json\/wp\/v2\/posts"}],"about":[{"href":"https:\/\/climatetoolkit.org\/it\/wp-json\/wp\/v2\/types\/post"}],"author":[{"embeddable":true,"href":"https:\/\/climatetoolkit.org\/it\/wp-json\/wp\/v2\/users\/2"}],"replies":[{"embeddable":true,"href":"https:\/\/climatetoolkit.org\/it\/wp-json\/wp\/v2\/comments?post=2790"}],"version-history":[{"count":1,"href":"https:\/\/climatetoolkit.org\/it\/wp-json\/wp\/v2\/posts\/2790\/revisions"}],"predecessor-version":[{"id":4501,"href":"https:\/\/climatetoolkit.org\/it\/wp-json\/wp\/v2\/posts\/2790\/revisions\/4501"}],"wp:featuredmedia":[{"embeddable":true,"href":"https:\/\/climatetoolkit.org\/it\/wp-json\/wp\/v2\/media\/2791"}],"wp:attachment":[{"href":"https:\/\/climatetoolkit.org\/it\/wp-json\/wp\/v2\/media?parent=2790"}],"wp:term":[{"taxonomy":"category","embeddable":true,"href":"https:\/\/climatetoolkit.org\/it\/wp-json\/wp\/v2\/categories?post=2790"},{"taxonomy":"post_tag","embeddable":true,"href":"https:\/\/climatetoolkit.org\/it\/wp-json\/wp\/v2\/tags?post=2790"}],"curies":[{"name":"wp","href":"https:\/\/api.w.org\/{rel}","templated":true}]}}