{"id":1335,"date":"2021-11-22T11:18:11","date_gmt":"2021-11-22T16:18:11","guid":{"rendered":"https:\/\/climatetoolkit.org\/?p=1335"},"modified":"2025-06-18T16:12:41","modified_gmt":"2025-06-18T20:12:41","slug":"phipps-at-cop26-observations-and-opportunities","status":"publish","type":"post","link":"https:\/\/climatetoolkit.org\/it\/phipps-at-cop26-observations-and-opportunities\/","title":{"rendered":"Phipps alla COP26: osservazioni e opportunit\u00e0"},"content":{"rendered":"<p>Phipps ha inviato alla COP26 tre membri del personale con lo status di osservatori nella Zona Blu: Il Presidente e CEO Richard Piacentini, il Direttore della Ricerca e dell'Educazione Scientifica Sarah States e la Coordinatrice della Ricerca e dell'Educazione Scientifica Jennifer Torrance. Il nostro obiettivo era quello di creare nuove connessioni con organizzazioni che la pensano allo stesso modo e di trovare opportunit\u00e0 per istituzioni come giardini, zoo e musei di guidare gli sforzi per affrontare il cambiamento climatico nelle comunit\u00e0 che servono.<\/p>\n\n\n\n<p>Una panoramica generale dei risultati della COP26 \u00e8 disponibile <a href=\"https:\/\/ideas.ted.com\/what-you-need-to-know-about-the-cop26-glasgow-climate-pact\/\">qui<\/a>. Di seguito sono riportati i resoconti di ciascuno dei tre membri dello staff di Phipps, ognuno con un'area di interesse specifica.<\/p>\n\n\n\n<h4 class=\"wp-block-heading\">Richard Piacentini, Presidente e CEO<\/h4>\n\n\n\n<div class=\"wp-block-image\"><figure class=\"alignright size-large is-resized\"><img decoding=\"async\" src=\"https:\/\/climatetoolkit.org\/wp-content\/uploads\/2021\/11\/Richard-V.-Piacentini-1024x682.jpg\" alt=\"\" class=\"wp-image-1352\" width=\"486\" height=\"325\" srcset=\"https:\/\/climatetoolkit.org\/wp-content\/uploads\/2021\/11\/Richard-V.-Piacentini-1024x682.jpg 1024w, https:\/\/climatetoolkit.org\/wp-content\/uploads\/2021\/11\/Richard-V.-Piacentini-300x200.jpg 300w, https:\/\/climatetoolkit.org\/wp-content\/uploads\/2021\/11\/Richard-V.-Piacentini-768x512.jpg 768w, https:\/\/climatetoolkit.org\/wp-content\/uploads\/2021\/11\/Richard-V.-Piacentini-1536x1024.jpg 1536w, https:\/\/climatetoolkit.org\/wp-content\/uploads\/2021\/11\/Richard-V.-Piacentini-2048x1365.jpg 2048w, https:\/\/climatetoolkit.org\/wp-content\/uploads\/2021\/11\/Richard-V.-Piacentini-100x67.jpg 100w, https:\/\/climatetoolkit.org\/wp-content\/uploads\/2021\/11\/Richard-V.-Piacentini-150x100.jpg 150w, https:\/\/climatetoolkit.org\/wp-content\/uploads\/2021\/11\/Richard-V.-Piacentini-200x133.jpg 200w, https:\/\/climatetoolkit.org\/wp-content\/uploads\/2021\/11\/Richard-V.-Piacentini-450x300.jpg 450w, https:\/\/climatetoolkit.org\/wp-content\/uploads\/2021\/11\/Richard-V.-Piacentini-600x400.jpg 600w, https:\/\/climatetoolkit.org\/wp-content\/uploads\/2021\/11\/Richard-V.-Piacentini-900x600.jpg 900w\" sizes=\"(max-width: 486px) 100vw, 486px\" \/><\/figure><\/div>\n\n\n\n<p><em>Area di interesse: Organizzazioni culturali che affrontano il cambiamento climatico<\/em><\/p>\n\n\n\n<p>Passando in rassegna tutti i padiglioni della COP26 che descrivono ci\u00f2 che stanno facendo per affrontare il cambiamento climatico, si potrebbe credere che il problema sia gi\u00e0 stato risolto, ma come direbbe Greta Thunberg, si tratta di un sacco di \"<a href=\"https:\/\/www.theguardian.com\/environment\/2021\/sep\/28\/blah-greta-thunberg-leaders-climate-crisis-co2-emissions\">bla, bla, bla<\/a>e gli impegni finali della conferenza sono stati inferiori a quelli necessari per rimanere al di sotto di 1,5 gradi Celsius ed evitare gli effetti catastrofici previsti dal superamento di tale obiettivo. Tuttavia, ci sono stati alcuni sviluppi positivi.<br>Alla conferenza, <a href=\"https:\/\/www.youtube.com\/watch?v=yExsEw6ZbGY\">Presidente Biden<\/a> ha promesso che gli Stati Uniti dimezzeranno l'inquinamento da gas serra rispetto ai livelli del 2005 entro il 2030 e saranno Net-Zero entro il 2050. Questo \u00e8 un invito all'azione: indipendentemente dallo scopo o dalla missione del vostro giardino o museo, ogni persona, organizzazione e azienda dovrebbe impegnarsi a dimezzare le proprie emissioni entro il 2030 per sostenere questo obiettivo. Questa \u00e8 la nostra sfida e la nostra opportunit\u00e0. In un prossimo webinar per <a href=\"https:\/\/climatetoolkit.org\/it\/\">Il Toolkit per il clima<\/a> vi spiegheremo come calcolare il vostro obiettivo di emissioni per il 2030. Vi invitiamo a <a href=\"https:\/\/climatetoolkit.org\/it\/join-the-climate-toolkit\/\">partecipare al Toolkit<\/a> in modo da conoscere le strategie applicate da altri istituti che potrebbero aiutare anche voi a raggiungere il vostro obiettivo.<\/p>\n\n\n\n<p>Il settore museale (che comprende i giardini pubblici) non \u00e8 attualmente uno dei principali attori della COP, n\u00e9 \u00e8 considerato molto importante. I leader governativi e di altre ONG con cui ho parlato alla COP erano sorpresi di pensare ai musei come potenziali partner nell'affrontare il cambiamento climatico. Quando \u00e8 stata lanciata l'iniziativa \"We Are Still In\", dopo che il Presidente Trump aveva annunciato che gli Stati Uniti si sarebbero ritirati dall'Accordo sul clima di Parigi, era incentrata sulle imprese e sulle citt\u00e0. Non c'era alcuna possibilit\u00e0 per i musei di aderire - lo so perch\u00e9 ci abbiamo provato. Ora i musei possono aderire, il progetto \u00e8 stato rinominato <a href=\"https:\/\/www.americaisallin.com\/\">L'America \u00e8 tutta dentro<\/a>e vi invito caldamente a iscrivervi. I musei sono alcune delle organizzazioni pi\u00f9 affidabili nelle loro comunit\u00e0 e, collettivamente, raggiungono centinaia di milioni di visitatori all'anno. Dovremmo essere protagonisti nell'affrontare il cambiamento climatico. Ma se vogliamo essere presenti al tavolo, dobbiamo aumentare il nostro profilo. Durante la COP26, ho avuto l'opportunit\u00e0 di partecipare a un panel nell'ambito dell'iniziativa \"America Is All In\". <a href=\"https:\/\/www.youtube.com\/watch?v=4Fl-iDBc58g&amp;t=11s\">La cultura al di sopra del carbonio<\/a>e ho parlato anche al Centro d'Azione per il Clima degli Stati Uniti su<a href=\"https:\/\/www.youtube.com\/watch?v=F7wVAvufwYM\"> Leading by Example, Collections Based Cultural Organizations addressing Climate Change.<\/a><br>I temi giornalieri e i punti all'ordine del giorno per le presentazioni sono stati i seguenti: Finanza, Energia, Giovani e Empowerment pubblico, Natura, Perdite e danni da adattamento, Genere, Trasporti, Citt\u00e0, Regioni e Ambiente costruito e Popolazioni indigene. Molte di queste sessioni sono state registrate. Una ricerca su YouTube vi permetter\u00e0 di trovarle. Di seguito sono riportati ulteriori link ad alcuni dei migliori interventi e risorse relativi al settore museale che ho osservato durante la conferenza:<\/p>\n\n\n\n<ul class=\"wp-block-list\"><li>Il Segretario agli Interni Deb Haaland \u00e8 intervenuta nel corso di una tavola rotonda presso l'U.S. Center on <a href=\"https:\/\/www.youtube.com\/watch?v=TMS6_g_ULcQ&amp;t=1401s\">Salvare la natura per salvare noi stessi<\/a>. Il suo discorso inizia alle 11.35. In seguito ho parlato con il suo capo di gabinetto, Rachael Taylor, che mi ha illustrato come i giardini pubblici potrebbero aiutarla nel suo impegno per la conservazione della biodiversit\u00e0.<\/li><li><a href=\"https:\/\/www.youtube.com\/watch?v=h027vg3AEdQ\">Il senatore statunitense Markey e i sostenitori del clima di Sierra Club, WWF e NRDC discutono di \"Build Back Better\".<\/a><\/li><li>Durante una piccola sessione, il consigliere nazionale per il clima Gina McCarthy ha risposto alle domande sul cambiamento climatico e le organizzazioni culturali.<\/li><li><a href=\"https:\/\/www.earthday.org\/cop26\/\">Earthday.org<\/a> ha tenuto una serie di sessioni su un'ampia variet\u00e0 di argomenti.<\/li><li>In occasione di un evento collaterale alla COP26, il Botanic Gardens Conservation International (BGCI) ha lanciato <a href=\"https:\/\/www.biodiversitystandard.org\/\">Il Global Biodiversity Standard, che cerca di affrontare le sfide dei programmi di piantumazione di alberi.<\/a><\/li><li>Richard Deverell, direttore del Royal Botanic Gardens, Kew - l'unico altro giardino rappresentato nella Zona Blu - \u00e8 intervenuto su <a href=\"https:\/\/www.youtube.com\/watch?v=WKyPr7CiyZY\">Come i giardini botanici possono salvare il mondo<\/a>.<\/li><li>Ho trovato la discussione <a href=\"https:\/\/unfccc-cop26.streamworld.de\/webcast\/futures-lab-transformational-economics-meets-trans\">Futures Lab: L'economia trasformazionale incontra la leadership trasformazionale<\/a>Il progetto \u00e8 stato condotto dal Club di Roma per allinearsi al pensiero rigenerativo, che \u00e8 il paradigma che utilizziamo nella pianificazione e nella gestione operativa di Phipps.<\/li><li>Altri momenti salienti della Conferenza sono stati gli interventi di <a href=\"https:\/\/www.youtube.com\/watch?v=69EMd4csZRY&amp;t=1921s\">Il Presidente Obama<\/a> e <a href=\"https:\/\/www.youtube.com\/watch?v=ihhzCCsWJSw\">David Attenborough<\/a> e osservazioni di <a href=\"https:\/\/www.youtube.com\/watch?v=aSasq21KqCQ\">John Kerry, Gina McCarthy e Ali Zaidi alla COP26<\/a><\/li><\/ul>\n\n\n\n<h4 class=\"wp-block-heading\">Sarah States, Direttore della Ricerca e dell'Educazione scientifica<\/h4>\n\n\n\n<div class=\"wp-block-image\"><figure class=\"alignright size-large is-resized\"><img decoding=\"async\" src=\"https:\/\/climatetoolkit.org\/wp-content\/uploads\/2021\/11\/Dr.-Sarah-States-headshot_CREDIT_Phipps-Staff-1024x639.jpg\" alt=\"\" class=\"wp-image-1349\" width=\"499\" height=\"312\" srcset=\"https:\/\/climatetoolkit.org\/wp-content\/uploads\/2021\/11\/Dr.-Sarah-States-headshot_CREDIT_Phipps-Staff-1024x639.jpg 1024w, https:\/\/climatetoolkit.org\/wp-content\/uploads\/2021\/11\/Dr.-Sarah-States-headshot_CREDIT_Phipps-Staff-300x187.jpg 300w, https:\/\/climatetoolkit.org\/wp-content\/uploads\/2021\/11\/Dr.-Sarah-States-headshot_CREDIT_Phipps-Staff-768x479.jpg 768w, https:\/\/climatetoolkit.org\/wp-content\/uploads\/2021\/11\/Dr.-Sarah-States-headshot_CREDIT_Phipps-Staff-1536x959.jpg 1536w, https:\/\/climatetoolkit.org\/wp-content\/uploads\/2021\/11\/Dr.-Sarah-States-headshot_CREDIT_Phipps-Staff-2048x1279.jpg 2048w, https:\/\/climatetoolkit.org\/wp-content\/uploads\/2021\/11\/Dr.-Sarah-States-headshot_CREDIT_Phipps-Staff-100x62.jpg 100w, https:\/\/climatetoolkit.org\/wp-content\/uploads\/2021\/11\/Dr.-Sarah-States-headshot_CREDIT_Phipps-Staff-150x94.jpg 150w, https:\/\/climatetoolkit.org\/wp-content\/uploads\/2021\/11\/Dr.-Sarah-States-headshot_CREDIT_Phipps-Staff-200x125.jpg 200w, https:\/\/climatetoolkit.org\/wp-content\/uploads\/2021\/11\/Dr.-Sarah-States-headshot_CREDIT_Phipps-Staff-450x281.jpg 450w, https:\/\/climatetoolkit.org\/wp-content\/uploads\/2021\/11\/Dr.-Sarah-States-headshot_CREDIT_Phipps-Staff-600x375.jpg 600w, https:\/\/climatetoolkit.org\/wp-content\/uploads\/2021\/11\/Dr.-Sarah-States-headshot_CREDIT_Phipps-Staff-900x562.jpg 900w\" sizes=\"(max-width: 499px) 100vw, 499px\" \/><\/figure><\/div>\n\n\n\n<p><em>Area d'intervento: Comunicazione scientifica e climatica<\/em><\/p>\n\n\n\n<p>Durante la sua permanenza alla COP26, Sarah si \u00e8 messa in contatto con altri educatori e ha seguito i negoziati su <a href=\"https:\/\/unfccc.int\/topics\/education-youth\/the-big-picture\/what-is-action-for-climate-empowerment#eq-1\">Azione per l'empowerment climatico (ACE<\/a>), il programma delle Nazioni Unite che si occupa di educazione, sensibilizzazione e formazione sui temi del cambiamento climatico. L'ACE lavora per realizzare gli obiettivi originari dell'articolo 6 dell'Accordo di Parigi, in cui le parti concordano che il pubblico debba essere coinvolto nello sviluppo di risposte ai cambiamenti climatici. Nonostante gli scarsi finanziamenti e la scarsa cooperazione da parte delle nazioni per l'attuazione del programma ACE, esiste una rete forte e vocale di stakeholder non appartenenti alle parti che sostengono le iniziative ACE, anche negli Stati Uniti. <a href=\"https:\/\/www.usacecoalition.org\/\">Coalizione ACE degli Stati Uniti<\/a>, di cui Phipps \u00e8 membro, \u00e8 una rete multidisciplinare di persone e organizzazioni impegnate nell'attuazione di iniziative ACE in tutti i settori della societ\u00e0.<br>Di seguito sono riportati alcuni link informativi che contribuiscono a caratterizzare l'esperienza COP.<\/p>\n\n\n\n<ul class=\"wp-block-list\"><li>IAAI Youth Climate Action Innovation (Associazione internazionale per l'avanzamento di approcci innovativi alle sfide globali) ha tenuto <a href=\"https:\/\/unfccc-cop26.streamworld.de\/webcast\/iaai-youth-climate-action-innovation\">una breve conferenza stampa<\/a> con i giovani coinvolti nell'ACE e <a href=\"https:\/\/unfccc.int\/topics\/education-youth\/youth\/youngo\">GIOVANNI<\/a>, la circoscrizione giovanile ufficiale dell'UNFCCC. Il panel discute diverse questioni rilevanti per il coinvolgimento dei giovani nell'UNFCCC e alcuni temi pi\u00f9 ampi della COP26, come le competenze di cui i giovani hanno bisogno per essere maggiormente coinvolti nei negoziati sul clima, le questioni climatiche chiave importanti per i giovani e come coinvolgere veramente i giovani piuttosto che impegnarsi solo in un'azione simbolica.<\/li><li>A dispetto di ci\u00f2 che si \u00e8 sentito al telegiornale, la COP26 non \u00e8 stata solo una manifestazione di malinconia: \u00e8 stata anche una vetrina per le molte soluzioni basate sulla natura che si stanno realizzando. Un esempio \u00e8 stato <a href=\"https:\/\/justdiggit.org\/\">Justdiggit<\/a>, un'organizzazione che lavora per rinverdire parti dell'Africa attraverso la raccolta dell'acqua piovana e il ripristino degli alberi. La loro presentazione ha messo in evidenza il loro duro lavoro, ma ha anche mostrato <a href=\"https:\/\/unfccc-cop26.streamworld.de\/webcast\/justdiggit-how-can-positive-storytelling-be-used-t\">Come la narrazione \u00e8 essenziale per affrontare il cambiamento climatico<\/a>.<\/li><li>Il Centro d'Azione per il Clima degli Stati Uniti ha ospitato numerosi interventi su questioni sociali e ambientali statunitensi relative al cambiamento climatico. Phipps ha ospitato una conferenza intitolata <a href=\"https:\/\/www.youtube.com\/watch?v=Jq1umLaVBpM&amp;t=2224s\">Comunicare con gli stakeholder sul cambiamento climatico<\/a> per evidenziare le principali ricerche e le migliori pratiche in materia di educazione e coinvolgimento sui cambiamenti climatici.<\/li><\/ul>\n\n\n\n<h4 class=\"wp-block-heading\">Jennifer Torrance, Coordinatore della ricerca e dell'educazione scientifica<\/h4>\n\n\n\n<div class=\"wp-block-image\"><figure class=\"alignright size-large is-resized\"><img decoding=\"async\" src=\"https:\/\/climatetoolkit.org\/wp-content\/uploads\/2021\/11\/Jennifer-Torrance_CREDIT_Paul-g.-Wiegman-1024x695.jpg\" alt=\"\" class=\"wp-image-1353\" width=\"502\" height=\"341\" srcset=\"https:\/\/climatetoolkit.org\/wp-content\/uploads\/2021\/11\/Jennifer-Torrance_CREDIT_Paul-g.-Wiegman-1024x695.jpg 1024w, https:\/\/climatetoolkit.org\/wp-content\/uploads\/2021\/11\/Jennifer-Torrance_CREDIT_Paul-g.-Wiegman-300x204.jpg 300w, https:\/\/climatetoolkit.org\/wp-content\/uploads\/2021\/11\/Jennifer-Torrance_CREDIT_Paul-g.-Wiegman-768x521.jpg 768w, https:\/\/climatetoolkit.org\/wp-content\/uploads\/2021\/11\/Jennifer-Torrance_CREDIT_Paul-g.-Wiegman-1536x1042.jpg 1536w, https:\/\/climatetoolkit.org\/wp-content\/uploads\/2021\/11\/Jennifer-Torrance_CREDIT_Paul-g.-Wiegman-2048x1389.jpg 2048w, https:\/\/climatetoolkit.org\/wp-content\/uploads\/2021\/11\/Jennifer-Torrance_CREDIT_Paul-g.-Wiegman-100x68.jpg 100w, https:\/\/climatetoolkit.org\/wp-content\/uploads\/2021\/11\/Jennifer-Torrance_CREDIT_Paul-g.-Wiegman-150x102.jpg 150w, https:\/\/climatetoolkit.org\/wp-content\/uploads\/2021\/11\/Jennifer-Torrance_CREDIT_Paul-g.-Wiegman-200x136.jpg 200w, https:\/\/climatetoolkit.org\/wp-content\/uploads\/2021\/11\/Jennifer-Torrance_CREDIT_Paul-g.-Wiegman-450x305.jpg 450w, https:\/\/climatetoolkit.org\/wp-content\/uploads\/2021\/11\/Jennifer-Torrance_CREDIT_Paul-g.-Wiegman-600x407.jpg 600w, https:\/\/climatetoolkit.org\/wp-content\/uploads\/2021\/11\/Jennifer-Torrance_CREDIT_Paul-g.-Wiegman-900x611.jpg 900w\" sizes=\"(max-width: 502px) 100vw, 502px\" \/><\/figure><\/div>\n\n\n\n<p> <em>Area d'intervento: Coinvolgimento e responsabilizzazione dei giovani<\/em><\/p>\n\n\n\n<p>Durante la sua permanenza alla COP26, Jennifer si \u00e8 unita a YOUNGO, la Costituency giovanile dell'UNFCCC, come parte del gruppo di lavoro ACE (Action for Climate Empowerment). Questo gruppo si batte per l'empowerment dei giovani e dei cittadini, per i diritti umani e per l'educazione al clima, tra le altre cause. Jennifer ha contribuito alla stesura e alla modifica di dichiarazioni come quella di chiusura di YOUNGO (visibile al minuto 3:31:32 del video). <a href=\"https:\/\/unfccc-cop26.streamworld.de\/webcast\/closing-plenary-of-the-cop-followed-by-cmp-and-c-4\">Plenaria di chiusura della COP26<\/a>), contattare le delegazioni per sostenere il linguaggio sui diritti umani (si veda la sezione <a href=\"https:\/\/unfccc-cop26.streamworld.de\/webcast\/sbi-closing-plenary-2\">Plenaria di chiusura dell'SBI<\/a>(una filiale della COP dedicata all'attuazione e alla valutazione, per le dichiarazioni linguistiche sui diritti umani delle nazioni), trovare i media per le conferenze stampa e assisterle in altri aspetti, nonch\u00e9 aiutare il gruppo in vari altri progetti e azioni durante questa COP.<br>Jennifer ha inoltre partecipato a numerosi interventi e panel sul coinvolgimento dei giovani, sulla salute umana, sulle nazioni pi\u00f9 colpite, sull'empowerment pubblico e sull'ecologia, tra cui queste sessioni di grande impatto:<\/p>\n\n\n\n<ul class=\"wp-block-list\"><li><a href=\"https:\/\/unfccc-cop26.streamworld.de\/webcast\/presidency-event-unifying-for-change-the-global-yo\">Evento della Presidenza in collaborazione con YOUNGO: Unire per cambiare<\/a>: La voce globale dei giovani alla COP26<\/li><li><a href=\"https:\/\/unfccc-cop26.streamworld.de\/webcast\/the-un-youth-advisory-group-and-post-cop26-youth-l\">Il Gruppo Consultivo delle Nazioni Unite per i Giovani e l'Azione per il Clima guidata dai giovani dopo la COP26<\/a><\/li><li><a href=\"https:\/\/unfccc-cop26.streamworld.de\/webcast\/futures-lab-climate-smart-healthcare-for-a-healthi\">Futures Lab: Assistenza sanitaria intelligente dal punto di vista climatico per un pianeta pi\u00f9 sano<\/a> (Il primo terzo di questa sessione \u00e8 una storia molto forte sull'inquinamento dell'aria).<\/li><li><a href=\"https:\/\/www.youtube.com\/watch?v=-uw3fDU1pFE\">Giornata dell'adattamento e della resilienza, 3\u00b0 Capacity-Building Hub alla COP26<\/a>: (saltare a 5:29 per una sessione di particolare impatto)<\/li><\/ul>\n\n\n\n<p><\/p>","protected":false},"excerpt":{"rendered":"<p>Phipps ha inviato alla COP26 tre membri del personale con lo status di osservatori nella Zona Blu: Il Presidente e CEO Richard Piacentini, il Direttore della Ricerca e dell'Educazione Scientifica Sarah States e la Coordinatrice della Ricerca e dell'Educazione Scientifica Jennifer Torrance. Il nostro obiettivo era ...<\/p>\n<p class=\"read-more\"> <a class=\"\" href=\"https:\/\/climatetoolkit.org\/it\/phipps-at-cop26-observations-and-opportunities\/\"> <span class=\"screen-reader-text\">Phipps alla COP26: osservazioni e opportunit\u00e0<\/span> Leggi tutto \"<\/a><\/p>","protected":false},"author":2,"featured_media":1343,"comment_status":"closed","ping_status":"closed","sticky":false,"template":"","format":"standard","meta":{"_acf_changed":false,"inline_featured_image":false,"advgb_blocks_editor_width":"","advgb_blocks_columns_visual_guide":"","footnotes":""},"categories":[1],"tags":[147,170,171,172],"class_list":["post-1335","post","type-post","status-publish","format-standard","has-post-thumbnail","hentry","category-energy","tag-climate-change","tag-cop26","tag-conference-of-the-parties","tag-leading-by-example"],"acf":[],"yoast_head":"<!-- This site is optimized with the Yoast SEO plugin v27.5 - https:\/\/yoast.com\/product\/yoast-seo-wordpress\/ -->\n<title>Phipps at COP26: Observations and Opportunities - The Climate Toolkit<\/title>\n<meta name=\"robots\" content=\"noindex, follow\" \/>\n<meta property=\"og:locale\" content=\"it_IT\" \/>\n<meta property=\"og:type\" content=\"article\" \/>\n<meta property=\"og:title\" content=\"Phipps at COP26: Observations and Opportunities - The Climate Toolkit\" \/>\n<meta property=\"og:description\" content=\"Phipps sent three staff members to COP26 with Observer status in the Blue Zone: President and CEO Richard Piacentini, Director of Research and Science Education Dr. Sarah States, and Research and Science Education Coordinator Jennifer Torrance. Our goal was to &hellip; Phipps at COP26: Observations and Opportunities Leggi tutto &raquo;\" \/>\n<meta property=\"og:url\" content=\"https:\/\/climatetoolkit.org\/it\/phipps-at-cop26-observations-and-opportunities\/\" \/>\n<meta property=\"og:site_name\" content=\"The Climate Toolkit\" \/>\n<meta property=\"article:published_time\" content=\"2021-11-22T16:18:11+00:00\" \/>\n<meta property=\"article:modified_time\" content=\"2025-06-18T20:12:41+00:00\" \/>\n<meta property=\"og:image\" content=\"https:\/\/climatetoolkit.org\/wp-content\/uploads\/2021\/11\/COP26_banners.png\" \/>\n\t<meta property=\"og:image:width\" content=\"571\" \/>\n\t<meta property=\"og:image:height\" content=\"250\" \/>\n\t<meta property=\"og:image:type\" content=\"image\/png\" \/>\n<meta name=\"author\" content=\"joe reed\" \/>\n<meta name=\"twitter:card\" content=\"summary_large_image\" \/>\n<meta name=\"twitter:label1\" content=\"Scritto da\" \/>\n\t<meta name=\"twitter:data1\" content=\"joe reed\" \/>\n\t<meta name=\"twitter:label2\" content=\"Tempo di lettura stimato\" \/>\n\t<meta name=\"twitter:data2\" content=\"7 minuti\" \/>\n<script type=\"application\/ld+json\" class=\"yoast-schema-graph\">{\"@context\":\"https:\\\/\\\/schema.org\",\"@graph\":[{\"@type\":\"Article\",\"@id\":\"https:\\\/\\\/climatetoolkit.org\\\/phipps-at-cop26-observations-and-opportunities\\\/#article\",\"isPartOf\":{\"@id\":\"https:\\\/\\\/climatetoolkit.org\\\/phipps-at-cop26-observations-and-opportunities\\\/\"},\"author\":{\"name\":\"joe reed\",\"@id\":\"https:\\\/\\\/climatetoolkit.org\\\/#\\\/schema\\\/person\\\/0a315cfe2d4239376531ced9d06c441c\"},\"headline\":\"Phipps at COP26: Observations and Opportunities\",\"datePublished\":\"2021-11-22T16:18:11+00:00\",\"dateModified\":\"2025-06-18T20:12:41+00:00\",\"mainEntityOfPage\":{\"@id\":\"https:\\\/\\\/climatetoolkit.org\\\/phipps-at-cop26-observations-and-opportunities\\\/\"},\"wordCount\":1357,\"publisher\":{\"@id\":\"https:\\\/\\\/climatetoolkit.org\\\/#organization\"},\"image\":{\"@id\":\"https:\\\/\\\/climatetoolkit.org\\\/phipps-at-cop26-observations-and-opportunities\\\/#primaryimage\"},\"thumbnailUrl\":\"https:\\\/\\\/climatetoolkit.org\\\/wp-content\\\/uploads\\\/2021\\\/11\\\/COP26_banners.png\",\"keywords\":[\"Climate Change\",\"COP26\",\"Conference of the Parties\",\"Leading by Example\"],\"articleSection\":[\"Energy\"],\"inLanguage\":\"it-IT\"},{\"@type\":\"WebPage\",\"@id\":\"https:\\\/\\\/climatetoolkit.org\\\/phipps-at-cop26-observations-and-opportunities\\\/\",\"url\":\"https:\\\/\\\/climatetoolkit.org\\\/phipps-at-cop26-observations-and-opportunities\\\/\",\"name\":\"Phipps at COP26: Observations and Opportunities - The Climate Toolkit\",\"isPartOf\":{\"@id\":\"https:\\\/\\\/climatetoolkit.org\\\/#website\"},\"primaryImageOfPage\":{\"@id\":\"https:\\\/\\\/climatetoolkit.org\\\/phipps-at-cop26-observations-and-opportunities\\\/#primaryimage\"},\"image\":{\"@id\":\"https:\\\/\\\/climatetoolkit.org\\\/phipps-at-cop26-observations-and-opportunities\\\/#primaryimage\"},\"thumbnailUrl\":\"https:\\\/\\\/climatetoolkit.org\\\/wp-content\\\/uploads\\\/2021\\\/11\\\/COP26_banners.png\",\"datePublished\":\"2021-11-22T16:18:11+00:00\",\"dateModified\":\"2025-06-18T20:12:41+00:00\",\"breadcrumb\":{\"@id\":\"https:\\\/\\\/climatetoolkit.org\\\/phipps-at-cop26-observations-and-opportunities\\\/#breadcrumb\"},\"inLanguage\":\"it-IT\",\"potentialAction\":[{\"@type\":\"ReadAction\",\"target\":[\"https:\\\/\\\/climatetoolkit.org\\\/phipps-at-cop26-observations-and-opportunities\\\/\"]}]},{\"@type\":\"ImageObject\",\"inLanguage\":\"it-IT\",\"@id\":\"https:\\\/\\\/climatetoolkit.org\\\/phipps-at-cop26-observations-and-opportunities\\\/#primaryimage\",\"url\":\"https:\\\/\\\/climatetoolkit.org\\\/wp-content\\\/uploads\\\/2021\\\/11\\\/COP26_banners.png\",\"contentUrl\":\"https:\\\/\\\/climatetoolkit.org\\\/wp-content\\\/uploads\\\/2021\\\/11\\\/COP26_banners.png\",\"width\":571,\"height\":250},{\"@type\":\"BreadcrumbList\",\"@id\":\"https:\\\/\\\/climatetoolkit.org\\\/phipps-at-cop26-observations-and-opportunities\\\/#breadcrumb\",\"itemListElement\":[{\"@type\":\"ListItem\",\"position\":1,\"name\":\"Home\",\"item\":\"https:\\\/\\\/climatetoolkit.org\\\/\"},{\"@type\":\"ListItem\",\"position\":2,\"name\":\"Phipps at COP26: Observations and Opportunities\"}]},{\"@type\":\"WebSite\",\"@id\":\"https:\\\/\\\/climatetoolkit.org\\\/#website\",\"url\":\"https:\\\/\\\/climatetoolkit.org\\\/\",\"name\":\"The Climate Toolkit\",\"description\":\"For Museums, Gardens and Zoos\",\"publisher\":{\"@id\":\"https:\\\/\\\/climatetoolkit.org\\\/#organization\"},\"potentialAction\":[{\"@type\":\"SearchAction\",\"target\":{\"@type\":\"EntryPoint\",\"urlTemplate\":\"https:\\\/\\\/climatetoolkit.org\\\/?s={search_term_string}\"},\"query-input\":{\"@type\":\"PropertyValueSpecification\",\"valueRequired\":true,\"valueName\":\"search_term_string\"}}],\"inLanguage\":\"it-IT\"},{\"@type\":\"Organization\",\"@id\":\"https:\\\/\\\/climatetoolkit.org\\\/#organization\",\"name\":\"The Climate Toolkit\",\"url\":\"https:\\\/\\\/climatetoolkit.org\\\/\",\"logo\":{\"@type\":\"ImageObject\",\"inLanguage\":\"it-IT\",\"@id\":\"https:\\\/\\\/climatetoolkit.org\\\/#\\\/schema\\\/logo\\\/image\\\/\",\"url\":\"https:\\\/\\\/climatetoolkit.org\\\/wp-content\\\/uploads\\\/2020\\\/05\\\/C_logo.png\",\"contentUrl\":\"https:\\\/\\\/climatetoolkit.org\\\/wp-content\\\/uploads\\\/2020\\\/05\\\/C_logo.png\",\"width\":512,\"height\":512,\"caption\":\"The Climate Toolkit\"},\"image\":{\"@id\":\"https:\\\/\\\/climatetoolkit.org\\\/#\\\/schema\\\/logo\\\/image\\\/\"}},{\"@type\":\"Person\",\"@id\":\"https:\\\/\\\/climatetoolkit.org\\\/#\\\/schema\\\/person\\\/0a315cfe2d4239376531ced9d06c441c\",\"name\":\"joe reed\",\"image\":{\"@type\":\"ImageObject\",\"inLanguage\":\"it-IT\",\"@id\":\"https:\\\/\\\/secure.gravatar.com\\\/avatar\\\/472f195403d80a13cf2167242ca383d8b44ece2a427beed29cba86949c90ae13?s=96&d=mm&r=g\",\"url\":\"https:\\\/\\\/secure.gravatar.com\\\/avatar\\\/472f195403d80a13cf2167242ca383d8b44ece2a427beed29cba86949c90ae13?s=96&d=mm&r=g\",\"contentUrl\":\"https:\\\/\\\/secure.gravatar.com\\\/avatar\\\/472f195403d80a13cf2167242ca383d8b44ece2a427beed29cba86949c90ae13?s=96&d=mm&r=g\",\"caption\":\"joe reed\"}}]}<\/script>\n<!-- \/ Yoast SEO plugin. -->","yoast_head_json":{"title":"Phipps alla COP26: osservazioni e opportunit\u00e0 - The Climate Toolkit","robots":{"index":"noindex","follow":"follow"},"og_locale":"it_IT","og_type":"article","og_title":"Phipps at COP26: Observations and Opportunities - The Climate Toolkit","og_description":"Phipps sent three staff members to COP26 with Observer status in the Blue Zone: President and CEO Richard Piacentini, Director of Research and Science Education Dr. Sarah States, and Research and Science Education Coordinator Jennifer Torrance. Our goal was to &hellip; Phipps at COP26: Observations and Opportunities Leggi tutto &raquo;","og_url":"https:\/\/climatetoolkit.org\/it\/phipps-at-cop26-observations-and-opportunities\/","og_site_name":"The Climate Toolkit","article_published_time":"2021-11-22T16:18:11+00:00","article_modified_time":"2025-06-18T20:12:41+00:00","og_image":[{"width":571,"height":250,"url":"https:\/\/climatetoolkit.org\/wp-content\/uploads\/2021\/11\/COP26_banners.png","type":"image\/png"}],"author":"joe reed","twitter_card":"summary_large_image","twitter_misc":{"Scritto da":"joe reed","Tempo di lettura stimato":"7 minuti"},"schema":{"@context":"https:\/\/schema.org","@graph":[{"@type":"Article","@id":"https:\/\/climatetoolkit.org\/phipps-at-cop26-observations-and-opportunities\/#article","isPartOf":{"@id":"https:\/\/climatetoolkit.org\/phipps-at-cop26-observations-and-opportunities\/"},"author":{"name":"joe reed","@id":"https:\/\/climatetoolkit.org\/#\/schema\/person\/0a315cfe2d4239376531ced9d06c441c"},"headline":"Phipps at COP26: Observations and Opportunities","datePublished":"2021-11-22T16:18:11+00:00","dateModified":"2025-06-18T20:12:41+00:00","mainEntityOfPage":{"@id":"https:\/\/climatetoolkit.org\/phipps-at-cop26-observations-and-opportunities\/"},"wordCount":1357,"publisher":{"@id":"https:\/\/climatetoolkit.org\/#organization"},"image":{"@id":"https:\/\/climatetoolkit.org\/phipps-at-cop26-observations-and-opportunities\/#primaryimage"},"thumbnailUrl":"https:\/\/climatetoolkit.org\/wp-content\/uploads\/2021\/11\/COP26_banners.png","keywords":["Climate Change","COP26","Conference of the Parties","Leading by Example"],"articleSection":["Energy"],"inLanguage":"it-IT"},{"@type":"WebPage","@id":"https:\/\/climatetoolkit.org\/phipps-at-cop26-observations-and-opportunities\/","url":"https:\/\/climatetoolkit.org\/phipps-at-cop26-observations-and-opportunities\/","name":"Phipps alla COP26: osservazioni e opportunit\u00e0 - The Climate Toolkit","isPartOf":{"@id":"https:\/\/climatetoolkit.org\/#website"},"primaryImageOfPage":{"@id":"https:\/\/climatetoolkit.org\/phipps-at-cop26-observations-and-opportunities\/#primaryimage"},"image":{"@id":"https:\/\/climatetoolkit.org\/phipps-at-cop26-observations-and-opportunities\/#primaryimage"},"thumbnailUrl":"https:\/\/climatetoolkit.org\/wp-content\/uploads\/2021\/11\/COP26_banners.png","datePublished":"2021-11-22T16:18:11+00:00","dateModified":"2025-06-18T20:12:41+00:00","breadcrumb":{"@id":"https:\/\/climatetoolkit.org\/phipps-at-cop26-observations-and-opportunities\/#breadcrumb"},"inLanguage":"it-IT","potentialAction":[{"@type":"ReadAction","target":["https:\/\/climatetoolkit.org\/phipps-at-cop26-observations-and-opportunities\/"]}]},{"@type":"ImageObject","inLanguage":"it-IT","@id":"https:\/\/climatetoolkit.org\/phipps-at-cop26-observations-and-opportunities\/#primaryimage","url":"https:\/\/climatetoolkit.org\/wp-content\/uploads\/2021\/11\/COP26_banners.png","contentUrl":"https:\/\/climatetoolkit.org\/wp-content\/uploads\/2021\/11\/COP26_banners.png","width":571,"height":250},{"@type":"BreadcrumbList","@id":"https:\/\/climatetoolkit.org\/phipps-at-cop26-observations-and-opportunities\/#breadcrumb","itemListElement":[{"@type":"ListItem","position":1,"name":"Home","item":"https:\/\/climatetoolkit.org\/"},{"@type":"ListItem","position":2,"name":"Phipps at COP26: Observations and Opportunities"}]},{"@type":"WebSite","@id":"https:\/\/climatetoolkit.org\/#website","url":"https:\/\/climatetoolkit.org\/","name":"Il Toolkit per il clima","description":"Per musei, giardini e zoo","publisher":{"@id":"https:\/\/climatetoolkit.org\/#organization"},"potentialAction":[{"@type":"SearchAction","target":{"@type":"EntryPoint","urlTemplate":"https:\/\/climatetoolkit.org\/?s={search_term_string}"},"query-input":{"@type":"PropertyValueSpecification","valueRequired":true,"valueName":"search_term_string"}}],"inLanguage":"it-IT"},{"@type":"Organization","@id":"https:\/\/climatetoolkit.org\/#organization","name":"Il Toolkit per il clima","url":"https:\/\/climatetoolkit.org\/","logo":{"@type":"ImageObject","inLanguage":"it-IT","@id":"https:\/\/climatetoolkit.org\/#\/schema\/logo\/image\/","url":"https:\/\/climatetoolkit.org\/wp-content\/uploads\/2020\/05\/C_logo.png","contentUrl":"https:\/\/climatetoolkit.org\/wp-content\/uploads\/2020\/05\/C_logo.png","width":512,"height":512,"caption":"The Climate Toolkit"},"image":{"@id":"https:\/\/climatetoolkit.org\/#\/schema\/logo\/image\/"}},{"@type":"Person","@id":"https:\/\/climatetoolkit.org\/#\/schema\/person\/0a315cfe2d4239376531ced9d06c441c","name":"joe reed","image":{"@type":"ImageObject","inLanguage":"it-IT","@id":"https:\/\/secure.gravatar.com\/avatar\/472f195403d80a13cf2167242ca383d8b44ece2a427beed29cba86949c90ae13?s=96&d=mm&r=g","url":"https:\/\/secure.gravatar.com\/avatar\/472f195403d80a13cf2167242ca383d8b44ece2a427beed29cba86949c90ae13?s=96&d=mm&r=g","contentUrl":"https:\/\/secure.gravatar.com\/avatar\/472f195403d80a13cf2167242ca383d8b44ece2a427beed29cba86949c90ae13?s=96&d=mm&r=g","caption":"joe reed"}}]}},"author_meta":{"display_name":"joe reed","author_link":"https:\/\/climatetoolkit.org\/it\/author\/joe\/"},"featured_img":"https:\/\/climatetoolkit.org\/wp-content\/uploads\/2021\/11\/COP26_banners-300x131.png","coauthors":[],"tax_additional":{"categories":{"linked":["<a href=\"https:\/\/climatetoolkit.org\/it\/blog-category\/energy\/\" class=\"advgb-post-tax-term\">Energy<\/a>"],"unlinked":["<span class=\"advgb-post-tax-term\">Energy<\/span>"]},"tags":{"linked":["<a href=\"https:\/\/climatetoolkit.org\/it\/blog-category\/energy\/\" class=\"advgb-post-tax-term\">Climate Change<\/a>","<a href=\"https:\/\/climatetoolkit.org\/it\/blog-category\/energy\/\" class=\"advgb-post-tax-term\">COP26<\/a>","<a href=\"https:\/\/climatetoolkit.org\/it\/blog-category\/energy\/\" class=\"advgb-post-tax-term\">Conference of the Parties<\/a>","<a href=\"https:\/\/climatetoolkit.org\/it\/blog-category\/energy\/\" class=\"advgb-post-tax-term\">Leading by Example<\/a>"],"unlinked":["<span class=\"advgb-post-tax-term\">Climate Change<\/span>","<span class=\"advgb-post-tax-term\">COP26<\/span>","<span class=\"advgb-post-tax-term\">Conference of the Parties<\/span>","<span class=\"advgb-post-tax-term\">Leading by Example<\/span>"]}},"comment_count":2,"relative_dates":{"created":"Pubblicato 4 anni fa","modified":"Aggiornato 11 mesi fa"},"absolute_dates":{"created":"Pubblicato il Novembre 22, 2021","modified":"Aggiornato il Giugno 18, 2025"},"absolute_dates_time":{"created":"Pubblicato il Novembre 22, 2021 11:18 am","modified":"Aggiornato il Giugno 18, 2025 4:12 pm"},"featured_img_caption":"","series_order":"","_links":{"self":[{"href":"https:\/\/climatetoolkit.org\/it\/wp-json\/wp\/v2\/posts\/1335","targetHints":{"allow":["GET"]}}],"collection":[{"href":"https:\/\/climatetoolkit.org\/it\/wp-json\/wp\/v2\/posts"}],"about":[{"href":"https:\/\/climatetoolkit.org\/it\/wp-json\/wp\/v2\/types\/post"}],"author":[{"embeddable":true,"href":"https:\/\/climatetoolkit.org\/it\/wp-json\/wp\/v2\/users\/2"}],"replies":[{"embeddable":true,"href":"https:\/\/climatetoolkit.org\/it\/wp-json\/wp\/v2\/comments?post=1335"}],"version-history":[{"count":1,"href":"https:\/\/climatetoolkit.org\/it\/wp-json\/wp\/v2\/posts\/1335\/revisions"}],"predecessor-version":[{"id":4522,"href":"https:\/\/climatetoolkit.org\/it\/wp-json\/wp\/v2\/posts\/1335\/revisions\/4522"}],"wp:featuredmedia":[{"embeddable":true,"href":"https:\/\/climatetoolkit.org\/it\/wp-json\/wp\/v2\/media\/1343"}],"wp:attachment":[{"href":"https:\/\/climatetoolkit.org\/it\/wp-json\/wp\/v2\/media?parent=1335"}],"wp:term":[{"taxonomy":"category","embeddable":true,"href":"https:\/\/climatetoolkit.org\/it\/wp-json\/wp\/v2\/categories?post=1335"},{"taxonomy":"post_tag","embeddable":true,"href":"https:\/\/climatetoolkit.org\/it\/wp-json\/wp\/v2\/tags?post=1335"}],"curies":[{"name":"wp","href":"https:\/\/api.w.org\/{rel}","templated":true}]}}