{"id":218,"date":"2020-10-26T15:07:08","date_gmt":"2020-10-26T19:07:08","guid":{"rendered":"https:\/\/climatetoolkit.org\/?p=218"},"modified":"2025-06-18T16:12:44","modified_gmt":"2025-06-18T20:12:44","slug":"what-is-the-paris-climate-agreement","status":"publish","type":"post","link":"https:\/\/climatetoolkit.org\/fr\/what-is-the-paris-climate-agreement\/","title":{"rendered":"Qu'est-ce que l'accord de Paris sur le climat ?"},"content":{"rendered":"<p>Vous l'avez probablement entendu mentionner fr\u00e9quemment, et il figure tout en haut de notre liste d'objectifs, mais vous vous demandez peut-\u00eatre ce qu'est exactement l'Accord de Paris, et comment il s'applique \u00e0 votre jardin.<\/p>\n<p>Le 22 avril 2016 et dans les mois qui ont suivi, <a href=\"https:\/\/www.un.org\/sustainabledevelopment\/blog\/2016\/04\/parisagreementsingatures\/\">197 parties ont rejoint la signature de l'Accord de Paris pour renforcer les efforts de lutte contre le changement climatique mondial.<\/a>.  L'objectif de l'accord est de \"renforcer la r\u00e9ponse mondiale \u00e0 la menace du changement climatique en maintenant l'augmentation de la temp\u00e9rature mondiale au cours de ce si\u00e8cle \u00e0 un niveau nettement inf\u00e9rieur \u00e0 2 degr\u00e9s Celsius par rapport aux niveaux pr\u00e9industriels et de poursuivre les efforts visant \u00e0 limiter l'augmentation de la temp\u00e9rature \u00e0 1,5 degr\u00e9 Celsius\". Pour y parvenir, l'accord exige de tous les signataires qu'ils pr\u00e9sentent leurs \"meilleurs efforts\", c'est-\u00e0-dire des plans uniques de r\u00e9duction des \u00e9missions de gaz \u00e0 effet de serre, connus sous le nom de contributions d\u00e9termin\u00e9es au niveau national (CDN).  Les pays sont cens\u00e9s renforcer leurs efforts et rendre compte de leur r\u00e9ussite au cours des ann\u00e9es suivantes.<\/p>\n<p>L'Accord de Paris a identifi\u00e9 des aspects cruciaux n\u00e9cessaires pour lutter contre le changement climatique, notamment des objectifs de temp\u00e9rature, le plafonnement mondial des \u00e9missions, l'adaptation et le renforcement de la r\u00e9silience, l'\u00e9ducation et la sensibilisation du public, ainsi que d'autres.<\/p>\n<p><strong>Les \u00c9tats-Unis : Engagement et retrait<\/strong><\/p>\n<p>Par une action ex\u00e9cutive, le pr\u00e9sident Barack Obama a sign\u00e9 l'engagement des \u00c9tats-Unis \u00e0 r\u00e9duire les \u00e9missions de gaz \u00e0 effet de serre de 26-28% par rapport aux niveaux de 2005 d'ici 2025.  En juin 2017, le pr\u00e9sident Trump a fait part de son intention de se retirer de l'Accord de Paris. Cependant, la structure de l'accord exige trois ann\u00e9es de participation avant de se retirer officiellement. Les \u00c9tats-Unis ne pourront le faire officiellement que le 4 novembre 2020 au plus t\u00f4t. Malgr\u00e9 l'intention du gouvernement f\u00e9d\u00e9ral de se retirer, de nombreuses entreprises, organisations \u00e0 but non lucratif, villes, communaut\u00e9s, organisations, universit\u00e9s, groupes religieux et autres entit\u00e9s ont signal\u00e9 leur intention d'honorer les engagements pris par les \u00c9tats-Unis.<\/p>\n\n\n<figure class=\"wp-block-image size-large\"><img decoding=\"async\" src=\"https:\/\/climatetoolkit.org\/wp-content\/uploads\/2020\/10\/23321809972_fa11b54669_o-1024x408.jpg\" alt=\"\" class=\"wp-image-227\"\/><figcaption><em><sup>Les chefs de d\u00e9l\u00e9gation posent pour un portrait de groupe lors de la Conf\u00e9rence des Nations unies sur le changement climatique de 2015 (COP21), qui a conduit \u00e0 la signature de l'Accord de Paris. Le Bourget, France, 30 novembre 2015. Cr\u00e9dit : Presidencia de la Republica Mexicana via Flickr<\/sup><\/em><\/figcaption><\/figure>\n\n\n\n<p><strong>Nous sommes toujours l\u00e0<\/strong><\/p>\n\n\n\n<p>Apr\u00e8s que le pr\u00e9sident Trump a exprim\u00e9 son intention de se retirer de l'Accord de Paris en juin 2017, de nombreuses villes, communaut\u00e9s, organisations, universit\u00e9s, groupes confessionnels et tribus ont cr\u00e9\u00e9 le... <a href=\"https:\/\/www.wearestillin.com\/\"><em>Nous sommes toujours l\u00e0<\/em> mouvement<\/a>. La campagne d\u00e9clare s'engager \u00e0 respecter les normes de l'Accord de Paris et la responsabilit\u00e9 d'agir pour emp\u00eacher l'aggravation du changement climatique. <em>Nous sommes toujours l\u00e0<\/em> est une coalition diversifi\u00e9e b\u00e9n\u00e9ficiant d'un soutien bipartisan et intersectoriel et d\u00e9montrant son leadership environnemental afin de respecter l'engagement des \u00c9tats-Unis en mati\u00e8re de r\u00e9duction des \u00e9missions de gaz \u00e0 effet de serre. L'organisation de la <em>Nous sommes toujours l\u00e0<\/em> La strat\u00e9gie de la coalition et l'administration sont dirig\u00e9es par The World Wildlife Fund Climate Nexus et Ceres. Plus de 3 900 maires, PDG, gouverneurs, chefs de tribus, pr\u00e9sidents d'universit\u00e9s, chefs religieux et autres ont d\u00e9cid\u00e9 d'assumer ce r\u00f4le de leader environnemental. Nous vous recommandons de vous joindre \u00e0 eux comme premi\u00e8re \u00e9tape de votre engagement dans la lutte contre le changement climatique.<\/p>\n\n\n\n<p><strong>Les trois champs d'application des \u00e9missions<\/strong><\/p>\n\n\n\n<p>Il est essentiel de cat\u00e9goriser et de suivre avec pr\u00e9cision les \u00e9missions lors du calcul de l'empreinte carbone. Un syst\u00e8me d'\u00e9missions \u00e0 trois niveaux a \u00e9t\u00e9 cr\u00e9\u00e9 pour aider les organisations \u00e0 calculer leur empreinte carbone. Le syst\u00e8me est divis\u00e9 en trois niveaux, appel\u00e9s \"champs d'application\", qui se concentrent sur l'endroit o\u00f9 les gaz \u00e0 effet de serre sont lib\u00e9r\u00e9s. Le premier niveau comprend toutes les \u00e9missions de gaz \u00e0 effet de serre. <strong>\u00e9missions directes<\/strong> sur le site, ce qui inclut la combustion et la consommation de combustibles. L'utilisation de chaudi\u00e8res \u00e0 gaz et de v\u00e9hicules de flotte, ainsi que les fuites de climatisation sont \u00e9galement incluses dans le premier niveau. Les \u00e9missions de deuxi\u00e8me niveau comprennent <strong>toutes les \u00e9missions indirectes<\/strong> provenant de sources d\u00e9tenues ou contr\u00f4l\u00e9es par l'organisation. Les \u00e9missions produites indirectement comprennent l'\u00e9lectricit\u00e9 achet\u00e9e, le chauffage et la climatisation, ainsi que la vapeur produite hors site. Le champ d'application 3 est cat\u00e9goris\u00e9 par <strong>toutes les autres \u00e9missions indirectes<\/strong> li\u00e9s aux activit\u00e9s de l'organisation, notamment les d\u00e9placements des employ\u00e9s, les trajets domicile-travail, l'\u00e9limination des d\u00e9chets solides, le traitement des eaux us\u00e9es, ainsi que le transport et la distribution avec achat d'\u00e9lectricit\u00e9. Le fait de placer certaines activit\u00e9s de l'organisation dans chaque champ d'application peut s'av\u00e9rer utile pour mesurer pr\u00e9cis\u00e9ment l'impact.  <\/p>\n\n\n\n<figure class=\"wp-block-image\"><img decoding=\"async\" src=\"https:\/\/i.ytimg.com\/vi\/XgWyU65pvVA\/maxresdefault.jpg\" alt=\"See the source image\"\/><figcaption><em><sup>Cr\u00e9dit diagramme : <a href=\"https:\/\/www.youtube.com\/watch?v=XgWyU65pvVA\">Groupe VitalMetrics<\/a><\/sup><\/em><\/figcaption><\/figure>\n\n\n\n<p><strong>Prochaines \u00e9tapes : Compl\u00e9ter l'audit \u00e9nerg\u00e9tique<\/strong><\/p>\n\n\n\n<p>La cr\u00e9ation de solutions innovantes commence par une question : Par o\u00f9 commencer ? Lorsque l'on cherche \u00e0 r\u00e9duire les \u00e9missions, la premi\u00e8re \u00e9tape consiste \u00e0 r\u00e9aliser un audit \u00e9nerg\u00e9tique. Cet audit permettra d'analyser les \u00e9missions actuelles et les sch\u00e9mas d'utilisation de l'\u00e9nergie dans l'ensemble de l'organisation. <\/p>\n\n\n\n<p>Il existe aujourd'hui de nombreux types d'audits diff\u00e9rents, dont l'audit pr\u00e9liminaire, qui porte sur une p\u00e9riode donn\u00e9e, et l'audit d\u00e9taill\u00e9, qui se concentre sur les estimations financi\u00e8res des \u00e9conomies d'\u00e9nergie, de technologie ou de contr\u00f4le. Les \u00e9valuations \u00e9nerg\u00e9tiques constituent une approche syst\u00e9matique de l'am\u00e9lioration de l'efficacit\u00e9 \u00e9nerg\u00e9tique et de la r\u00e9duction de la consommation d'\u00e9nergie. Les compagnies d'\u00e9lectricit\u00e9 locales peuvent terminer l'audit par des suggestions sur la r\u00e9duction de la consommation d'\u00e9nergie et le remplacement de la technologie des facult\u00e9s. <\/p>\n\n\n\n<p>Le Climate Toolkit publiera un prochain article de blog pour approfondir la question de l'audit \u00e9nerg\u00e9tique afin que vous puissiez trouver une solution qui vous convienne. Nous sommes impatients de vous aider \u00e0 r\u00e9duire vos \u00e9missions et \u00e0 honorer l'Accord de Paris sur le climat au sein de votre institution !<\/p>\n\n\n\n<p>Si votre jardin souhaite participer \u00e0 la conversation, veuillez&nbsp;<a href=\"https:\/\/climatetoolkit.org\/wp-content\/uploads\/2020\/04\/Climate-Toolkit-1-and-2.pdf\"><strong>t\u00e9l\u00e9chargez et compl\u00e9tez notre enqu\u00eate<\/strong><\/a>&nbsp;et retourner \u00e0&nbsp;<a href=\"mailto:ceo@phipps.conservatory.org\">ceo@phipps.conservatory.org<\/a>.<\/p>\n\n\n\n<p><strong>Plong\u00e9e en profondeur : Plus de ressources<\/strong><\/p>\n\n\n\n<p>Les ressources suivantes nous ont aid\u00e9s \u00e0 r\u00e9diger cet article. Nous les recommandons \u00e0 ceux qui souhaitent approfondir ce sujet.<\/p>\n\n\n\n<ul class=\"wp-block-list\"><li>L'EPA fournit une <a href=\"https:\/\/www.epa.gov\/ghgemissions\/global-greenhouse-gas-emissions-data\">Document de r\u00e9f\u00e9rence sur les \u00e9missions de gaz \u00e0 effet de serre (GES)<\/a> qui explique les sources de GES, les \u00e9missions mondiales, les \u00e9missions nationales, les \u00e9missions au niveau de l'\u00e9tablissement et le calculateur d'empreinte carbone. Il s'agit d'une ressource utile pour commencer \u00e0 calculer l'empreinte carbone d'un individu.<\/li><\/ul>\n\n\n\n<ul class=\"wp-block-list\"><li>La Convention des Nations unies sur le changement climatique explique ce qu'est un <a href=\"https:\/\/unfccc.int\/process-and-meetings\/the-paris-agreement\/the-paris-agreement\/nationally-determined-contributions-ndcs\">Contribution d\u00e9termin\u00e9e au niveau national<\/a> est. Chaque partie \u00e0 l'Accord de Paris est tenue d'\u00e9laborer un plan de r\u00e9duction des \u00e9missions de gaz \u00e0 effet de serre.<\/li><\/ul>\n\n\n\n<ul class=\"wp-block-list\"><li><a href=\"https:\/\/obamawhitehouse.archives.gov\/the-press-office\/2015\/03\/31\/fact-sheet-us-reports-its-2025-emissions-target-unfccc\">Cette ressource<\/a> explique les mesures prises par l'administration Obama pour r\u00e9duire l'utilisation des combustibles fossiles et les \u00e9missions de carbone aux \u00c9tats-Unis. Les INDC de l'Accord de Paris des \u00c9tats-Unis sont \u00e9galement r\u00e9pertori\u00e9s sur cette source.<\/li><\/ul>\n\n\n\n<ul class=\"wp-block-list\"><li>Les <a href=\"https:\/\/unfccc.int\/process-and-meetings\/the-paris-agreement\/the-paris-agreement\">Nations unies pour la convention sur le changement climatique<\/a> explique en d\u00e9tail ce qu'est l'accord de Paris.<\/li><\/ul>\n\n\n\n<ul class=\"wp-block-list\"><li>Ce document explique les <a href=\"https:\/\/www.wearestillin.com\/we-are-still-declaration\">d\u00e9claration de l'action climatique de la coalition We Are Still In<\/a>. Il s'agit d'une excellente ressource pour savoir comment d'autres organisations r\u00e9duisent le changement climatique.<\/li><\/ul>","protected":false},"excerpt":{"rendered":"<p>Vous l'avez probablement entendu mentionner fr\u00e9quemment, et il figure tout en haut de notre liste d'objectifs, mais vous vous demandez peut-\u00eatre - qu'est-ce que l'Accord de Paris exactement, et comment s'applique-t-il \u00e0 votre jardin ? Le mois d'avril ...<\/p>\n<p class=\"read-more\"> <a class=\"\" href=\"https:\/\/climatetoolkit.org\/fr\/what-is-the-paris-climate-agreement\/\"> <span class=\"screen-reader-text\">Qu'est-ce que l'accord de Paris sur le climat ?<\/span> Lire la suite \"<\/a><\/p>","protected":false},"author":2,"featured_media":222,"comment_status":"closed","ping_status":"closed","sticky":false,"template":"","format":"standard","meta":{"_acf_changed":false,"inline_featured_image":false,"advgb_blocks_editor_width":"","advgb_blocks_columns_visual_guide":"","footnotes":""},"categories":[1],"tags":[80,81,82,83],"class_list":["post-218","post","type-post","status-publish","format-standard","has-post-thumbnail","hentry","category-energy","tag-energy","tag-paris-agreement","tag-co2","tag-emissions"],"acf":[],"yoast_head":"<!-- This site is optimized with the Yoast SEO plugin v27.5 - https:\/\/yoast.com\/product\/yoast-seo-wordpress\/ -->\n<title>What Is the Paris Climate Agreement? - The Climate Toolkit<\/title>\n<meta name=\"robots\" content=\"noindex, follow\" \/>\n<meta property=\"og:locale\" content=\"fr_FR\" \/>\n<meta property=\"og:type\" content=\"article\" \/>\n<meta property=\"og:title\" content=\"What Is the Paris Climate Agreement? - The Climate Toolkit\" \/>\n<meta property=\"og:description\" content=\"You&#8217;ve probably heard it mentioned frequently, and it appears right at the top of our list of goals, but you may be wondering \u2014 what exactly is the Paris Agreement, and how does it apply to your garden? On April &hellip; What Is the Paris Climate Agreement? Read More &raquo;\" \/>\n<meta property=\"og:url\" content=\"https:\/\/climatetoolkit.org\/fr\/what-is-the-paris-climate-agreement\/\" \/>\n<meta property=\"og:site_name\" content=\"The Climate Toolkit\" \/>\n<meta property=\"article:published_time\" content=\"2020-10-26T19:07:08+00:00\" \/>\n<meta property=\"article:modified_time\" content=\"2025-06-18T20:12:44+00:00\" \/>\n<meta property=\"og:image\" content=\"https:\/\/climatetoolkit.org\/wp-content\/uploads\/2020\/10\/53109232_m-edited.jpg\" \/>\n\t<meta property=\"og:image:width\" content=\"2508\" \/>\n\t<meta property=\"og:image:height\" content=\"1413\" \/>\n\t<meta property=\"og:image:type\" content=\"image\/jpeg\" \/>\n<meta name=\"author\" content=\"joe reed\" \/>\n<meta name=\"twitter:card\" content=\"summary_large_image\" \/>\n<meta name=\"twitter:label1\" content=\"\u00c9crit par\" \/>\n\t<meta name=\"twitter:data1\" content=\"joe reed\" \/>\n\t<meta name=\"twitter:label2\" content=\"Dur\u00e9e de lecture estim\u00e9e\" \/>\n\t<meta name=\"twitter:data2\" content=\"5 minutes\" \/>\n<script type=\"application\/ld+json\" class=\"yoast-schema-graph\">{\"@context\":\"https:\\\/\\\/schema.org\",\"@graph\":[{\"@type\":\"Article\",\"@id\":\"https:\\\/\\\/climatetoolkit.org\\\/what-is-the-paris-climate-agreement\\\/#article\",\"isPartOf\":{\"@id\":\"https:\\\/\\\/climatetoolkit.org\\\/what-is-the-paris-climate-agreement\\\/\"},\"author\":{\"name\":\"joe reed\",\"@id\":\"https:\\\/\\\/climatetoolkit.org\\\/#\\\/schema\\\/person\\\/0a315cfe2d4239376531ced9d06c441c\"},\"headline\":\"What Is the Paris Climate Agreement?\",\"datePublished\":\"2020-10-26T19:07:08+00:00\",\"dateModified\":\"2025-06-18T20:12:44+00:00\",\"mainEntityOfPage\":{\"@id\":\"https:\\\/\\\/climatetoolkit.org\\\/what-is-the-paris-climate-agreement\\\/\"},\"wordCount\":985,\"publisher\":{\"@id\":\"https:\\\/\\\/climatetoolkit.org\\\/#organization\"},\"image\":{\"@id\":\"https:\\\/\\\/climatetoolkit.org\\\/what-is-the-paris-climate-agreement\\\/#primaryimage\"},\"thumbnailUrl\":\"https:\\\/\\\/climatetoolkit.org\\\/wp-content\\\/uploads\\\/2020\\\/10\\\/Paris-Agreement_Logo_EN_size.png\",\"keywords\":[\"energy\",\"paris agreement\",\"co2\",\"emissions\"],\"articleSection\":[\"Energy\"],\"inLanguage\":\"fr-FR\"},{\"@type\":\"WebPage\",\"@id\":\"https:\\\/\\\/climatetoolkit.org\\\/what-is-the-paris-climate-agreement\\\/\",\"url\":\"https:\\\/\\\/climatetoolkit.org\\\/what-is-the-paris-climate-agreement\\\/\",\"name\":\"What Is the Paris Climate Agreement? - The Climate Toolkit\",\"isPartOf\":{\"@id\":\"https:\\\/\\\/climatetoolkit.org\\\/#website\"},\"primaryImageOfPage\":{\"@id\":\"https:\\\/\\\/climatetoolkit.org\\\/what-is-the-paris-climate-agreement\\\/#primaryimage\"},\"image\":{\"@id\":\"https:\\\/\\\/climatetoolkit.org\\\/what-is-the-paris-climate-agreement\\\/#primaryimage\"},\"thumbnailUrl\":\"https:\\\/\\\/climatetoolkit.org\\\/wp-content\\\/uploads\\\/2020\\\/10\\\/Paris-Agreement_Logo_EN_size.png\",\"datePublished\":\"2020-10-26T19:07:08+00:00\",\"dateModified\":\"2025-06-18T20:12:44+00:00\",\"breadcrumb\":{\"@id\":\"https:\\\/\\\/climatetoolkit.org\\\/what-is-the-paris-climate-agreement\\\/#breadcrumb\"},\"inLanguage\":\"fr-FR\",\"potentialAction\":[{\"@type\":\"ReadAction\",\"target\":[\"https:\\\/\\\/climatetoolkit.org\\\/what-is-the-paris-climate-agreement\\\/\"]}]},{\"@type\":\"ImageObject\",\"inLanguage\":\"fr-FR\",\"@id\":\"https:\\\/\\\/climatetoolkit.org\\\/what-is-the-paris-climate-agreement\\\/#primaryimage\",\"url\":\"https:\\\/\\\/climatetoolkit.org\\\/wp-content\\\/uploads\\\/2020\\\/10\\\/Paris-Agreement_Logo_EN_size.png\",\"contentUrl\":\"https:\\\/\\\/climatetoolkit.org\\\/wp-content\\\/uploads\\\/2020\\\/10\\\/Paris-Agreement_Logo_EN_size.png\",\"width\":900,\"height\":408},{\"@type\":\"BreadcrumbList\",\"@id\":\"https:\\\/\\\/climatetoolkit.org\\\/what-is-the-paris-climate-agreement\\\/#breadcrumb\",\"itemListElement\":[{\"@type\":\"ListItem\",\"position\":1,\"name\":\"Home\",\"item\":\"https:\\\/\\\/climatetoolkit.org\\\/\"},{\"@type\":\"ListItem\",\"position\":2,\"name\":\"What Is the Paris Climate Agreement?\"}]},{\"@type\":\"WebSite\",\"@id\":\"https:\\\/\\\/climatetoolkit.org\\\/#website\",\"url\":\"https:\\\/\\\/climatetoolkit.org\\\/\",\"name\":\"The Climate Toolkit\",\"description\":\"For Museums, Gardens and Zoos\",\"publisher\":{\"@id\":\"https:\\\/\\\/climatetoolkit.org\\\/#organization\"},\"potentialAction\":[{\"@type\":\"SearchAction\",\"target\":{\"@type\":\"EntryPoint\",\"urlTemplate\":\"https:\\\/\\\/climatetoolkit.org\\\/?s={search_term_string}\"},\"query-input\":{\"@type\":\"PropertyValueSpecification\",\"valueRequired\":true,\"valueName\":\"search_term_string\"}}],\"inLanguage\":\"fr-FR\"},{\"@type\":\"Organization\",\"@id\":\"https:\\\/\\\/climatetoolkit.org\\\/#organization\",\"name\":\"The Climate Toolkit\",\"url\":\"https:\\\/\\\/climatetoolkit.org\\\/\",\"logo\":{\"@type\":\"ImageObject\",\"inLanguage\":\"fr-FR\",\"@id\":\"https:\\\/\\\/climatetoolkit.org\\\/#\\\/schema\\\/logo\\\/image\\\/\",\"url\":\"https:\\\/\\\/climatetoolkit.org\\\/wp-content\\\/uploads\\\/2020\\\/05\\\/C_logo.png\",\"contentUrl\":\"https:\\\/\\\/climatetoolkit.org\\\/wp-content\\\/uploads\\\/2020\\\/05\\\/C_logo.png\",\"width\":512,\"height\":512,\"caption\":\"The Climate Toolkit\"},\"image\":{\"@id\":\"https:\\\/\\\/climatetoolkit.org\\\/#\\\/schema\\\/logo\\\/image\\\/\"}},{\"@type\":\"Person\",\"@id\":\"https:\\\/\\\/climatetoolkit.org\\\/#\\\/schema\\\/person\\\/0a315cfe2d4239376531ced9d06c441c\",\"name\":\"joe reed\",\"image\":{\"@type\":\"ImageObject\",\"inLanguage\":\"fr-FR\",\"@id\":\"https:\\\/\\\/secure.gravatar.com\\\/avatar\\\/472f195403d80a13cf2167242ca383d8b44ece2a427beed29cba86949c90ae13?s=96&d=mm&r=g\",\"url\":\"https:\\\/\\\/secure.gravatar.com\\\/avatar\\\/472f195403d80a13cf2167242ca383d8b44ece2a427beed29cba86949c90ae13?s=96&d=mm&r=g\",\"contentUrl\":\"https:\\\/\\\/secure.gravatar.com\\\/avatar\\\/472f195403d80a13cf2167242ca383d8b44ece2a427beed29cba86949c90ae13?s=96&d=mm&r=g\",\"caption\":\"joe reed\"}}]}<\/script>\n<!-- \/ Yoast SEO plugin. -->","yoast_head_json":{"title":"Qu'est-ce que l'accord de Paris sur le climat ? - La bo\u00eete \u00e0 outils sur le climat","robots":{"index":"noindex","follow":"follow"},"og_locale":"fr_FR","og_type":"article","og_title":"What Is the Paris Climate Agreement? - The Climate Toolkit","og_description":"You&#8217;ve probably heard it mentioned frequently, and it appears right at the top of our list of goals, but you may be wondering \u2014 what exactly is the Paris Agreement, and how does it apply to your garden? On April &hellip; What Is the Paris Climate Agreement? Read More &raquo;","og_url":"https:\/\/climatetoolkit.org\/fr\/what-is-the-paris-climate-agreement\/","og_site_name":"The Climate Toolkit","article_published_time":"2020-10-26T19:07:08+00:00","article_modified_time":"2025-06-18T20:12:44+00:00","og_image":[{"width":2508,"height":1413,"url":"https:\/\/climatetoolkit.org\/wp-content\/uploads\/2020\/10\/53109232_m-edited.jpg","type":"image\/jpeg"}],"author":"joe reed","twitter_card":"summary_large_image","twitter_misc":{"\u00c9crit par":"joe reed","Dur\u00e9e de lecture estim\u00e9e":"5 minutes"},"schema":{"@context":"https:\/\/schema.org","@graph":[{"@type":"Article","@id":"https:\/\/climatetoolkit.org\/what-is-the-paris-climate-agreement\/#article","isPartOf":{"@id":"https:\/\/climatetoolkit.org\/what-is-the-paris-climate-agreement\/"},"author":{"name":"joe reed","@id":"https:\/\/climatetoolkit.org\/#\/schema\/person\/0a315cfe2d4239376531ced9d06c441c"},"headline":"What Is the Paris Climate Agreement?","datePublished":"2020-10-26T19:07:08+00:00","dateModified":"2025-06-18T20:12:44+00:00","mainEntityOfPage":{"@id":"https:\/\/climatetoolkit.org\/what-is-the-paris-climate-agreement\/"},"wordCount":985,"publisher":{"@id":"https:\/\/climatetoolkit.org\/#organization"},"image":{"@id":"https:\/\/climatetoolkit.org\/what-is-the-paris-climate-agreement\/#primaryimage"},"thumbnailUrl":"https:\/\/climatetoolkit.org\/wp-content\/uploads\/2020\/10\/Paris-Agreement_Logo_EN_size.png","keywords":["energy","paris agreement","co2","emissions"],"articleSection":["Energy"],"inLanguage":"fr-FR"},{"@type":"WebPage","@id":"https:\/\/climatetoolkit.org\/what-is-the-paris-climate-agreement\/","url":"https:\/\/climatetoolkit.org\/what-is-the-paris-climate-agreement\/","name":"Qu'est-ce que l'accord de Paris sur le climat ? - La bo\u00eete \u00e0 outils sur le climat","isPartOf":{"@id":"https:\/\/climatetoolkit.org\/#website"},"primaryImageOfPage":{"@id":"https:\/\/climatetoolkit.org\/what-is-the-paris-climate-agreement\/#primaryimage"},"image":{"@id":"https:\/\/climatetoolkit.org\/what-is-the-paris-climate-agreement\/#primaryimage"},"thumbnailUrl":"https:\/\/climatetoolkit.org\/wp-content\/uploads\/2020\/10\/Paris-Agreement_Logo_EN_size.png","datePublished":"2020-10-26T19:07:08+00:00","dateModified":"2025-06-18T20:12:44+00:00","breadcrumb":{"@id":"https:\/\/climatetoolkit.org\/what-is-the-paris-climate-agreement\/#breadcrumb"},"inLanguage":"fr-FR","potentialAction":[{"@type":"ReadAction","target":["https:\/\/climatetoolkit.org\/what-is-the-paris-climate-agreement\/"]}]},{"@type":"ImageObject","inLanguage":"fr-FR","@id":"https:\/\/climatetoolkit.org\/what-is-the-paris-climate-agreement\/#primaryimage","url":"https:\/\/climatetoolkit.org\/wp-content\/uploads\/2020\/10\/Paris-Agreement_Logo_EN_size.png","contentUrl":"https:\/\/climatetoolkit.org\/wp-content\/uploads\/2020\/10\/Paris-Agreement_Logo_EN_size.png","width":900,"height":408},{"@type":"BreadcrumbList","@id":"https:\/\/climatetoolkit.org\/what-is-the-paris-climate-agreement\/#breadcrumb","itemListElement":[{"@type":"ListItem","position":1,"name":"Home","item":"https:\/\/climatetoolkit.org\/"},{"@type":"ListItem","position":2,"name":"What Is the Paris Climate Agreement?"}]},{"@type":"WebSite","@id":"https:\/\/climatetoolkit.org\/#website","url":"https:\/\/climatetoolkit.org\/","name":"La bo\u00eete \u00e0 outils sur le climat","description":"Pour les mus\u00e9es, les jardins et les zoos","publisher":{"@id":"https:\/\/climatetoolkit.org\/#organization"},"potentialAction":[{"@type":"SearchAction","target":{"@type":"EntryPoint","urlTemplate":"https:\/\/climatetoolkit.org\/?s={search_term_string}"},"query-input":{"@type":"PropertyValueSpecification","valueRequired":true,"valueName":"search_term_string"}}],"inLanguage":"fr-FR"},{"@type":"Organization","@id":"https:\/\/climatetoolkit.org\/#organization","name":"La bo\u00eete \u00e0 outils sur le climat","url":"https:\/\/climatetoolkit.org\/","logo":{"@type":"ImageObject","inLanguage":"fr-FR","@id":"https:\/\/climatetoolkit.org\/#\/schema\/logo\/image\/","url":"https:\/\/climatetoolkit.org\/wp-content\/uploads\/2020\/05\/C_logo.png","contentUrl":"https:\/\/climatetoolkit.org\/wp-content\/uploads\/2020\/05\/C_logo.png","width":512,"height":512,"caption":"The Climate Toolkit"},"image":{"@id":"https:\/\/climatetoolkit.org\/#\/schema\/logo\/image\/"}},{"@type":"Person","@id":"https:\/\/climatetoolkit.org\/#\/schema\/person\/0a315cfe2d4239376531ced9d06c441c","name":"joe reed","image":{"@type":"ImageObject","inLanguage":"fr-FR","@id":"https:\/\/secure.gravatar.com\/avatar\/472f195403d80a13cf2167242ca383d8b44ece2a427beed29cba86949c90ae13?s=96&d=mm&r=g","url":"https:\/\/secure.gravatar.com\/avatar\/472f195403d80a13cf2167242ca383d8b44ece2a427beed29cba86949c90ae13?s=96&d=mm&r=g","contentUrl":"https:\/\/secure.gravatar.com\/avatar\/472f195403d80a13cf2167242ca383d8b44ece2a427beed29cba86949c90ae13?s=96&d=mm&r=g","caption":"joe reed"}}]}},"author_meta":{"display_name":"joe reed","author_link":"https:\/\/climatetoolkit.org\/fr\/author\/joe\/"},"featured_img":"https:\/\/climatetoolkit.org\/wp-content\/uploads\/2020\/10\/Paris-Agreement_Logo_EN_size-300x136.png","coauthors":[],"tax_additional":{"categories":{"linked":["<a href=\"https:\/\/climatetoolkit.org\/fr\/blog-category\/energy\/\" class=\"advgb-post-tax-term\">Energy<\/a>"],"unlinked":["<span class=\"advgb-post-tax-term\">Energy<\/span>"]},"tags":{"linked":["<a href=\"https:\/\/climatetoolkit.org\/fr\/blog-category\/energy\/\" class=\"advgb-post-tax-term\">energy<\/a>","<a href=\"https:\/\/climatetoolkit.org\/fr\/blog-category\/energy\/\" class=\"advgb-post-tax-term\">paris agreement<\/a>","<a href=\"https:\/\/climatetoolkit.org\/fr\/blog-category\/energy\/\" class=\"advgb-post-tax-term\">co2<\/a>","<a href=\"https:\/\/climatetoolkit.org\/fr\/blog-category\/energy\/\" class=\"advgb-post-tax-term\">emissions<\/a>"],"unlinked":["<span class=\"advgb-post-tax-term\">energy<\/span>","<span class=\"advgb-post-tax-term\">paris agreement<\/span>","<span class=\"advgb-post-tax-term\">co2<\/span>","<span class=\"advgb-post-tax-term\">emissions<\/span>"]}},"comment_count":0,"relative_dates":{"created":"Publi\u00e9 6 ans il y a","modified":"Mis \u00e0 jour 11 mois il y a"},"absolute_dates":{"created":"Publi\u00e9 le octobre 26, 2020","modified":"Mise \u00e0 jour le juin 18, 2025"},"absolute_dates_time":{"created":"Publi\u00e9 le octobre 26, 2020 3:07 pm","modified":"Mise \u00e0 jour le juin 18, 2025 4:12 pm"},"featured_img_caption":"","series_order":"","_links":{"self":[{"href":"https:\/\/climatetoolkit.org\/fr\/wp-json\/wp\/v2\/posts\/218","targetHints":{"allow":["GET"]}}],"collection":[{"href":"https:\/\/climatetoolkit.org\/fr\/wp-json\/wp\/v2\/posts"}],"about":[{"href":"https:\/\/climatetoolkit.org\/fr\/wp-json\/wp\/v2\/types\/post"}],"author":[{"embeddable":true,"href":"https:\/\/climatetoolkit.org\/fr\/wp-json\/wp\/v2\/users\/2"}],"replies":[{"embeddable":true,"href":"https:\/\/climatetoolkit.org\/fr\/wp-json\/wp\/v2\/comments?post=218"}],"version-history":[{"count":1,"href":"https:\/\/climatetoolkit.org\/fr\/wp-json\/wp\/v2\/posts\/218\/revisions"}],"predecessor-version":[{"id":4538,"href":"https:\/\/climatetoolkit.org\/fr\/wp-json\/wp\/v2\/posts\/218\/revisions\/4538"}],"wp:featuredmedia":[{"embeddable":true,"href":"https:\/\/climatetoolkit.org\/fr\/wp-json\/wp\/v2\/media\/222"}],"wp:attachment":[{"href":"https:\/\/climatetoolkit.org\/fr\/wp-json\/wp\/v2\/media?parent=218"}],"wp:term":[{"taxonomy":"category","embeddable":true,"href":"https:\/\/climatetoolkit.org\/fr\/wp-json\/wp\/v2\/categories?post=218"},{"taxonomy":"post_tag","embeddable":true,"href":"https:\/\/climatetoolkit.org\/fr\/wp-json\/wp\/v2\/tags?post=218"}],"curies":[{"name":"wp","href":"https:\/\/api.w.org\/{rel}","templated":true}]}}