{"id":4344,"date":"2025-04-18T15:33:50","date_gmt":"2025-04-18T19:33:50","guid":{"rendered":"https:\/\/climatetoolkit.org\/?p=4344"},"modified":"2025-06-18T16:12:32","modified_gmt":"2025-06-18T20:12:32","slug":"phipps-youth-climate-advocacy-committee-presents-youth-eco-action-showcase","status":"publish","type":"post","link":"https:\/\/climatetoolkit.org\/es\/phipps-youth-climate-advocacy-committee-presents-youth-eco-action-showcase\/","title":{"rendered":"El Comit\u00e9 Juvenil de Defensa del Clima de Phipps presenta una Muestra Juvenil de Acci\u00f3n Ecol\u00f3gica"},"content":{"rendered":"<figure class=\"wp-block-image size-large\"><img decoding=\"async\" width=\"1024\" height=\"483\" src=\"https:\/\/climatetoolkit.org\/wp-content\/uploads\/2025\/04\/ycac_main-1024x483.jpg\" alt=\"\" class=\"wp-image-4346\" srcset=\"https:\/\/climatetoolkit.org\/wp-content\/uploads\/2025\/04\/ycac_main-1024x483.jpg 1024w, https:\/\/climatetoolkit.org\/wp-content\/uploads\/2025\/04\/ycac_main-300x141.jpg 300w, https:\/\/climatetoolkit.org\/wp-content\/uploads\/2025\/04\/ycac_main-768x362.jpg 768w, https:\/\/climatetoolkit.org\/wp-content\/uploads\/2025\/04\/ycac_main-1536x724.jpg 1536w, https:\/\/climatetoolkit.org\/wp-content\/uploads\/2025\/04\/ycac_main-2048x965.jpg 2048w, https:\/\/climatetoolkit.org\/wp-content\/uploads\/2025\/04\/ycac_main-18x8.jpg 18w, https:\/\/climatetoolkit.org\/wp-content\/uploads\/2025\/04\/ycac_main-100x47.jpg 100w, https:\/\/climatetoolkit.org\/wp-content\/uploads\/2025\/04\/ycac_main-150x71.jpg 150w, https:\/\/climatetoolkit.org\/wp-content\/uploads\/2025\/04\/ycac_main-200x94.jpg 200w, https:\/\/climatetoolkit.org\/wp-content\/uploads\/2025\/04\/ycac_main-450x212.jpg 450w, https:\/\/climatetoolkit.org\/wp-content\/uploads\/2025\/04\/ycac_main-600x283.jpg 600w, https:\/\/climatetoolkit.org\/wp-content\/uploads\/2025\/04\/ycac_main-900x424.jpg 900w\" sizes=\"(max-width: 1024px) 100vw, 1024px\" \/><\/figure>\n\n\n\n<p>El mi\u00e9rcoles 16 de abril, el Phipps Conservatory's <a href=\"https:\/\/www.phipps.conservatory.org\/classes-and-programs\/for-educators\/youth-climate-advocacy-committee\/\"><strong>Comit\u00e9 juvenil de defensa del clima<\/strong><\/a> organiz\u00f3 su Muestra Juvenil de Ecoacci\u00f3n 2025. Esta muestra anual es la culminaci\u00f3n de las actividades anuales del comit\u00e9, que incluyen reuniones peri\u00f3dicas, colaboraciones con otros j\u00f3venes apasionados, desarrollo de habilidades de liderazgo y planificaci\u00f3n de proyectos, oportunidades educativas sobre justicia medioambiental y clim\u00e1tica y mucho m\u00e1s.<\/p>\n\n\n\n<p>En el escaparate, los miembros del Comit\u00e9 dieron a conocer sus respectivos proyectos, que abarcaban temas como la educaci\u00f3n ambiental, la plantaci\u00f3n comunitaria de \u00e1rboles, la moda sostenible, la restauraci\u00f3n de zonas ribere\u00f1as, la conservaci\u00f3n de aves, el fomento de la energ\u00eda verde, la conservaci\u00f3n y la jardiner\u00eda sostenible. Adem\u00e1s de la presentaci\u00f3n de los proyectos y de un desfile de moda en directo, en el escaparate tambi\u00e9n debutaron <strong>Metamorfosis: Galer\u00eda de arte sostenible y escaparate de moda<\/strong>presentado en colaboraci\u00f3n con la <a href=\"https:\/\/www.cmu.edu\/sustainability-initiative\/about\/index.html\">Iniciativa de sostenibilidad de la Universidad Carnegie Mellon<\/a>.<\/p>\n\n\n\n<p>A continuaci\u00f3n puedes ver algunas fotos del evento, y para saber m\u00e1s sobre este importante trabajo con los j\u00f3venes y c\u00f3mo puedes participar, visita nuestro <strong><a href=\"https:\/\/climatetoolkit.org\/es\/youth\/\">Red Juvenil de Herramientas Clim\u00e1ticas<\/a><\/strong>.<\/p>\n\n\n\n<figure class=\"wp-block-image size-large\"><img decoding=\"async\" width=\"1024\" height=\"681\" src=\"https:\/\/climatetoolkit.org\/wp-content\/uploads\/2025\/04\/2025-YCAC-_PREV_PCKitokoChargois_009-1024x681.jpg\" alt=\"\" class=\"wp-image-4345\" srcset=\"https:\/\/climatetoolkit.org\/wp-content\/uploads\/2025\/04\/2025-YCAC-_PREV_PCKitokoChargois_009-1024x681.jpg 1024w, https:\/\/climatetoolkit.org\/wp-content\/uploads\/2025\/04\/2025-YCAC-_PREV_PCKitokoChargois_009-300x200.jpg 300w, https:\/\/climatetoolkit.org\/wp-content\/uploads\/2025\/04\/2025-YCAC-_PREV_PCKitokoChargois_009-768x511.jpg 768w, https:\/\/climatetoolkit.org\/wp-content\/uploads\/2025\/04\/2025-YCAC-_PREV_PCKitokoChargois_009-1536x1022.jpg 1536w, https:\/\/climatetoolkit.org\/wp-content\/uploads\/2025\/04\/2025-YCAC-_PREV_PCKitokoChargois_009-2048x1363.jpg 2048w, https:\/\/climatetoolkit.org\/wp-content\/uploads\/2025\/04\/2025-YCAC-_PREV_PCKitokoChargois_009-18x12.jpg 18w, https:\/\/climatetoolkit.org\/wp-content\/uploads\/2025\/04\/2025-YCAC-_PREV_PCKitokoChargois_009-100x67.jpg 100w, https:\/\/climatetoolkit.org\/wp-content\/uploads\/2025\/04\/2025-YCAC-_PREV_PCKitokoChargois_009-150x100.jpg 150w, https:\/\/climatetoolkit.org\/wp-content\/uploads\/2025\/04\/2025-YCAC-_PREV_PCKitokoChargois_009-200x133.jpg 200w, https:\/\/climatetoolkit.org\/wp-content\/uploads\/2025\/04\/2025-YCAC-_PREV_PCKitokoChargois_009-450x299.jpg 450w, https:\/\/climatetoolkit.org\/wp-content\/uploads\/2025\/04\/2025-YCAC-_PREV_PCKitokoChargois_009-600x399.jpg 600w, https:\/\/climatetoolkit.org\/wp-content\/uploads\/2025\/04\/2025-YCAC-_PREV_PCKitokoChargois_009-900x599.jpg 900w\" sizes=\"(max-width: 1024px) 100vw, 1024px\" \/><\/figure>\n\n\n\n<figure class=\"wp-block-image size-large\"><img decoding=\"async\" width=\"1024\" height=\"681\" src=\"https:\/\/climatetoolkit.org\/wp-content\/uploads\/2025\/04\/2025-YCAC-_PREV_PCKitokoChargois_007-1024x681.jpg\" alt=\"\" class=\"wp-image-4347\" srcset=\"https:\/\/climatetoolkit.org\/wp-content\/uploads\/2025\/04\/2025-YCAC-_PREV_PCKitokoChargois_007-1024x681.jpg 1024w, https:\/\/climatetoolkit.org\/wp-content\/uploads\/2025\/04\/2025-YCAC-_PREV_PCKitokoChargois_007-300x200.jpg 300w, https:\/\/climatetoolkit.org\/wp-content\/uploads\/2025\/04\/2025-YCAC-_PREV_PCKitokoChargois_007-768x511.jpg 768w, https:\/\/climatetoolkit.org\/wp-content\/uploads\/2025\/04\/2025-YCAC-_PREV_PCKitokoChargois_007-1536x1022.jpg 1536w, https:\/\/climatetoolkit.org\/wp-content\/uploads\/2025\/04\/2025-YCAC-_PREV_PCKitokoChargois_007-2048x1362.jpg 2048w, https:\/\/climatetoolkit.org\/wp-content\/uploads\/2025\/04\/2025-YCAC-_PREV_PCKitokoChargois_007-18x12.jpg 18w, https:\/\/climatetoolkit.org\/wp-content\/uploads\/2025\/04\/2025-YCAC-_PREV_PCKitokoChargois_007-100x67.jpg 100w, https:\/\/climatetoolkit.org\/wp-content\/uploads\/2025\/04\/2025-YCAC-_PREV_PCKitokoChargois_007-150x100.jpg 150w, https:\/\/climatetoolkit.org\/wp-content\/uploads\/2025\/04\/2025-YCAC-_PREV_PCKitokoChargois_007-200x133.jpg 200w, https:\/\/climatetoolkit.org\/wp-content\/uploads\/2025\/04\/2025-YCAC-_PREV_PCKitokoChargois_007-450x299.jpg 450w, https:\/\/climatetoolkit.org\/wp-content\/uploads\/2025\/04\/2025-YCAC-_PREV_PCKitokoChargois_007-600x399.jpg 600w, https:\/\/climatetoolkit.org\/wp-content\/uploads\/2025\/04\/2025-YCAC-_PREV_PCKitokoChargois_007-900x599.jpg 900w\" sizes=\"(max-width: 1024px) 100vw, 1024px\" \/><\/figure>\n\n\n\n<figure class=\"wp-block-image size-large\"><img decoding=\"async\" width=\"1024\" height=\"681\" src=\"https:\/\/climatetoolkit.org\/wp-content\/uploads\/2025\/04\/2025-YCAC-_PREV_PCKitokoChargois_012-1024x681.jpg\" alt=\"\" class=\"wp-image-4348\" srcset=\"https:\/\/climatetoolkit.org\/wp-content\/uploads\/2025\/04\/2025-YCAC-_PREV_PCKitokoChargois_012-1024x681.jpg 1024w, https:\/\/climatetoolkit.org\/wp-content\/uploads\/2025\/04\/2025-YCAC-_PREV_PCKitokoChargois_012-300x200.jpg 300w, https:\/\/climatetoolkit.org\/wp-content\/uploads\/2025\/04\/2025-YCAC-_PREV_PCKitokoChargois_012-768x511.jpg 768w, https:\/\/climatetoolkit.org\/wp-content\/uploads\/2025\/04\/2025-YCAC-_PREV_PCKitokoChargois_012-1536x1022.jpg 1536w, https:\/\/climatetoolkit.org\/wp-content\/uploads\/2025\/04\/2025-YCAC-_PREV_PCKitokoChargois_012-2048x1363.jpg 2048w, https:\/\/climatetoolkit.org\/wp-content\/uploads\/2025\/04\/2025-YCAC-_PREV_PCKitokoChargois_012-18x12.jpg 18w, https:\/\/climatetoolkit.org\/wp-content\/uploads\/2025\/04\/2025-YCAC-_PREV_PCKitokoChargois_012-100x67.jpg 100w, https:\/\/climatetoolkit.org\/wp-content\/uploads\/2025\/04\/2025-YCAC-_PREV_PCKitokoChargois_012-150x100.jpg 150w, https:\/\/climatetoolkit.org\/wp-content\/uploads\/2025\/04\/2025-YCAC-_PREV_PCKitokoChargois_012-200x133.jpg 200w, https:\/\/climatetoolkit.org\/wp-content\/uploads\/2025\/04\/2025-YCAC-_PREV_PCKitokoChargois_012-450x299.jpg 450w, https:\/\/climatetoolkit.org\/wp-content\/uploads\/2025\/04\/2025-YCAC-_PREV_PCKitokoChargois_012-600x399.jpg 600w, https:\/\/climatetoolkit.org\/wp-content\/uploads\/2025\/04\/2025-YCAC-_PREV_PCKitokoChargois_012-900x599.jpg 900w\" sizes=\"(max-width: 1024px) 100vw, 1024px\" \/><\/figure>\n\n\n\n<figure class=\"wp-block-image size-large\"><img decoding=\"async\" width=\"1024\" height=\"681\" src=\"https:\/\/climatetoolkit.org\/wp-content\/uploads\/2025\/04\/2025-YCAC-_PREV_PCKitokoChargois_014-1024x681.jpg\" alt=\"\" class=\"wp-image-4349\" srcset=\"https:\/\/climatetoolkit.org\/wp-content\/uploads\/2025\/04\/2025-YCAC-_PREV_PCKitokoChargois_014-1024x681.jpg 1024w, https:\/\/climatetoolkit.org\/wp-content\/uploads\/2025\/04\/2025-YCAC-_PREV_PCKitokoChargois_014-300x200.jpg 300w, https:\/\/climatetoolkit.org\/wp-content\/uploads\/2025\/04\/2025-YCAC-_PREV_PCKitokoChargois_014-768x511.jpg 768w, https:\/\/climatetoolkit.org\/wp-content\/uploads\/2025\/04\/2025-YCAC-_PREV_PCKitokoChargois_014-1536x1022.jpg 1536w, https:\/\/climatetoolkit.org\/wp-content\/uploads\/2025\/04\/2025-YCAC-_PREV_PCKitokoChargois_014-2048x1362.jpg 2048w, https:\/\/climatetoolkit.org\/wp-content\/uploads\/2025\/04\/2025-YCAC-_PREV_PCKitokoChargois_014-18x12.jpg 18w, https:\/\/climatetoolkit.org\/wp-content\/uploads\/2025\/04\/2025-YCAC-_PREV_PCKitokoChargois_014-100x67.jpg 100w, https:\/\/climatetoolkit.org\/wp-content\/uploads\/2025\/04\/2025-YCAC-_PREV_PCKitokoChargois_014-150x100.jpg 150w, https:\/\/climatetoolkit.org\/wp-content\/uploads\/2025\/04\/2025-YCAC-_PREV_PCKitokoChargois_014-200x133.jpg 200w, https:\/\/climatetoolkit.org\/wp-content\/uploads\/2025\/04\/2025-YCAC-_PREV_PCKitokoChargois_014-450x299.jpg 450w, https:\/\/climatetoolkit.org\/wp-content\/uploads\/2025\/04\/2025-YCAC-_PREV_PCKitokoChargois_014-600x399.jpg 600w, https:\/\/climatetoolkit.org\/wp-content\/uploads\/2025\/04\/2025-YCAC-_PREV_PCKitokoChargois_014-900x599.jpg 900w\" sizes=\"(max-width: 1024px) 100vw, 1024px\" \/><\/figure>\n\n\n\n<figure class=\"wp-block-image size-large\"><img decoding=\"async\" width=\"1024\" height=\"658\" src=\"https:\/\/climatetoolkit.org\/wp-content\/uploads\/2025\/04\/2025-YCAC-_PREV_PCKitokoChargois_019-1024x658.jpg\" alt=\"\" class=\"wp-image-4350\" srcset=\"https:\/\/climatetoolkit.org\/wp-content\/uploads\/2025\/04\/2025-YCAC-_PREV_PCKitokoChargois_019-1024x658.jpg 1024w, https:\/\/climatetoolkit.org\/wp-content\/uploads\/2025\/04\/2025-YCAC-_PREV_PCKitokoChargois_019-300x193.jpg 300w, https:\/\/climatetoolkit.org\/wp-content\/uploads\/2025\/04\/2025-YCAC-_PREV_PCKitokoChargois_019-768x494.jpg 768w, https:\/\/climatetoolkit.org\/wp-content\/uploads\/2025\/04\/2025-YCAC-_PREV_PCKitokoChargois_019-1536x987.jpg 1536w, https:\/\/climatetoolkit.org\/wp-content\/uploads\/2025\/04\/2025-YCAC-_PREV_PCKitokoChargois_019-2048x1317.jpg 2048w, https:\/\/climatetoolkit.org\/wp-content\/uploads\/2025\/04\/2025-YCAC-_PREV_PCKitokoChargois_019-18x12.jpg 18w, https:\/\/climatetoolkit.org\/wp-content\/uploads\/2025\/04\/2025-YCAC-_PREV_PCKitokoChargois_019-100x64.jpg 100w, https:\/\/climatetoolkit.org\/wp-content\/uploads\/2025\/04\/2025-YCAC-_PREV_PCKitokoChargois_019-150x96.jpg 150w, https:\/\/climatetoolkit.org\/wp-content\/uploads\/2025\/04\/2025-YCAC-_PREV_PCKitokoChargois_019-200x129.jpg 200w, https:\/\/climatetoolkit.org\/wp-content\/uploads\/2025\/04\/2025-YCAC-_PREV_PCKitokoChargois_019-450x289.jpg 450w, https:\/\/climatetoolkit.org\/wp-content\/uploads\/2025\/04\/2025-YCAC-_PREV_PCKitokoChargois_019-600x386.jpg 600w, https:\/\/climatetoolkit.org\/wp-content\/uploads\/2025\/04\/2025-YCAC-_PREV_PCKitokoChargois_019-900x579.jpg 900w\" sizes=\"(max-width: 1024px) 100vw, 1024px\" \/><\/figure>\n\n\n\n<figure class=\"wp-block-image size-large\"><img decoding=\"async\" width=\"1024\" height=\"681\" src=\"https:\/\/climatetoolkit.org\/wp-content\/uploads\/2025\/04\/2025-YCAC-_PREV_PCKitokoChargois_021-1024x681.jpg\" alt=\"\" class=\"wp-image-4351\" srcset=\"https:\/\/climatetoolkit.org\/wp-content\/uploads\/2025\/04\/2025-YCAC-_PREV_PCKitokoChargois_021-1024x681.jpg 1024w, https:\/\/climatetoolkit.org\/wp-content\/uploads\/2025\/04\/2025-YCAC-_PREV_PCKitokoChargois_021-300x200.jpg 300w, https:\/\/climatetoolkit.org\/wp-content\/uploads\/2025\/04\/2025-YCAC-_PREV_PCKitokoChargois_021-768x511.jpg 768w, https:\/\/climatetoolkit.org\/wp-content\/uploads\/2025\/04\/2025-YCAC-_PREV_PCKitokoChargois_021-1536x1022.jpg 1536w, https:\/\/climatetoolkit.org\/wp-content\/uploads\/2025\/04\/2025-YCAC-_PREV_PCKitokoChargois_021-2048x1362.jpg 2048w, https:\/\/climatetoolkit.org\/wp-content\/uploads\/2025\/04\/2025-YCAC-_PREV_PCKitokoChargois_021-18x12.jpg 18w, https:\/\/climatetoolkit.org\/wp-content\/uploads\/2025\/04\/2025-YCAC-_PREV_PCKitokoChargois_021-100x67.jpg 100w, https:\/\/climatetoolkit.org\/wp-content\/uploads\/2025\/04\/2025-YCAC-_PREV_PCKitokoChargois_021-150x100.jpg 150w, https:\/\/climatetoolkit.org\/wp-content\/uploads\/2025\/04\/2025-YCAC-_PREV_PCKitokoChargois_021-200x133.jpg 200w, https:\/\/climatetoolkit.org\/wp-content\/uploads\/2025\/04\/2025-YCAC-_PREV_PCKitokoChargois_021-450x299.jpg 450w, https:\/\/climatetoolkit.org\/wp-content\/uploads\/2025\/04\/2025-YCAC-_PREV_PCKitokoChargois_021-600x399.jpg 600w, https:\/\/climatetoolkit.org\/wp-content\/uploads\/2025\/04\/2025-YCAC-_PREV_PCKitokoChargois_021-900x599.jpg 900w\" sizes=\"(max-width: 1024px) 100vw, 1024px\" \/><\/figure>\n\n\n\n<p><em>Fotos \u00a9 Kitoko Chargois<\/em><\/p>","protected":false},"excerpt":{"rendered":"<p>El mi\u00e9rcoles 16 de abril, el Comit\u00e9 Juvenil de Defensa del Clima del Conservatorio Phipps organiz\u00f3 su Muestra Juvenil de Ecoacci\u00f3n 2025. Esta muestra anual es la culminaci\u00f3n de las actividades anuales del comit\u00e9, que incluyen reuniones peri\u00f3dicas, colaboraciones con otros j\u00f3venes apasionados, liderazgo y planificaci\u00f3n de proyectos...<\/p>\n<p class=\"read-more\"> <a class=\"\" href=\"https:\/\/climatetoolkit.org\/es\/phipps-youth-climate-advocacy-committee-presents-youth-eco-action-showcase\/\"> <span class=\"screen-reader-text\">El Comit\u00e9 Juvenil de Defensa del Clima de Phipps presenta una Muestra Juvenil de Acci\u00f3n Ecol\u00f3gica<\/span> Leer m\u00e1s \"<\/a><\/p>","protected":false},"author":2,"featured_media":4348,"comment_status":"closed","ping_status":"closed","sticky":false,"template":"","format":"standard","meta":{"_acf_changed":false,"inline_featured_image":false,"advgb_blocks_editor_width":"","advgb_blocks_columns_visual_guide":"","footnotes":""},"categories":[179],"tags":[],"class_list":["post-4344","post","type-post","status-publish","format-standard","has-post-thumbnail","hentry","category-engagement"],"acf":[],"yoast_head":"<!-- This site is optimized with the Yoast SEO plugin v27.5 - https:\/\/yoast.com\/product\/yoast-seo-wordpress\/ -->\n<title>Phipps Youth Climate Advocacy Committee Presents Youth Eco-Action Showcase - The Climate Toolkit<\/title>\n<meta name=\"robots\" content=\"noindex, follow\" \/>\n<meta property=\"og:locale\" content=\"es_ES\" \/>\n<meta property=\"og:type\" content=\"article\" \/>\n<meta property=\"og:title\" content=\"Phipps Youth Climate Advocacy Committee Presents Youth Eco-Action Showcase - The Climate Toolkit\" \/>\n<meta property=\"og:description\" content=\"On Wed., April 16, Phipps Conservatory&#8217;s Youth Climate Advocacy Committee hosted their 2025 Youth Eco-Action Showcase. This annual showcase is the culmination of the committee&#8217;s annual activities, which include regular meetings, collaborations with other passionate youth, leadership and project planning &hellip; Phipps Youth Climate Advocacy Committee Presents Youth Eco-Action Showcase Leer m\u00e1s \u00bb\" \/>\n<meta property=\"og:url\" content=\"https:\/\/climatetoolkit.org\/es\/phipps-youth-climate-advocacy-committee-presents-youth-eco-action-showcase\/\" \/>\n<meta property=\"og:site_name\" content=\"The Climate Toolkit\" \/>\n<meta property=\"article:published_time\" content=\"2025-04-18T19:33:50+00:00\" \/>\n<meta property=\"article:modified_time\" content=\"2025-06-18T20:12:32+00:00\" \/>\n<meta property=\"og:image\" content=\"https:\/\/climatetoolkit.org\/wp-content\/uploads\/2025\/04\/2025-YCAC-_PREV_PCKitokoChargois_012-scaled.jpg\" \/>\n\t<meta property=\"og:image:width\" content=\"2560\" \/>\n\t<meta property=\"og:image:height\" content=\"1703\" \/>\n\t<meta property=\"og:image:type\" content=\"image\/jpeg\" \/>\n<meta name=\"author\" content=\"joe reed\" \/>\n<meta name=\"twitter:card\" content=\"summary_large_image\" \/>\n<meta name=\"twitter:label1\" content=\"Escrito por\" \/>\n\t<meta name=\"twitter:data1\" content=\"joe reed\" \/>\n\t<meta name=\"twitter:label2\" content=\"Tiempo de lectura\" \/>\n\t<meta name=\"twitter:data2\" content=\"3 minutos\" \/>\n<script type=\"application\/ld+json\" class=\"yoast-schema-graph\">{\"@context\":\"https:\\\/\\\/schema.org\",\"@graph\":[{\"@type\":\"Article\",\"@id\":\"https:\\\/\\\/climatetoolkit.org\\\/phipps-youth-climate-advocacy-committee-presents-youth-eco-action-showcase\\\/#article\",\"isPartOf\":{\"@id\":\"https:\\\/\\\/climatetoolkit.org\\\/phipps-youth-climate-advocacy-committee-presents-youth-eco-action-showcase\\\/\"},\"author\":{\"name\":\"joe reed\",\"@id\":\"https:\\\/\\\/climatetoolkit.org\\\/#\\\/schema\\\/person\\\/0a315cfe2d4239376531ced9d06c441c\"},\"headline\":\"Phipps Youth Climate Advocacy Committee Presents Youth Eco-Action Showcase\",\"datePublished\":\"2025-04-18T19:33:50+00:00\",\"dateModified\":\"2025-06-18T20:12:32+00:00\",\"mainEntityOfPage\":{\"@id\":\"https:\\\/\\\/climatetoolkit.org\\\/phipps-youth-climate-advocacy-committee-presents-youth-eco-action-showcase\\\/\"},\"wordCount\":156,\"publisher\":{\"@id\":\"https:\\\/\\\/climatetoolkit.org\\\/#organization\"},\"image\":{\"@id\":\"https:\\\/\\\/climatetoolkit.org\\\/phipps-youth-climate-advocacy-committee-presents-youth-eco-action-showcase\\\/#primaryimage\"},\"thumbnailUrl\":\"https:\\\/\\\/climatetoolkit.org\\\/wp-content\\\/uploads\\\/2025\\\/04\\\/2025-YCAC-_PREV_PCKitokoChargois_012-scaled.jpg\",\"articleSection\":[\"Engagement\"],\"inLanguage\":\"es\"},{\"@type\":\"WebPage\",\"@id\":\"https:\\\/\\\/climatetoolkit.org\\\/phipps-youth-climate-advocacy-committee-presents-youth-eco-action-showcase\\\/\",\"url\":\"https:\\\/\\\/climatetoolkit.org\\\/phipps-youth-climate-advocacy-committee-presents-youth-eco-action-showcase\\\/\",\"name\":\"Phipps Youth Climate Advocacy Committee Presents Youth Eco-Action Showcase - The Climate Toolkit\",\"isPartOf\":{\"@id\":\"https:\\\/\\\/climatetoolkit.org\\\/#website\"},\"primaryImageOfPage\":{\"@id\":\"https:\\\/\\\/climatetoolkit.org\\\/phipps-youth-climate-advocacy-committee-presents-youth-eco-action-showcase\\\/#primaryimage\"},\"image\":{\"@id\":\"https:\\\/\\\/climatetoolkit.org\\\/phipps-youth-climate-advocacy-committee-presents-youth-eco-action-showcase\\\/#primaryimage\"},\"thumbnailUrl\":\"https:\\\/\\\/climatetoolkit.org\\\/wp-content\\\/uploads\\\/2025\\\/04\\\/2025-YCAC-_PREV_PCKitokoChargois_012-scaled.jpg\",\"datePublished\":\"2025-04-18T19:33:50+00:00\",\"dateModified\":\"2025-06-18T20:12:32+00:00\",\"breadcrumb\":{\"@id\":\"https:\\\/\\\/climatetoolkit.org\\\/phipps-youth-climate-advocacy-committee-presents-youth-eco-action-showcase\\\/#breadcrumb\"},\"inLanguage\":\"es\",\"potentialAction\":[{\"@type\":\"ReadAction\",\"target\":[\"https:\\\/\\\/climatetoolkit.org\\\/phipps-youth-climate-advocacy-committee-presents-youth-eco-action-showcase\\\/\"]}]},{\"@type\":\"ImageObject\",\"inLanguage\":\"es\",\"@id\":\"https:\\\/\\\/climatetoolkit.org\\\/phipps-youth-climate-advocacy-committee-presents-youth-eco-action-showcase\\\/#primaryimage\",\"url\":\"https:\\\/\\\/climatetoolkit.org\\\/wp-content\\\/uploads\\\/2025\\\/04\\\/2025-YCAC-_PREV_PCKitokoChargois_012-scaled.jpg\",\"contentUrl\":\"https:\\\/\\\/climatetoolkit.org\\\/wp-content\\\/uploads\\\/2025\\\/04\\\/2025-YCAC-_PREV_PCKitokoChargois_012-scaled.jpg\",\"width\":2560,\"height\":1703},{\"@type\":\"BreadcrumbList\",\"@id\":\"https:\\\/\\\/climatetoolkit.org\\\/phipps-youth-climate-advocacy-committee-presents-youth-eco-action-showcase\\\/#breadcrumb\",\"itemListElement\":[{\"@type\":\"ListItem\",\"position\":1,\"name\":\"Home\",\"item\":\"https:\\\/\\\/climatetoolkit.org\\\/\"},{\"@type\":\"ListItem\",\"position\":2,\"name\":\"Phipps Youth Climate Advocacy Committee Presents Youth Eco-Action Showcase\"}]},{\"@type\":\"WebSite\",\"@id\":\"https:\\\/\\\/climatetoolkit.org\\\/#website\",\"url\":\"https:\\\/\\\/climatetoolkit.org\\\/\",\"name\":\"The Climate Toolkit\",\"description\":\"For Museums, Gardens and Zoos\",\"publisher\":{\"@id\":\"https:\\\/\\\/climatetoolkit.org\\\/#organization\"},\"potentialAction\":[{\"@type\":\"SearchAction\",\"target\":{\"@type\":\"EntryPoint\",\"urlTemplate\":\"https:\\\/\\\/climatetoolkit.org\\\/?s={search_term_string}\"},\"query-input\":{\"@type\":\"PropertyValueSpecification\",\"valueRequired\":true,\"valueName\":\"search_term_string\"}}],\"inLanguage\":\"es\"},{\"@type\":\"Organization\",\"@id\":\"https:\\\/\\\/climatetoolkit.org\\\/#organization\",\"name\":\"The Climate Toolkit\",\"url\":\"https:\\\/\\\/climatetoolkit.org\\\/\",\"logo\":{\"@type\":\"ImageObject\",\"inLanguage\":\"es\",\"@id\":\"https:\\\/\\\/climatetoolkit.org\\\/#\\\/schema\\\/logo\\\/image\\\/\",\"url\":\"https:\\\/\\\/climatetoolkit.org\\\/wp-content\\\/uploads\\\/2020\\\/05\\\/C_logo.png\",\"contentUrl\":\"https:\\\/\\\/climatetoolkit.org\\\/wp-content\\\/uploads\\\/2020\\\/05\\\/C_logo.png\",\"width\":512,\"height\":512,\"caption\":\"The Climate Toolkit\"},\"image\":{\"@id\":\"https:\\\/\\\/climatetoolkit.org\\\/#\\\/schema\\\/logo\\\/image\\\/\"}},{\"@type\":\"Person\",\"@id\":\"https:\\\/\\\/climatetoolkit.org\\\/#\\\/schema\\\/person\\\/0a315cfe2d4239376531ced9d06c441c\",\"name\":\"joe reed\",\"image\":{\"@type\":\"ImageObject\",\"inLanguage\":\"es\",\"@id\":\"https:\\\/\\\/secure.gravatar.com\\\/avatar\\\/472f195403d80a13cf2167242ca383d8b44ece2a427beed29cba86949c90ae13?s=96&d=mm&r=g\",\"url\":\"https:\\\/\\\/secure.gravatar.com\\\/avatar\\\/472f195403d80a13cf2167242ca383d8b44ece2a427beed29cba86949c90ae13?s=96&d=mm&r=g\",\"contentUrl\":\"https:\\\/\\\/secure.gravatar.com\\\/avatar\\\/472f195403d80a13cf2167242ca383d8b44ece2a427beed29cba86949c90ae13?s=96&d=mm&r=g\",\"caption\":\"joe reed\"}}]}<\/script>\n<!-- \/ Yoast SEO plugin. -->","yoast_head_json":{"title":"El Comit\u00e9 Juvenil de Defensa del Clima de Phipps presenta una muestra de ecoacci\u00f3n juvenil: la caja de herramientas del clima","robots":{"index":"noindex","follow":"follow"},"og_locale":"es_ES","og_type":"article","og_title":"Phipps Youth Climate Advocacy Committee Presents Youth Eco-Action Showcase - The Climate Toolkit","og_description":"On Wed., April 16, Phipps Conservatory&#8217;s Youth Climate Advocacy Committee hosted their 2025 Youth Eco-Action Showcase. This annual showcase is the culmination of the committee&#8217;s annual activities, which include regular meetings, collaborations with other passionate youth, leadership and project planning &hellip; Phipps Youth Climate Advocacy Committee Presents Youth Eco-Action Showcase Leer m\u00e1s \u00bb","og_url":"https:\/\/climatetoolkit.org\/es\/phipps-youth-climate-advocacy-committee-presents-youth-eco-action-showcase\/","og_site_name":"The Climate Toolkit","article_published_time":"2025-04-18T19:33:50+00:00","article_modified_time":"2025-06-18T20:12:32+00:00","og_image":[{"width":2560,"height":1703,"url":"https:\/\/climatetoolkit.org\/wp-content\/uploads\/2025\/04\/2025-YCAC-_PREV_PCKitokoChargois_012-scaled.jpg","type":"image\/jpeg"}],"author":"joe reed","twitter_card":"summary_large_image","twitter_misc":{"Escrito por":"joe reed","Tiempo de lectura":"3 minutos"},"schema":{"@context":"https:\/\/schema.org","@graph":[{"@type":"Article","@id":"https:\/\/climatetoolkit.org\/phipps-youth-climate-advocacy-committee-presents-youth-eco-action-showcase\/#article","isPartOf":{"@id":"https:\/\/climatetoolkit.org\/phipps-youth-climate-advocacy-committee-presents-youth-eco-action-showcase\/"},"author":{"name":"joe reed","@id":"https:\/\/climatetoolkit.org\/#\/schema\/person\/0a315cfe2d4239376531ced9d06c441c"},"headline":"Phipps Youth Climate Advocacy Committee Presents Youth Eco-Action Showcase","datePublished":"2025-04-18T19:33:50+00:00","dateModified":"2025-06-18T20:12:32+00:00","mainEntityOfPage":{"@id":"https:\/\/climatetoolkit.org\/phipps-youth-climate-advocacy-committee-presents-youth-eco-action-showcase\/"},"wordCount":156,"publisher":{"@id":"https:\/\/climatetoolkit.org\/#organization"},"image":{"@id":"https:\/\/climatetoolkit.org\/phipps-youth-climate-advocacy-committee-presents-youth-eco-action-showcase\/#primaryimage"},"thumbnailUrl":"https:\/\/climatetoolkit.org\/wp-content\/uploads\/2025\/04\/2025-YCAC-_PREV_PCKitokoChargois_012-scaled.jpg","articleSection":["Engagement"],"inLanguage":"es"},{"@type":"WebPage","@id":"https:\/\/climatetoolkit.org\/phipps-youth-climate-advocacy-committee-presents-youth-eco-action-showcase\/","url":"https:\/\/climatetoolkit.org\/phipps-youth-climate-advocacy-committee-presents-youth-eco-action-showcase\/","name":"El Comit\u00e9 Juvenil de Defensa del Clima de Phipps presenta una muestra de ecoacci\u00f3n juvenil: la caja de herramientas del clima","isPartOf":{"@id":"https:\/\/climatetoolkit.org\/#website"},"primaryImageOfPage":{"@id":"https:\/\/climatetoolkit.org\/phipps-youth-climate-advocacy-committee-presents-youth-eco-action-showcase\/#primaryimage"},"image":{"@id":"https:\/\/climatetoolkit.org\/phipps-youth-climate-advocacy-committee-presents-youth-eco-action-showcase\/#primaryimage"},"thumbnailUrl":"https:\/\/climatetoolkit.org\/wp-content\/uploads\/2025\/04\/2025-YCAC-_PREV_PCKitokoChargois_012-scaled.jpg","datePublished":"2025-04-18T19:33:50+00:00","dateModified":"2025-06-18T20:12:32+00:00","breadcrumb":{"@id":"https:\/\/climatetoolkit.org\/phipps-youth-climate-advocacy-committee-presents-youth-eco-action-showcase\/#breadcrumb"},"inLanguage":"es","potentialAction":[{"@type":"ReadAction","target":["https:\/\/climatetoolkit.org\/phipps-youth-climate-advocacy-committee-presents-youth-eco-action-showcase\/"]}]},{"@type":"ImageObject","inLanguage":"es","@id":"https:\/\/climatetoolkit.org\/phipps-youth-climate-advocacy-committee-presents-youth-eco-action-showcase\/#primaryimage","url":"https:\/\/climatetoolkit.org\/wp-content\/uploads\/2025\/04\/2025-YCAC-_PREV_PCKitokoChargois_012-scaled.jpg","contentUrl":"https:\/\/climatetoolkit.org\/wp-content\/uploads\/2025\/04\/2025-YCAC-_PREV_PCKitokoChargois_012-scaled.jpg","width":2560,"height":1703},{"@type":"BreadcrumbList","@id":"https:\/\/climatetoolkit.org\/phipps-youth-climate-advocacy-committee-presents-youth-eco-action-showcase\/#breadcrumb","itemListElement":[{"@type":"ListItem","position":1,"name":"Home","item":"https:\/\/climatetoolkit.org\/"},{"@type":"ListItem","position":2,"name":"Phipps Youth Climate Advocacy Committee Presents Youth Eco-Action Showcase"}]},{"@type":"WebSite","@id":"https:\/\/climatetoolkit.org\/#website","url":"https:\/\/climatetoolkit.org\/","name":"Herramientas para el clima","description":"Para museos, jardines y zool\u00f3gicos","publisher":{"@id":"https:\/\/climatetoolkit.org\/#organization"},"potentialAction":[{"@type":"SearchAction","target":{"@type":"EntryPoint","urlTemplate":"https:\/\/climatetoolkit.org\/?s={search_term_string}"},"query-input":{"@type":"PropertyValueSpecification","valueRequired":true,"valueName":"search_term_string"}}],"inLanguage":"es"},{"@type":"Organization","@id":"https:\/\/climatetoolkit.org\/#organization","name":"Herramientas para el clima","url":"https:\/\/climatetoolkit.org\/","logo":{"@type":"ImageObject","inLanguage":"es","@id":"https:\/\/climatetoolkit.org\/#\/schema\/logo\/image\/","url":"https:\/\/climatetoolkit.org\/wp-content\/uploads\/2020\/05\/C_logo.png","contentUrl":"https:\/\/climatetoolkit.org\/wp-content\/uploads\/2020\/05\/C_logo.png","width":512,"height":512,"caption":"The Climate Toolkit"},"image":{"@id":"https:\/\/climatetoolkit.org\/#\/schema\/logo\/image\/"}},{"@type":"Person","@id":"https:\/\/climatetoolkit.org\/#\/schema\/person\/0a315cfe2d4239376531ced9d06c441c","name":"joe reed","image":{"@type":"ImageObject","inLanguage":"es","@id":"https:\/\/secure.gravatar.com\/avatar\/472f195403d80a13cf2167242ca383d8b44ece2a427beed29cba86949c90ae13?s=96&d=mm&r=g","url":"https:\/\/secure.gravatar.com\/avatar\/472f195403d80a13cf2167242ca383d8b44ece2a427beed29cba86949c90ae13?s=96&d=mm&r=g","contentUrl":"https:\/\/secure.gravatar.com\/avatar\/472f195403d80a13cf2167242ca383d8b44ece2a427beed29cba86949c90ae13?s=96&d=mm&r=g","caption":"joe reed"}}]}},"author_meta":{"display_name":"joe reed","author_link":"https:\/\/climatetoolkit.org\/es\/author\/joe\/"},"featured_img":"https:\/\/climatetoolkit.org\/wp-content\/uploads\/2025\/04\/2025-YCAC-_PREV_PCKitokoChargois_012-300x200.jpg","coauthors":[],"tax_additional":{"categories":{"linked":["<a href=\"https:\/\/climatetoolkit.org\/es\/blog-category\/engagement\/\" class=\"advgb-post-tax-term\">Engagement<\/a>"],"unlinked":["<span class=\"advgb-post-tax-term\">Engagement<\/span>"]}},"comment_count":0,"relative_dates":{"created":"Publicado 1 a\u00f1o hace","modified":"Actualizado 11 meses hace"},"absolute_dates":{"created":"Publicado el abril 18, 2025","modified":"Actualizado el junio 18, 2025"},"absolute_dates_time":{"created":"Publicado el abril 18, 2025 3:33 pm","modified":"Actualizado el junio 18, 2025 4:12 pm"},"featured_img_caption":"","series_order":"","_links":{"self":[{"href":"https:\/\/climatetoolkit.org\/es\/wp-json\/wp\/v2\/posts\/4344","targetHints":{"allow":["GET"]}}],"collection":[{"href":"https:\/\/climatetoolkit.org\/es\/wp-json\/wp\/v2\/posts"}],"about":[{"href":"https:\/\/climatetoolkit.org\/es\/wp-json\/wp\/v2\/types\/post"}],"author":[{"embeddable":true,"href":"https:\/\/climatetoolkit.org\/es\/wp-json\/wp\/v2\/users\/2"}],"replies":[{"embeddable":true,"href":"https:\/\/climatetoolkit.org\/es\/wp-json\/wp\/v2\/comments?post=4344"}],"version-history":[{"count":4,"href":"https:\/\/climatetoolkit.org\/es\/wp-json\/wp\/v2\/posts\/4344\/revisions"}],"predecessor-version":[{"id":4357,"href":"https:\/\/climatetoolkit.org\/es\/wp-json\/wp\/v2\/posts\/4344\/revisions\/4357"}],"wp:featuredmedia":[{"embeddable":true,"href":"https:\/\/climatetoolkit.org\/es\/wp-json\/wp\/v2\/media\/4348"}],"wp:attachment":[{"href":"https:\/\/climatetoolkit.org\/es\/wp-json\/wp\/v2\/media?parent=4344"}],"wp:term":[{"taxonomy":"category","embeddable":true,"href":"https:\/\/climatetoolkit.org\/es\/wp-json\/wp\/v2\/categories?post=4344"},{"taxonomy":"post_tag","embeddable":true,"href":"https:\/\/climatetoolkit.org\/es\/wp-json\/wp\/v2\/tags?post=4344"}],"curies":[{"name":"wp","href":"https:\/\/api.w.org\/{rel}","templated":true}]}}