{"id":2790,"date":"2023-11-29T09:43:26","date_gmt":"2023-11-29T14:43:26","guid":{"rendered":"https:\/\/climatetoolkit.org\/?p=2790"},"modified":"2025-06-18T16:12:35","modified_gmt":"2025-06-18T20:12:35","slug":"phipps-youth-on-the-world-stage-at-cop28","status":"publish","type":"post","link":"https:\/\/climatetoolkit.org\/de\/phipps-youth-on-the-world-stage-at-cop28\/","title":{"rendered":"Phipps Jugend auf der Weltb\u00fchne bei COP28"},"content":{"rendered":"<h3 class=\"wp-block-heading\">Das Phipps Conservatory unterst\u00fctzt die Leidenschaft junger Menschen f\u00fcr die Umwelt auf einer ganz neuen Ebene.<\/h3>\n\n\n\n<p>Donnerstag, der 30. November, markiert einen wichtigen Moment f\u00fcr Dubai und Pittsburgh: der Beginn der&nbsp;<a href=\"https:\/\/www.cop28.com\/\"><strong>COP28<\/strong><\/a>. Dies ist zwar die achtundzwanzigste Konferenz der Vertragsparteien (COP), die von der&nbsp;<a href=\"https:\/\/unfccc.int\/\">Rahmen\u00fcbereinkommen der Vereinten Nationen \u00fcber Klima\u00e4nderungen<\/a>&nbsp;(UNFCCC), sind die meisten Menschen eher mit der COP21&nbsp;<a href=\"https:\/\/unfccc.int\/process-and-meetings\/the-paris-agreement\">Pariser Abkommen<\/a>&nbsp;Vertrag \u00fcber den Klimawandel im Jahr 2015. Das Pariser Abkommen zielt darauf ab, \"den Anstieg der globalen Durchschnittstemperatur auf deutlich unter 2 \u00b0C \u00fcber dem vorindustriellen Niveau zu halten\", wobei ein ehrgeizigeres Ziel von 1,5 \u00b0C \u00fcber dem vorindustriellen Niveau angestrebt wird. In den darauffolgenden Jahren wurden bei den COP-Verhandlungen Ma\u00dfnahmen ergriffen, die sicherstellen, dass die L\u00e4nder die im Pariser Abkommen festgelegten Ziele erreichen. Die diesj\u00e4hrige COP28 findet in Dubai (VAE) statt. 197 L\u00e4nder, die Europ\u00e4ische Union und Tausende von Nichtregierungsorganisationen nehmen daran teil.<\/p>\n\n\n\n<figure class=\"wp-block-image size-full is-resized\"><img decoding=\"async\" width=\"768\" height=\"324\" src=\"https:\/\/climatetoolkit.org\/wp-content\/uploads\/2023\/11\/EXPO-CITY-DUBAI-IS-PROUD-HOST-OF-COP28.webp\" alt=\"\" class=\"wp-image-2797\" style=\"aspect-ratio:2.121212121212121;width:802px;height:auto\" srcset=\"https:\/\/climatetoolkit.org\/wp-content\/uploads\/2023\/11\/EXPO-CITY-DUBAI-IS-PROUD-HOST-OF-COP28.webp 768w, https:\/\/climatetoolkit.org\/wp-content\/uploads\/2023\/11\/EXPO-CITY-DUBAI-IS-PROUD-HOST-OF-COP28-300x127.webp 300w, https:\/\/climatetoolkit.org\/wp-content\/uploads\/2023\/11\/EXPO-CITY-DUBAI-IS-PROUD-HOST-OF-COP28-100x42.webp 100w, https:\/\/climatetoolkit.org\/wp-content\/uploads\/2023\/11\/EXPO-CITY-DUBAI-IS-PROUD-HOST-OF-COP28-150x63.webp 150w, https:\/\/climatetoolkit.org\/wp-content\/uploads\/2023\/11\/EXPO-CITY-DUBAI-IS-PROUD-HOST-OF-COP28-200x84.webp 200w, https:\/\/climatetoolkit.org\/wp-content\/uploads\/2023\/11\/EXPO-CITY-DUBAI-IS-PROUD-HOST-OF-COP28-450x190.webp 450w, https:\/\/climatetoolkit.org\/wp-content\/uploads\/2023\/11\/EXPO-CITY-DUBAI-IS-PROUD-HOST-OF-COP28-600x253.webp 600w\" sizes=\"(max-width: 768px) 100vw, 768px\" \/><\/figure>\n\n\n\n<p>Zu den Delegationen geh\u00f6rt auch das Phipps Conservatory in Pittsburgh, das anerkennt, dass&nbsp;<strong>kulturelle Einrichtungen wie G\u00e4rten, Museen und Zoos<\/strong>&nbsp;brauchen auch einen Platz am Tisch.<\/p>\n\n\n\n<p>\"Wir bei Phipps glauben, dass es wichtig ist, junge Menschen, die sich f\u00fcr den Klimawandel einsetzen, durch viele verschiedene Programme zu unterst\u00fctzen, bis hin zur vollen Unterst\u00fctzung ihrer Teilnahme an der COP, die eine lebensver\u00e4ndernde Erfahrung sein kann und wird\", sagt Richard Piacentini, Pr\u00e4sident und CEO von Phipps.<\/p>\n\n\n\n<p>In diesem Jahr unternimmt Phipps Schritte zur Einf\u00fchrung eines&nbsp;<a href=\"https:\/\/climatetoolkit.org\/de\/youth\/\"><strong>Climate Toolkit Jugendnetzwerk<\/strong><\/a>&nbsp;f\u00fcr junge Menschen, die sich f\u00fcr den Klimaschutz und Umweltgerechtigkeit engagieren. So wie das Climate Toolkit Museen, G\u00e4rten und Zoos zusammenbringt, um Wissen und bew\u00e4hrte Praktiken im Bereich des Klimaschutzes auszutauschen, wird das neue Jugendnetzwerk junge Menschen aus diesen Einrichtungen zusammenbringen - darunter auch Mitglieder von Phipps' eigenen&nbsp;<a href=\"https:\/\/www.phipps.conservatory.org\/classes-and-programs\/for-educators\/youth-climate-advisory-committee\"><strong>Youth Climate Advocacy Committee (YCAC)<\/strong><\/a>&nbsp;- um ihr Wissen und ihre harte Arbeit zu teilen und zu feiern.<\/p>\n\n\n\n<p>Vor diesem Hintergrund wird nicht nur Phipps' YCAC-Koordinator&nbsp;<strong>Jennifer Torrance<\/strong>&nbsp;bei der COP28 anwesend sein, aber sie wird an der&nbsp;<strong>Anna Bagwell<\/strong>ein Mitglied des Phipps Youth Climate Advocacy Committee (YCAC), auf die Weltb\u00fchne, um sich f\u00fcr sinnvolle Klimaschutzma\u00dfnahmen einzusetzen.<\/p>\n\n\n\n<figure class=\"wp-block-image size-large\"><img decoding=\"async\" width=\"1024\" height=\"769\" src=\"https:\/\/climatetoolkit.org\/wp-content\/uploads\/2023\/11\/1000019975-1024x769.jpg\" alt=\"\" class=\"wp-image-2818\" srcset=\"https:\/\/climatetoolkit.org\/wp-content\/uploads\/2023\/11\/1000019975-1024x769.jpg 1024w, https:\/\/climatetoolkit.org\/wp-content\/uploads\/2023\/11\/1000019975-300x225.jpg 300w, https:\/\/climatetoolkit.org\/wp-content\/uploads\/2023\/11\/1000019975-768x577.jpg 768w, https:\/\/climatetoolkit.org\/wp-content\/uploads\/2023\/11\/1000019975-1536x1154.jpg 1536w, https:\/\/climatetoolkit.org\/wp-content\/uploads\/2023\/11\/1000019975-2048x1538.jpg 2048w, https:\/\/climatetoolkit.org\/wp-content\/uploads\/2023\/11\/1000019975-100x75.jpg 100w, https:\/\/climatetoolkit.org\/wp-content\/uploads\/2023\/11\/1000019975-150x113.jpg 150w, https:\/\/climatetoolkit.org\/wp-content\/uploads\/2023\/11\/1000019975-200x150.jpg 200w, https:\/\/climatetoolkit.org\/wp-content\/uploads\/2023\/11\/1000019975-450x338.jpg 450w, https:\/\/climatetoolkit.org\/wp-content\/uploads\/2023\/11\/1000019975-600x451.jpg 600w, https:\/\/climatetoolkit.org\/wp-content\/uploads\/2023\/11\/1000019975-900x676.jpg 900w\" sizes=\"(max-width: 1024px) 100vw, 1024px\" \/><figcaption class=\"wp-element-caption\"><em>Foto L-R: Anna Bagwell, YCAC-Studentenleiterin<\/em>; <em>Jennifer Torrance, YCAC-Koordinatorin<\/em>.<\/figcaption><\/figure>\n\n\n\n<p>Anna, eine junge Umweltsch\u00fctzerin und Klimabef\u00fcrworterin, studiert an der University of Pittsburgh Umweltstudien, Stadtplanung und geografische Analyse. Sie war ein Gr\u00fcndungsmitglied von Phipps' YCAC und hat zwei Jahre lang als Ausschussleiterin gedient. Bagwell hat ihr Engagement f\u00fcr den Klimaschutz in vielerlei Hinsicht unter Beweis gestellt, unter anderem durch ihre Teilnahme an der ersten lokalen Jugendkonferenz (LCOY) in den Vereinigten Staaten, wo sie half, eine nationale Jugenderkl\u00e4rung zu verfassen, die die Hoffnungen und Tr\u00e4ume der amerikanischen Jugend f\u00fcr eine bessere Zukunft repr\u00e4sentiert. Dar\u00fcber hinaus hat Bagwell an verschiedenen lokalen Klimagipfeln und -symposien teilgenommen, wie z. B. am Pittsburgh Youth Climate Action Summit, der jedes Jahr von Communitopia veranstaltet wird, und hat sogar eine inspirierende Grundsatzrede vor umweltbewussten Sch\u00fclern der Mittelstufe gehalten. Jetzt m\u00f6chte Bagwell die f\u00fchrenden Politiker der Welt davon \u00fcberzeugen, die notwendigen Sofortma\u00dfnahmen zu ergreifen, um unseren sich erw\u00e4rmenden Planeten zu k\u00fchlen.<\/p>\n\n\n\n<p><strong>\"Ich f\u00fchle mich geehrt und freue mich, an einer so bedeutenden Klimaschutzaktion teilzunehmen\", sagt Bagwell. \"Die Zusammenarbeit mit unglaublich talentierten und engagierten Jugendlichen ist wirklich inspirierend.\"<\/strong><\/p>\n\n\n\n<figure class=\"wp-block-image size-large\"><img decoding=\"async\" width=\"1024\" height=\"768\" src=\"https:\/\/climatetoolkit.org\/wp-content\/uploads\/2023\/11\/1000019977-1024x768.jpg\" alt=\"\" class=\"wp-image-2820\" srcset=\"https:\/\/climatetoolkit.org\/wp-content\/uploads\/2023\/11\/1000019977-1024x768.jpg 1024w, https:\/\/climatetoolkit.org\/wp-content\/uploads\/2023\/11\/1000019977-300x225.jpg 300w, https:\/\/climatetoolkit.org\/wp-content\/uploads\/2023\/11\/1000019977-768x576.jpg 768w, https:\/\/climatetoolkit.org\/wp-content\/uploads\/2023\/11\/1000019977-1536x1152.jpg 1536w, https:\/\/climatetoolkit.org\/wp-content\/uploads\/2023\/11\/1000019977-2048x1536.jpg 2048w, https:\/\/climatetoolkit.org\/wp-content\/uploads\/2023\/11\/1000019977-100x75.jpg 100w, https:\/\/climatetoolkit.org\/wp-content\/uploads\/2023\/11\/1000019977-150x113.jpg 150w, https:\/\/climatetoolkit.org\/wp-content\/uploads\/2023\/11\/1000019977-200x150.jpg 200w, https:\/\/climatetoolkit.org\/wp-content\/uploads\/2023\/11\/1000019977-450x338.jpg 450w, https:\/\/climatetoolkit.org\/wp-content\/uploads\/2023\/11\/1000019977-600x450.jpg 600w, https:\/\/climatetoolkit.org\/wp-content\/uploads\/2023\/11\/1000019977-900x675.jpg 900w\" sizes=\"(max-width: 1024px) 100vw, 1024px\" \/><\/figure>\n\n\n\n<p>Und Phipps k\u00f6nnte dem nicht mehr zustimmen. Da Phipps durch Programme wie die Phipps Fairchild Challenge, die EcoLeader Academy und das YCAC in die Jugend investiert hat, wei\u00df Phipps, dass die Jugend bei der L\u00f6sung der Klimakrise eine wesentliche Rolle spielen muss. Junge Menschen verstehen die Dringlichkeit besser als jede andere Generation in der Vergangenheit. Ihre Leidenschaft und ihr Engagement f\u00fcr Klimagerechtigkeit, Menschenrechte, Sofortma\u00dfnahmen, Klimabildung und die Bef\u00e4higung der \u00d6ffentlichkeit machen sie zu m\u00e4chtigen Katalysatoren f\u00fcr Ver\u00e4nderungen. W\u00e4hrend der COP28 werden junge Klimabef\u00fcrworter wie Bagwell die Staats- und Regierungschefs der Welt auffordern, sinnvolle und dauerhafte Ma\u00dfnahmen gegen den Klimawandel zu ergreifen. Jugenddelegierte aus der ganzen Welt werden die M\u00f6glichkeit haben, den Verhandlungsf\u00fchrern eine globale Jugenderkl\u00e4rung zum Klimawandel vorzulegen, Reden zu halten, an Diskussionsrunden teilzunehmen und klimapolitische Entscheidungen zu beeinflussen.<\/p>\n\n\n\n<p><strong>\"Die Zukunft unseres Planeten geh\u00f6rt den jungen Menschen\", so Bagwell. \"Wir m\u00fcssen uns darum k\u00fcmmern, und wir m\u00fcssen andere dazu bringen, sich darum zu k\u00fcmmern, denn unsere Zukunft liegt in der Erde, die wir erben werden. Ob dieses Erbe nun gerecht ist oder nicht, positiv ist, dass sich die Gezeiten \u00e4ndern. Mehr denn je wachen die Menschen jetzt auf und erkennen, dass etwas getan werden muss. Ich kann nicht genug betonen, wie wichtig die Stimmen junger Menschen sind, wenn es darum geht, etwas zu ver\u00e4ndern.<\/strong><\/p>\n\n\n\n<p>Behalten Sie die Verhandlungen der COP28 Ende November und im Dezember im Auge und im Ohr. Die Jugenddelegierten, darunter Anna Bagwell, werden sich unerm\u00fcdlich daf\u00fcr einsetzen, dass ehrgeizige Ma\u00dfnahmen f\u00fcr eine bessere Zukunft ergriffen werden.<\/p>\n\n\n\n<figure class=\"wp-block-image size-large\"><img decoding=\"async\" width=\"1024\" height=\"768\" src=\"https:\/\/climatetoolkit.org\/wp-content\/uploads\/2023\/11\/1000020007-1024x768.jpg\" alt=\"\" class=\"wp-image-2821\" srcset=\"https:\/\/climatetoolkit.org\/wp-content\/uploads\/2023\/11\/1000020007-1024x768.jpg 1024w, https:\/\/climatetoolkit.org\/wp-content\/uploads\/2023\/11\/1000020007-300x225.jpg 300w, https:\/\/climatetoolkit.org\/wp-content\/uploads\/2023\/11\/1000020007-768x576.jpg 768w, https:\/\/climatetoolkit.org\/wp-content\/uploads\/2023\/11\/1000020007-1536x1152.jpg 1536w, https:\/\/climatetoolkit.org\/wp-content\/uploads\/2023\/11\/1000020007-2048x1536.jpg 2048w, https:\/\/climatetoolkit.org\/wp-content\/uploads\/2023\/11\/1000020007-100x75.jpg 100w, https:\/\/climatetoolkit.org\/wp-content\/uploads\/2023\/11\/1000020007-150x113.jpg 150w, https:\/\/climatetoolkit.org\/wp-content\/uploads\/2023\/11\/1000020007-200x150.jpg 200w, https:\/\/climatetoolkit.org\/wp-content\/uploads\/2023\/11\/1000020007-450x338.jpg 450w, https:\/\/climatetoolkit.org\/wp-content\/uploads\/2023\/11\/1000020007-600x450.jpg 600w, https:\/\/climatetoolkit.org\/wp-content\/uploads\/2023\/11\/1000020007-900x675.jpg 900w\" sizes=\"(max-width: 1024px) 100vw, 1024px\" \/><\/figure>\n\n\n\n<figure class=\"wp-block-image\"><img decoding=\"async\" src=\"https:\/\/futureuae.com\/media\/856x480_154b5fa5-8508-4aa6-be89-f8f0ff3b371b.jpg\" alt=\"UN Climate Change Conference: COP28 | Global Resilience Institute\"\/><\/figure>","protected":false},"excerpt":{"rendered":"<p>Das Phipps Conservatory unterst\u00fctzt die Leidenschaft junger Menschen f\u00fcr die Umwelt auf einer ganz neuen Ebene. Donnerstag, der 30. November, markiert einen wichtigen Moment sowohl f\u00fcr Dubai als auch f\u00fcr Pittsburgh: den Beginn der COP28. Es ist die achtundzwanzigste Konferenz der Vertragsparteien ...<\/p>\n<p class=\"read-more\"> <a class=\"\" href=\"https:\/\/climatetoolkit.org\/de\/phipps-youth-on-the-world-stage-at-cop28\/\"> <span class=\"screen-reader-text\">Phipps Jugend auf der Weltb\u00fchne bei COP28<\/span> Weiterlesen \"<\/a><\/p>","protected":false},"author":2,"featured_media":2791,"comment_status":"closed","ping_status":"closed","sticky":false,"template":"","format":"standard","meta":{"_acf_changed":false,"inline_featured_image":false,"advgb_blocks_editor_width":"","advgb_blocks_columns_visual_guide":"","footnotes":""},"categories":[179,1],"tags":[],"class_list":["post-2790","post","type-post","status-publish","format-standard","has-post-thumbnail","hentry","category-engagement","category-energy"],"acf":[],"yoast_head":"<!-- This site is optimized with the Yoast SEO plugin v27.5 - https:\/\/yoast.com\/product\/yoast-seo-wordpress\/ -->\n<title>Phipps Youth on the World Stage at COP28 - The Climate Toolkit<\/title>\n<meta name=\"robots\" content=\"noindex, follow\" \/>\n<meta property=\"og:locale\" content=\"de_DE\" \/>\n<meta property=\"og:type\" content=\"article\" \/>\n<meta property=\"og:title\" content=\"Phipps Youth on the World Stage at COP28 - The Climate Toolkit\" \/>\n<meta property=\"og:description\" content=\"Phipps Conservatory is supporting young people&#8217;s passion for the environment on a whole new level. Thurs., Nov 30 marks an important moment for both Dubai, UAE and Pittsburgh, PA: the start of&nbsp;COP28. While this is the twenty-eighth Conference of Parties &hellip; Phipps Youth on the World Stage at COP28 Weiterlesen &raquo;\" \/>\n<meta property=\"og:url\" content=\"https:\/\/climatetoolkit.org\/de\/phipps-youth-on-the-world-stage-at-cop28\/\" \/>\n<meta property=\"og:site_name\" content=\"The Climate Toolkit\" \/>\n<meta property=\"article:published_time\" content=\"2023-11-29T14:43:26+00:00\" \/>\n<meta property=\"article:modified_time\" content=\"2025-06-18T20:12:35+00:00\" \/>\n<meta property=\"og:image\" content=\"https:\/\/climatetoolkit.org\/wp-content\/uploads\/2023\/11\/COP28-hero.jpg\" \/>\n\t<meta property=\"og:image:width\" content=\"1900\" \/>\n\t<meta property=\"og:image:height\" content=\"1154\" \/>\n\t<meta property=\"og:image:type\" content=\"image\/jpeg\" \/>\n<meta name=\"author\" content=\"joe reed\" \/>\n<meta name=\"twitter:card\" content=\"summary_large_image\" \/>\n<meta name=\"twitter:label1\" content=\"Verfasst von\" \/>\n\t<meta name=\"twitter:data1\" content=\"joe reed\" \/>\n\t<meta name=\"twitter:label2\" content=\"Gesch\u00e4tzte Lesezeit\" \/>\n\t<meta name=\"twitter:data2\" content=\"5\u00a0Minuten\" \/>\n<script type=\"application\/ld+json\" class=\"yoast-schema-graph\">{\"@context\":\"https:\\\/\\\/schema.org\",\"@graph\":[{\"@type\":\"Article\",\"@id\":\"https:\\\/\\\/climatetoolkit.org\\\/phipps-youth-on-the-world-stage-at-cop28\\\/#article\",\"isPartOf\":{\"@id\":\"https:\\\/\\\/climatetoolkit.org\\\/phipps-youth-on-the-world-stage-at-cop28\\\/\"},\"author\":{\"name\":\"joe reed\",\"@id\":\"https:\\\/\\\/climatetoolkit.org\\\/#\\\/schema\\\/person\\\/0a315cfe2d4239376531ced9d06c441c\"},\"headline\":\"Phipps Youth on the World Stage at COP28\",\"datePublished\":\"2023-11-29T14:43:26+00:00\",\"dateModified\":\"2025-06-18T20:12:35+00:00\",\"mainEntityOfPage\":{\"@id\":\"https:\\\/\\\/climatetoolkit.org\\\/phipps-youth-on-the-world-stage-at-cop28\\\/\"},\"wordCount\":783,\"publisher\":{\"@id\":\"https:\\\/\\\/climatetoolkit.org\\\/#organization\"},\"image\":{\"@id\":\"https:\\\/\\\/climatetoolkit.org\\\/phipps-youth-on-the-world-stage-at-cop28\\\/#primaryimage\"},\"thumbnailUrl\":\"https:\\\/\\\/climatetoolkit.org\\\/wp-content\\\/uploads\\\/2023\\\/11\\\/COP28-hero.jpg\",\"articleSection\":[\"Engagement\",\"Energy\"],\"inLanguage\":\"de\"},{\"@type\":\"WebPage\",\"@id\":\"https:\\\/\\\/climatetoolkit.org\\\/phipps-youth-on-the-world-stage-at-cop28\\\/\",\"url\":\"https:\\\/\\\/climatetoolkit.org\\\/phipps-youth-on-the-world-stage-at-cop28\\\/\",\"name\":\"Phipps Youth on the World Stage at COP28 - The Climate Toolkit\",\"isPartOf\":{\"@id\":\"https:\\\/\\\/climatetoolkit.org\\\/#website\"},\"primaryImageOfPage\":{\"@id\":\"https:\\\/\\\/climatetoolkit.org\\\/phipps-youth-on-the-world-stage-at-cop28\\\/#primaryimage\"},\"image\":{\"@id\":\"https:\\\/\\\/climatetoolkit.org\\\/phipps-youth-on-the-world-stage-at-cop28\\\/#primaryimage\"},\"thumbnailUrl\":\"https:\\\/\\\/climatetoolkit.org\\\/wp-content\\\/uploads\\\/2023\\\/11\\\/COP28-hero.jpg\",\"datePublished\":\"2023-11-29T14:43:26+00:00\",\"dateModified\":\"2025-06-18T20:12:35+00:00\",\"breadcrumb\":{\"@id\":\"https:\\\/\\\/climatetoolkit.org\\\/phipps-youth-on-the-world-stage-at-cop28\\\/#breadcrumb\"},\"inLanguage\":\"de\",\"potentialAction\":[{\"@type\":\"ReadAction\",\"target\":[\"https:\\\/\\\/climatetoolkit.org\\\/phipps-youth-on-the-world-stage-at-cop28\\\/\"]}]},{\"@type\":\"ImageObject\",\"inLanguage\":\"de\",\"@id\":\"https:\\\/\\\/climatetoolkit.org\\\/phipps-youth-on-the-world-stage-at-cop28\\\/#primaryimage\",\"url\":\"https:\\\/\\\/climatetoolkit.org\\\/wp-content\\\/uploads\\\/2023\\\/11\\\/COP28-hero.jpg\",\"contentUrl\":\"https:\\\/\\\/climatetoolkit.org\\\/wp-content\\\/uploads\\\/2023\\\/11\\\/COP28-hero.jpg\",\"width\":1900,\"height\":1154},{\"@type\":\"BreadcrumbList\",\"@id\":\"https:\\\/\\\/climatetoolkit.org\\\/phipps-youth-on-the-world-stage-at-cop28\\\/#breadcrumb\",\"itemListElement\":[{\"@type\":\"ListItem\",\"position\":1,\"name\":\"Home\",\"item\":\"https:\\\/\\\/climatetoolkit.org\\\/\"},{\"@type\":\"ListItem\",\"position\":2,\"name\":\"Phipps Youth on the World Stage at COP28\"}]},{\"@type\":\"WebSite\",\"@id\":\"https:\\\/\\\/climatetoolkit.org\\\/#website\",\"url\":\"https:\\\/\\\/climatetoolkit.org\\\/\",\"name\":\"The Climate Toolkit\",\"description\":\"For Museums, Gardens and Zoos\",\"publisher\":{\"@id\":\"https:\\\/\\\/climatetoolkit.org\\\/#organization\"},\"potentialAction\":[{\"@type\":\"SearchAction\",\"target\":{\"@type\":\"EntryPoint\",\"urlTemplate\":\"https:\\\/\\\/climatetoolkit.org\\\/?s={search_term_string}\"},\"query-input\":{\"@type\":\"PropertyValueSpecification\",\"valueRequired\":true,\"valueName\":\"search_term_string\"}}],\"inLanguage\":\"de\"},{\"@type\":\"Organization\",\"@id\":\"https:\\\/\\\/climatetoolkit.org\\\/#organization\",\"name\":\"The Climate Toolkit\",\"url\":\"https:\\\/\\\/climatetoolkit.org\\\/\",\"logo\":{\"@type\":\"ImageObject\",\"inLanguage\":\"de\",\"@id\":\"https:\\\/\\\/climatetoolkit.org\\\/#\\\/schema\\\/logo\\\/image\\\/\",\"url\":\"https:\\\/\\\/climatetoolkit.org\\\/wp-content\\\/uploads\\\/2020\\\/05\\\/C_logo.png\",\"contentUrl\":\"https:\\\/\\\/climatetoolkit.org\\\/wp-content\\\/uploads\\\/2020\\\/05\\\/C_logo.png\",\"width\":512,\"height\":512,\"caption\":\"The Climate Toolkit\"},\"image\":{\"@id\":\"https:\\\/\\\/climatetoolkit.org\\\/#\\\/schema\\\/logo\\\/image\\\/\"}},{\"@type\":\"Person\",\"@id\":\"https:\\\/\\\/climatetoolkit.org\\\/#\\\/schema\\\/person\\\/0a315cfe2d4239376531ced9d06c441c\",\"name\":\"joe reed\",\"image\":{\"@type\":\"ImageObject\",\"inLanguage\":\"de\",\"@id\":\"https:\\\/\\\/secure.gravatar.com\\\/avatar\\\/472f195403d80a13cf2167242ca383d8b44ece2a427beed29cba86949c90ae13?s=96&d=mm&r=g\",\"url\":\"https:\\\/\\\/secure.gravatar.com\\\/avatar\\\/472f195403d80a13cf2167242ca383d8b44ece2a427beed29cba86949c90ae13?s=96&d=mm&r=g\",\"contentUrl\":\"https:\\\/\\\/secure.gravatar.com\\\/avatar\\\/472f195403d80a13cf2167242ca383d8b44ece2a427beed29cba86949c90ae13?s=96&d=mm&r=g\",\"caption\":\"joe reed\"}}]}<\/script>\n<!-- \/ Yoast SEO plugin. -->","yoast_head_json":{"title":"Phipps Jugend auf der Weltb\u00fchne bei der COP28 - The Climate Toolkit","robots":{"index":"noindex","follow":"follow"},"og_locale":"de_DE","og_type":"article","og_title":"Phipps Youth on the World Stage at COP28 - The Climate Toolkit","og_description":"Phipps Conservatory is supporting young people&#8217;s passion for the environment on a whole new level. Thurs., Nov 30 marks an important moment for both Dubai, UAE and Pittsburgh, PA: the start of&nbsp;COP28. While this is the twenty-eighth Conference of Parties &hellip; Phipps Youth on the World Stage at COP28 Weiterlesen &raquo;","og_url":"https:\/\/climatetoolkit.org\/de\/phipps-youth-on-the-world-stage-at-cop28\/","og_site_name":"The Climate Toolkit","article_published_time":"2023-11-29T14:43:26+00:00","article_modified_time":"2025-06-18T20:12:35+00:00","og_image":[{"width":1900,"height":1154,"url":"https:\/\/climatetoolkit.org\/wp-content\/uploads\/2023\/11\/COP28-hero.jpg","type":"image\/jpeg"}],"author":"joe reed","twitter_card":"summary_large_image","twitter_misc":{"Verfasst von":"joe reed","Gesch\u00e4tzte Lesezeit":"5\u00a0Minuten"},"schema":{"@context":"https:\/\/schema.org","@graph":[{"@type":"Article","@id":"https:\/\/climatetoolkit.org\/phipps-youth-on-the-world-stage-at-cop28\/#article","isPartOf":{"@id":"https:\/\/climatetoolkit.org\/phipps-youth-on-the-world-stage-at-cop28\/"},"author":{"name":"joe reed","@id":"https:\/\/climatetoolkit.org\/#\/schema\/person\/0a315cfe2d4239376531ced9d06c441c"},"headline":"Phipps Youth on the World Stage at COP28","datePublished":"2023-11-29T14:43:26+00:00","dateModified":"2025-06-18T20:12:35+00:00","mainEntityOfPage":{"@id":"https:\/\/climatetoolkit.org\/phipps-youth-on-the-world-stage-at-cop28\/"},"wordCount":783,"publisher":{"@id":"https:\/\/climatetoolkit.org\/#organization"},"image":{"@id":"https:\/\/climatetoolkit.org\/phipps-youth-on-the-world-stage-at-cop28\/#primaryimage"},"thumbnailUrl":"https:\/\/climatetoolkit.org\/wp-content\/uploads\/2023\/11\/COP28-hero.jpg","articleSection":["Engagement","Energy"],"inLanguage":"de"},{"@type":"WebPage","@id":"https:\/\/climatetoolkit.org\/phipps-youth-on-the-world-stage-at-cop28\/","url":"https:\/\/climatetoolkit.org\/phipps-youth-on-the-world-stage-at-cop28\/","name":"Phipps Jugend auf der Weltb\u00fchne bei der COP28 - The Climate Toolkit","isPartOf":{"@id":"https:\/\/climatetoolkit.org\/#website"},"primaryImageOfPage":{"@id":"https:\/\/climatetoolkit.org\/phipps-youth-on-the-world-stage-at-cop28\/#primaryimage"},"image":{"@id":"https:\/\/climatetoolkit.org\/phipps-youth-on-the-world-stage-at-cop28\/#primaryimage"},"thumbnailUrl":"https:\/\/climatetoolkit.org\/wp-content\/uploads\/2023\/11\/COP28-hero.jpg","datePublished":"2023-11-29T14:43:26+00:00","dateModified":"2025-06-18T20:12:35+00:00","breadcrumb":{"@id":"https:\/\/climatetoolkit.org\/phipps-youth-on-the-world-stage-at-cop28\/#breadcrumb"},"inLanguage":"de","potentialAction":[{"@type":"ReadAction","target":["https:\/\/climatetoolkit.org\/phipps-youth-on-the-world-stage-at-cop28\/"]}]},{"@type":"ImageObject","inLanguage":"de","@id":"https:\/\/climatetoolkit.org\/phipps-youth-on-the-world-stage-at-cop28\/#primaryimage","url":"https:\/\/climatetoolkit.org\/wp-content\/uploads\/2023\/11\/COP28-hero.jpg","contentUrl":"https:\/\/climatetoolkit.org\/wp-content\/uploads\/2023\/11\/COP28-hero.jpg","width":1900,"height":1154},{"@type":"BreadcrumbList","@id":"https:\/\/climatetoolkit.org\/phipps-youth-on-the-world-stage-at-cop28\/#breadcrumb","itemListElement":[{"@type":"ListItem","position":1,"name":"Home","item":"https:\/\/climatetoolkit.org\/"},{"@type":"ListItem","position":2,"name":"Phipps Youth on the World Stage at COP28"}]},{"@type":"WebSite","@id":"https:\/\/climatetoolkit.org\/#website","url":"https:\/\/climatetoolkit.org\/","name":"Das Klima-Toolkit","description":"F\u00fcr Museen, G\u00e4rten und Zoos","publisher":{"@id":"https:\/\/climatetoolkit.org\/#organization"},"potentialAction":[{"@type":"SearchAction","target":{"@type":"EntryPoint","urlTemplate":"https:\/\/climatetoolkit.org\/?s={search_term_string}"},"query-input":{"@type":"PropertyValueSpecification","valueRequired":true,"valueName":"search_term_string"}}],"inLanguage":"de"},{"@type":"Organization","@id":"https:\/\/climatetoolkit.org\/#organization","name":"Das Klima-Toolkit","url":"https:\/\/climatetoolkit.org\/","logo":{"@type":"ImageObject","inLanguage":"de","@id":"https:\/\/climatetoolkit.org\/#\/schema\/logo\/image\/","url":"https:\/\/climatetoolkit.org\/wp-content\/uploads\/2020\/05\/C_logo.png","contentUrl":"https:\/\/climatetoolkit.org\/wp-content\/uploads\/2020\/05\/C_logo.png","width":512,"height":512,"caption":"The Climate Toolkit"},"image":{"@id":"https:\/\/climatetoolkit.org\/#\/schema\/logo\/image\/"}},{"@type":"Person","@id":"https:\/\/climatetoolkit.org\/#\/schema\/person\/0a315cfe2d4239376531ced9d06c441c","name":"joe reed","image":{"@type":"ImageObject","inLanguage":"de","@id":"https:\/\/secure.gravatar.com\/avatar\/472f195403d80a13cf2167242ca383d8b44ece2a427beed29cba86949c90ae13?s=96&d=mm&r=g","url":"https:\/\/secure.gravatar.com\/avatar\/472f195403d80a13cf2167242ca383d8b44ece2a427beed29cba86949c90ae13?s=96&d=mm&r=g","contentUrl":"https:\/\/secure.gravatar.com\/avatar\/472f195403d80a13cf2167242ca383d8b44ece2a427beed29cba86949c90ae13?s=96&d=mm&r=g","caption":"joe reed"}}]}},"author_meta":{"display_name":"joe reed","author_link":"https:\/\/climatetoolkit.org\/de\/author\/joe\/"},"featured_img":"https:\/\/climatetoolkit.org\/wp-content\/uploads\/2023\/11\/COP28-hero-300x182.jpg","coauthors":[],"tax_additional":{"categories":{"linked":["<a href=\"https:\/\/climatetoolkit.org\/de\/blog-category\/engagement\/\" class=\"advgb-post-tax-term\">Engagement<\/a>","<a href=\"https:\/\/climatetoolkit.org\/de\/blog-category\/energy\/\" class=\"advgb-post-tax-term\">Energy<\/a>"],"unlinked":["<span class=\"advgb-post-tax-term\">Engagement<\/span>","<span class=\"advgb-post-tax-term\">Energy<\/span>"]}},"comment_count":0,"relative_dates":{"created":"Posted 2\u00a0Jahren ago","modified":"Updated 10\u00a0Monaten ago"},"absolute_dates":{"created":"Posted on November 29, 2023","modified":"Updated on Juni 18, 2025"},"absolute_dates_time":{"created":"Posted on November 29, 2023 9:43 a.m.","modified":"Updated on Juni 18, 2025 4:12 p.m."},"featured_img_caption":"","series_order":"","_links":{"self":[{"href":"https:\/\/climatetoolkit.org\/de\/wp-json\/wp\/v2\/posts\/2790","targetHints":{"allow":["GET"]}}],"collection":[{"href":"https:\/\/climatetoolkit.org\/de\/wp-json\/wp\/v2\/posts"}],"about":[{"href":"https:\/\/climatetoolkit.org\/de\/wp-json\/wp\/v2\/types\/post"}],"author":[{"embeddable":true,"href":"https:\/\/climatetoolkit.org\/de\/wp-json\/wp\/v2\/users\/2"}],"replies":[{"embeddable":true,"href":"https:\/\/climatetoolkit.org\/de\/wp-json\/wp\/v2\/comments?post=2790"}],"version-history":[{"count":1,"href":"https:\/\/climatetoolkit.org\/de\/wp-json\/wp\/v2\/posts\/2790\/revisions"}],"predecessor-version":[{"id":4501,"href":"https:\/\/climatetoolkit.org\/de\/wp-json\/wp\/v2\/posts\/2790\/revisions\/4501"}],"wp:featuredmedia":[{"embeddable":true,"href":"https:\/\/climatetoolkit.org\/de\/wp-json\/wp\/v2\/media\/2791"}],"wp:attachment":[{"href":"https:\/\/climatetoolkit.org\/de\/wp-json\/wp\/v2\/media?parent=2790"}],"wp:term":[{"taxonomy":"category","embeddable":true,"href":"https:\/\/climatetoolkit.org\/de\/wp-json\/wp\/v2\/categories?post=2790"},{"taxonomy":"post_tag","embeddable":true,"href":"https:\/\/climatetoolkit.org\/de\/wp-json\/wp\/v2\/tags?post=2790"}],"curies":[{"name":"wp","href":"https:\/\/api.w.org\/{rel}","templated":true}]}}