{"id":1335,"date":"2021-11-22T11:18:11","date_gmt":"2021-11-22T16:18:11","guid":{"rendered":"https:\/\/climatetoolkit.org\/?p=1335"},"modified":"2025-06-18T16:12:41","modified_gmt":"2025-06-18T20:12:41","slug":"phipps-at-cop26-observations-and-opportunities","status":"publish","type":"post","link":"https:\/\/climatetoolkit.org\/de\/phipps-at-cop26-observations-and-opportunities\/","title":{"rendered":"Phipps auf der COP26: Beobachtungen und M\u00f6glichkeiten"},"content":{"rendered":"<p>Phipps hat drei Mitarbeiter mit Beobachterstatus in der Blauen Zone zur COP26 entsandt: Pr\u00e4sident und CEO Richard Piacentini, die Direktorin f\u00fcr Forschung und wissenschaftliche Bildung Dr. Sarah States und die Koordinatorin f\u00fcr Forschung und wissenschaftliche Bildung Jennifer Torrance. Unser Ziel war es, neue Kontakte zu gleichgesinnten Organisationen zu kn\u00fcpfen und M\u00f6glichkeiten f\u00fcr Institutionen wie G\u00e4rten, Zoos und Museen zu finden, um in den Gemeinden, in denen sie t\u00e4tig sind, eine f\u00fchrende Rolle bei der Bek\u00e4mpfung des Klimawandels zu \u00fcbernehmen.<\/p>\n\n\n\n<p>Einen allgemeinen \u00dcberblick \u00fcber die Ergebnisse der COP26 finden Sie hier <a href=\"https:\/\/ideas.ted.com\/what-you-need-to-know-about-the-cop26-glasgow-climate-pact\/\">hier<\/a>. Im Folgenden finden Sie Zusammenfassungen von jedem der drei anwesenden Phipps-Mitarbeiter, die sich jeweils auf einen bestimmten Bereich konzentrieren.<\/p>\n\n\n\n<h4 class=\"wp-block-heading\">Richard Piacentini, Pr\u00e4sident und CEO<\/h4>\n\n\n\n<div class=\"wp-block-image\"><figure class=\"alignright size-large is-resized\"><img decoding=\"async\" src=\"https:\/\/climatetoolkit.org\/wp-content\/uploads\/2021\/11\/Richard-V.-Piacentini-1024x682.jpg\" alt=\"\" class=\"wp-image-1352\" width=\"486\" height=\"325\" srcset=\"https:\/\/climatetoolkit.org\/wp-content\/uploads\/2021\/11\/Richard-V.-Piacentini-1024x682.jpg 1024w, https:\/\/climatetoolkit.org\/wp-content\/uploads\/2021\/11\/Richard-V.-Piacentini-300x200.jpg 300w, https:\/\/climatetoolkit.org\/wp-content\/uploads\/2021\/11\/Richard-V.-Piacentini-768x512.jpg 768w, https:\/\/climatetoolkit.org\/wp-content\/uploads\/2021\/11\/Richard-V.-Piacentini-1536x1024.jpg 1536w, https:\/\/climatetoolkit.org\/wp-content\/uploads\/2021\/11\/Richard-V.-Piacentini-2048x1365.jpg 2048w, https:\/\/climatetoolkit.org\/wp-content\/uploads\/2021\/11\/Richard-V.-Piacentini-100x67.jpg 100w, https:\/\/climatetoolkit.org\/wp-content\/uploads\/2021\/11\/Richard-V.-Piacentini-150x100.jpg 150w, https:\/\/climatetoolkit.org\/wp-content\/uploads\/2021\/11\/Richard-V.-Piacentini-200x133.jpg 200w, https:\/\/climatetoolkit.org\/wp-content\/uploads\/2021\/11\/Richard-V.-Piacentini-450x300.jpg 450w, https:\/\/climatetoolkit.org\/wp-content\/uploads\/2021\/11\/Richard-V.-Piacentini-600x400.jpg 600w, https:\/\/climatetoolkit.org\/wp-content\/uploads\/2021\/11\/Richard-V.-Piacentini-900x600.jpg 900w\" sizes=\"(max-width: 486px) 100vw, 486px\" \/><\/figure><\/div>\n\n\n\n<p><em>Schwerpunktbereich: Kultureinrichtungen, die sich mit dem Klimawandel befassen<\/em><\/p>\n\n\n\n<p>Wenn man durch die Pavillons aller L\u00e4nder auf der COP26 geht, in denen beschrieben wird, was sie zur Bek\u00e4mpfung des Klimawandels tun, k\u00f6nnte man glauben, dass das Problem bereits gel\u00f6st ist, aber wie Greta Thunberg sagen w\u00fcrde, ist das eine Menge \"<a href=\"https:\/\/www.theguardian.com\/environment\/2021\/sep\/28\/blah-greta-thunberg-leaders-climate-crisis-co2-emissions\">blah, blah, blah<\/a>und die endg\u00fcltigen Zusagen auf der Konferenz blieben hinter dem zur\u00fcck, was wir brauchen, um unter 1,5 Grad Celsius zu bleiben und die katastrophalen Auswirkungen zu vermeiden, die bei einer \u00dcberschreitung dieses Ziels zu erwarten w\u00e4ren. Allerdings gab es auch einige positive Entwicklungen.<br>Auf der Konferenz, <a href=\"https:\/\/www.youtube.com\/watch?v=yExsEw6ZbGY\">Pr\u00e4sident Biden<\/a> verpflichtete sich, dass die USA ihre Treibhausgasemissionen bis 2030 gegen\u00fcber 2005 halbieren und bis 2050 auf Null reduzieren werden. Dies ist ein Aufruf zum Handeln: Unabh\u00e4ngig vom Zweck oder der Aufgabe Ihres Gartens oder Museums sollten alle Menschen, Organisationen und Unternehmen daran arbeiten, ihre Emissionen bis 2030 zu halbieren, um dieses Ziel zu unterst\u00fctzen. Dies ist unsere Herausforderung und Chance. In einem bevorstehenden Webinar f\u00fcr <a href=\"https:\/\/climatetoolkit.org\/de\/\">Das Klima-Toolkit<\/a> gehen wir darauf ein, wie Sie Ihr Emissionsziel f\u00fcr 2030 berechnen k\u00f6nnen. Wir ermutigen Sie dazu <a href=\"https:\/\/climatetoolkit.org\/de\/join-the-climate-toolkit\/\">dem Toolkit beitreten<\/a> damit Sie sich \u00fcber Strategien informieren k\u00f6nnen, die andere Institutionen angewandt haben und die auch Ihnen helfen k\u00f6nnten, Ihr Ziel zu erreichen.<\/p>\n\n\n\n<p>Der Museumssektor (zu dem auch \u00f6ffentliche G\u00e4rten geh\u00f6ren) ist derzeit kein wichtiger Akteur auf der COP und wird auch nicht als sehr wichtig angesehen. Die f\u00fchrenden Vertreter von Regierungen und anderen NRO, mit denen ich auf der COP gesprochen habe, waren \u00fcberrascht, dass Museen als potenzielle Partner bei der Bew\u00e4ltigung des Klimawandels in Betracht gezogen werden. Als die Kampagne \"We Are Still In\" ins Leben gerufen wurde, nachdem Pr\u00e4sident Trump angek\u00fcndigt hatte, dass die USA aus dem Pariser Klimaabkommen aussteigen w\u00fcrden, konzentrierte sie sich auf Unternehmen und St\u00e4dte. Es gab keine M\u00f6glichkeit f\u00fcr Museen, sich anzuschlie\u00dfen - ich wei\u00df das, weil wir es versucht haben. Jetzt k\u00f6nnen Museen mitmachen, das Projekt wurde umbenannt in <a href=\"https:\/\/www.americaisallin.com\/\">Amerika ist voll dabei<\/a>und ich empfehle Ihnen dringend, sich anzumelden. Museen geh\u00f6ren zu den vertrauensw\u00fcrdigsten Organisationen in ihren Gemeinden, und gemeinsam erreichen wir jedes Jahr Hunderte von Millionen Besuchern. Wir sollten bei der Bew\u00e4ltigung des Klimawandels eine wichtige Rolle spielen. Aber wenn wir mit am Tisch sitzen wollen, m\u00fcssen wir unser Profil sch\u00e4rfen. W\u00e4hrend der COP26 hatte ich die Gelegenheit, auf einem Podium im Rahmen von America Is All In zu sprechen. <a href=\"https:\/\/www.youtube.com\/watch?v=4Fl-iDBc58g&amp;t=11s\">Kultur \u00fcber Kohlenstoff<\/a>und ich sprach auch im U.S. Climate Action Center am<a href=\"https:\/\/www.youtube.com\/watch?v=F7wVAvufwYM\"> Mit gutem Beispiel vorangehen: Kulturelle Organisationen mit Sammlungen im Umgang mit dem Klimawandel.<\/a><br>Es gab t\u00e4glich wichtige Themen und Tagesordnungspunkte f\u00fcr Pr\u00e4sentationen, darunter: Finanzen, Energie, Jugend und \u00f6ffentliches Empowerment, Natur, Anpassung, Verluste und Sch\u00e4den, Gender, Verkehr, St\u00e4dte, Regionen und bebaute Umwelt sowie indigene V\u00f6lker. Viele dieser Sitzungen wurden aufgezeichnet. Eine Google-Suche auf YouTube wird Sie mit ihnen verbinden. Nachfolgend finden Sie zus\u00e4tzliche Links zu einigen der besseren Vortr\u00e4ge und Ressourcen im Zusammenhang mit dem Museumssektor, die ich w\u00e4hrend der Konferenz beobachtet habe:<\/p>\n\n\n\n<ul class=\"wp-block-list\"><li>Innenministerin Deb Haaland sprach im Rahmen einer Podiumsdiskussion im U.S. Center on <a href=\"https:\/\/www.youtube.com\/watch?v=TMS6_g_ULcQ&amp;t=1401s\">Die Natur retten, um uns selbst zu retten<\/a>. Ihr Vortrag beginnt um 11:35 Uhr. Ich habe anschlie\u00dfend mit ihrer Stabschefin Rachael Taylor gesprochen und ihr erkl\u00e4rt, wie \u00f6ffentliche G\u00e4rten sie bei ihren Bem\u00fchungen um den Erhalt der biologischen Vielfalt unterst\u00fctzen k\u00f6nnen.<\/li><li><a href=\"https:\/\/www.youtube.com\/watch?v=h027vg3AEdQ\">US-Senator Markey und Klimabef\u00fcrworter vom Sierra Club, WWF und NRDC diskutieren \u00fcber \"Build Back Better<\/a><\/li><li>In einer kleinen Diskussionsrunde beantwortete die nationale Klimaberaterin Gina McCarthy Fragen zum Thema Klimawandel und kulturelle Organisationen.<\/li><li><a href=\"https:\/\/www.earthday.org\/cop26\/\">Tag der Erde.org<\/a> eine Reihe von Sitzungen zu einer Vielzahl von Themen abgehalten.<\/li><li>Bei einer Nebenveranstaltung auf der COP26 hat die Botanic Gardens Conservation International (BGCI) <a href=\"https:\/\/www.biodiversitystandard.org\/\">Der Globale Biodiversit\u00e4tsstandard, der die Herausforderungen von Baumpflanzungsprogrammen angehen soll.<\/a><\/li><li>Richard Deverell, Direktor der Royal Botanic Gardens, Kew - der einzige andere in der Blauen Zone vertretene Garten - sprach \u00fcber <a href=\"https:\/\/www.youtube.com\/watch?v=WKyPr7CiyZY\">Wie Botanische G\u00e4rten die Welt retten k\u00f6nnen<\/a>.<\/li><li>Ich fand die Diskussion <a href=\"https:\/\/unfccc-cop26.streamworld.de\/webcast\/futures-lab-transformational-economics-meets-trans\">Zukunftslabor: Transformations\u00f6konomie trifft auf transformatorische F\u00fchrung<\/a>Die vom Club of Rome geleitete Initiative zur Anpassung an das regenerative Denken ist das Paradigma, das wir bei der Planung und dem Betriebsmanagement von Phipps anwenden.<\/li><li>Weitere H\u00f6hepunkte der Konferenz waren die Reden von <a href=\"https:\/\/www.youtube.com\/watch?v=69EMd4csZRY&amp;t=1921s\">Pr\u00e4sident Obama<\/a> und <a href=\"https:\/\/www.youtube.com\/watch?v=ihhzCCsWJSw\">David Attenborough<\/a> und Bemerkungen von <a href=\"https:\/\/www.youtube.com\/watch?v=aSasq21KqCQ\">John Kerry, Gina McCarthy und Ali Zaidi bei COP26<\/a><\/li><\/ul>\n\n\n\n<h4 class=\"wp-block-heading\">Sarah States, Direktorin f\u00fcr Forschung und wissenschaftliche Bildung<\/h4>\n\n\n\n<div class=\"wp-block-image\"><figure class=\"alignright size-large is-resized\"><img decoding=\"async\" src=\"https:\/\/climatetoolkit.org\/wp-content\/uploads\/2021\/11\/Dr.-Sarah-States-headshot_CREDIT_Phipps-Staff-1024x639.jpg\" alt=\"\" class=\"wp-image-1349\" width=\"499\" height=\"312\" srcset=\"https:\/\/climatetoolkit.org\/wp-content\/uploads\/2021\/11\/Dr.-Sarah-States-headshot_CREDIT_Phipps-Staff-1024x639.jpg 1024w, https:\/\/climatetoolkit.org\/wp-content\/uploads\/2021\/11\/Dr.-Sarah-States-headshot_CREDIT_Phipps-Staff-300x187.jpg 300w, https:\/\/climatetoolkit.org\/wp-content\/uploads\/2021\/11\/Dr.-Sarah-States-headshot_CREDIT_Phipps-Staff-768x479.jpg 768w, https:\/\/climatetoolkit.org\/wp-content\/uploads\/2021\/11\/Dr.-Sarah-States-headshot_CREDIT_Phipps-Staff-1536x959.jpg 1536w, https:\/\/climatetoolkit.org\/wp-content\/uploads\/2021\/11\/Dr.-Sarah-States-headshot_CREDIT_Phipps-Staff-2048x1279.jpg 2048w, https:\/\/climatetoolkit.org\/wp-content\/uploads\/2021\/11\/Dr.-Sarah-States-headshot_CREDIT_Phipps-Staff-100x62.jpg 100w, https:\/\/climatetoolkit.org\/wp-content\/uploads\/2021\/11\/Dr.-Sarah-States-headshot_CREDIT_Phipps-Staff-150x94.jpg 150w, https:\/\/climatetoolkit.org\/wp-content\/uploads\/2021\/11\/Dr.-Sarah-States-headshot_CREDIT_Phipps-Staff-200x125.jpg 200w, https:\/\/climatetoolkit.org\/wp-content\/uploads\/2021\/11\/Dr.-Sarah-States-headshot_CREDIT_Phipps-Staff-450x281.jpg 450w, https:\/\/climatetoolkit.org\/wp-content\/uploads\/2021\/11\/Dr.-Sarah-States-headshot_CREDIT_Phipps-Staff-600x375.jpg 600w, https:\/\/climatetoolkit.org\/wp-content\/uploads\/2021\/11\/Dr.-Sarah-States-headshot_CREDIT_Phipps-Staff-900x562.jpg 900w\" sizes=\"(max-width: 499px) 100vw, 499px\" \/><\/figure><\/div>\n\n\n\n<p><em>Schwerpunktbereich: Wissenschaft und Klimakommunikation<\/em><\/p>\n\n\n\n<p>W\u00e4hrend ihrer Zeit auf der COP26 kn\u00fcpfte Sarah Kontakte zu anderen P\u00e4dagogen und verfolgte die Verhandlungen \u00fcber <a href=\"https:\/\/unfccc.int\/topics\/education-youth\/the-big-picture\/what-is-action-for-climate-empowerment#eq-1\">Aktion f\u00fcr Klima-Empowerment (ACE<\/a>), das Programm der Vereinten Nationen, das Bildung, \u00d6ffentlichkeitsarbeit und Schulungen zu Fragen des Klimawandels in den Mittelpunkt stellt. ACE arbeitet an der Umsetzung der urspr\u00fcnglichen Ziele von Artikel 6 des Pariser Abkommens, in dem sich die Parteien darauf geeinigt haben, dass die \u00d6ffentlichkeit in die Entwicklung von Ma\u00dfnahmen gegen den Klimawandel einbezogen werden sollte. Trotz der geringen finanziellen Mittel und der geringen Zusammenarbeit der Staaten bei der Umsetzung des ACE-Programms gibt es ein starkes und lautstarkes Netzwerk von \u00fcberparteilichen Interessenvertretern, die sich f\u00fcr ACE-Initiativen einsetzen, auch in den Vereinigten Staaten. <a href=\"https:\/\/www.usacecoalition.org\/\">U.S. ACE-Koalition<\/a>Phipps ist Mitglied eines multidisziplin\u00e4ren Netzwerks von Einzelpersonen und Organisationen, die sich f\u00fcr die Umsetzung von ACE-Initiativen in allen Bereichen der Gesellschaft einsetzen.<br>Nachfolgend finden Sie einige informative Links, die die COP-Erfahrung beschreiben.<\/p>\n\n\n\n<ul class=\"wp-block-list\"><li>IAAI Youth Climate Action Innovation (Internationale Vereinigung f\u00fcr die F\u00f6rderung innovativer Ans\u00e4tze f\u00fcr globale Herausforderungen) hielt <a href=\"https:\/\/unfccc-cop26.streamworld.de\/webcast\/iaai-youth-climate-action-innovation\">eine kurze Pressekonferenz<\/a> mit jungen Menschen, die mit ACE und <a href=\"https:\/\/unfccc.int\/topics\/education-youth\/youth\/youngo\">YOUNGO<\/a>der offiziellen Jugendgruppe des UNFCCC. Auf dem Podium werden verschiedene Themen er\u00f6rtert, die f\u00fcr die Beteiligung von Jugendlichen an der UNFCCC relevant sind, sowie einige umfassendere Themen auf der COP26, wie z. B. die F\u00e4higkeiten, die junge Menschen ben\u00f6tigen, um sich st\u00e4rker in die Klimaverhandlungen einzubringen, die wichtigsten Klimathemen, die f\u00fcr junge Menschen wichtig sind, und die Frage, wie man die Jugend wirklich einbeziehen kann, anstatt sich nur auf Alibi-Ma\u00dfnahmen einzulassen.<\/li><li>Im Gegensatz zu dem, was Sie in den Nachrichten geh\u00f6rt haben, war die COP26 nicht nur eine Weltuntergangsveranstaltung - sie war auch ein Schaufenster f\u00fcr die vielen naturbasierten L\u00f6sungen, die es gibt. Ein herausragendes Beispiel war <a href=\"https:\/\/justdiggit.org\/\">Justdiggit<\/a>einer Organisation, die sich f\u00fcr die Wiederbegr\u00fcnung von Teilen Afrikas durch Regenwassersammlung und Baumsanierung einsetzt. Ihre Pr\u00e4sentation hob ihre harte Arbeit hervor, zeigte aber auch <a href=\"https:\/\/unfccc-cop26.streamworld.de\/webcast\/justdiggit-how-can-positive-storytelling-be-used-t\">wie das Erz\u00e4hlen von Geschichten f\u00fcr die Bew\u00e4ltigung des Klimawandels unerl\u00e4sslich ist<\/a>.<\/li><li>Im U.S. Climate Action Center gab es zahlreiche Vortr\u00e4ge \u00fcber soziale und \u00f6kologische Fragen im Zusammenhang mit dem Klimawandel in den USA. Phipps veranstaltete einen Vortrag mit dem Titel <a href=\"https:\/\/www.youtube.com\/watch?v=Jq1umLaVBpM&amp;t=2224s\">Kommunikation mit Ihren Interessenvertretern \u00fcber den Klimawandel<\/a> um wichtige Forschungsergebnisse und bew\u00e4hrte Praktiken im Bereich der Bildung und des Engagements f\u00fcr den Klimawandel aufzuzeigen.<\/li><\/ul>\n\n\n\n<h4 class=\"wp-block-heading\">Jennifer Torrance, Koordinatorin f\u00fcr Forschung und wissenschaftliche Bildung<\/h4>\n\n\n\n<div class=\"wp-block-image\"><figure class=\"alignright size-large is-resized\"><img decoding=\"async\" src=\"https:\/\/climatetoolkit.org\/wp-content\/uploads\/2021\/11\/Jennifer-Torrance_CREDIT_Paul-g.-Wiegman-1024x695.jpg\" alt=\"\" class=\"wp-image-1353\" width=\"502\" height=\"341\" srcset=\"https:\/\/climatetoolkit.org\/wp-content\/uploads\/2021\/11\/Jennifer-Torrance_CREDIT_Paul-g.-Wiegman-1024x695.jpg 1024w, https:\/\/climatetoolkit.org\/wp-content\/uploads\/2021\/11\/Jennifer-Torrance_CREDIT_Paul-g.-Wiegman-300x204.jpg 300w, https:\/\/climatetoolkit.org\/wp-content\/uploads\/2021\/11\/Jennifer-Torrance_CREDIT_Paul-g.-Wiegman-768x521.jpg 768w, https:\/\/climatetoolkit.org\/wp-content\/uploads\/2021\/11\/Jennifer-Torrance_CREDIT_Paul-g.-Wiegman-1536x1042.jpg 1536w, https:\/\/climatetoolkit.org\/wp-content\/uploads\/2021\/11\/Jennifer-Torrance_CREDIT_Paul-g.-Wiegman-2048x1389.jpg 2048w, https:\/\/climatetoolkit.org\/wp-content\/uploads\/2021\/11\/Jennifer-Torrance_CREDIT_Paul-g.-Wiegman-100x68.jpg 100w, https:\/\/climatetoolkit.org\/wp-content\/uploads\/2021\/11\/Jennifer-Torrance_CREDIT_Paul-g.-Wiegman-150x102.jpg 150w, https:\/\/climatetoolkit.org\/wp-content\/uploads\/2021\/11\/Jennifer-Torrance_CREDIT_Paul-g.-Wiegman-200x136.jpg 200w, https:\/\/climatetoolkit.org\/wp-content\/uploads\/2021\/11\/Jennifer-Torrance_CREDIT_Paul-g.-Wiegman-450x305.jpg 450w, https:\/\/climatetoolkit.org\/wp-content\/uploads\/2021\/11\/Jennifer-Torrance_CREDIT_Paul-g.-Wiegman-600x407.jpg 600w, https:\/\/climatetoolkit.org\/wp-content\/uploads\/2021\/11\/Jennifer-Torrance_CREDIT_Paul-g.-Wiegman-900x611.jpg 900w\" sizes=\"(max-width: 502px) 100vw, 502px\" \/><\/figure><\/div>\n\n\n\n<p> <em>Schwerpunktbereich: Engagement und Empowerment von Jugendlichen<\/em><\/p>\n\n\n\n<p>W\u00e4hrend ihrer Zeit auf der COP26 schloss sich Jennifer YOUNGO, der Jugendvertretung des UNFCCC, als Teil ihrer ACE-Arbeitsgruppe (Action for Climate Empowerment) an. Diese Gruppe setzt sich unter anderem f\u00fcr die Bef\u00e4higung von Jugendlichen und der \u00d6ffentlichkeit, f\u00fcr Menschenrechte und Klimabildung ein. Jennifer half bei der Erstellung und Bearbeitung von Erkl\u00e4rungen wie der YOUNGO-Schlusserkl\u00e4rung (zu sehen bei 3:31:32 im Video <a href=\"https:\/\/unfccc-cop26.streamworld.de\/webcast\/closing-plenary-of-the-cop-followed-by-cmp-and-c-4\">COP26 Abschlussplenum<\/a>), Kontakt zu den Delegationen aufnehmen, um die Menschenrechtssprache zu unterst\u00fctzen (siehe die <a href=\"https:\/\/unfccc-cop26.streamworld.de\/webcast\/sbi-closing-plenary-2\">Abschlussplenum des SBI<\/a>(eine Tochtergesellschaft der COP, die sich mit der Umsetzung und Bewertung der Erkl\u00e4rungen der Staaten zu den Menschenrechten befasst), die Suche nach Medien f\u00fcr Pressekonferenzen und die Unterst\u00fctzung bei anderen Aspekten dieser Konferenzen sowie die Unterst\u00fctzung der Gruppe bei verschiedenen anderen Projekten und Aktionen w\u00e4hrend dieser COP.<br>Jennifer nahm auch an vielen Vortr\u00e4gen und Diskussionsrunden zu den Themen Jugendbeteiligung, menschliche Gesundheit, am st\u00e4rksten betroffene Nationen, St\u00e4rkung der \u00d6ffentlichkeit und \u00d6kologie teil, darunter auch an diesen beeindruckenden Sitzungen:<\/p>\n\n\n\n<ul class=\"wp-block-list\"><li><a href=\"https:\/\/unfccc-cop26.streamworld.de\/webcast\/presidency-event-unifying-for-change-the-global-yo\">Veranstaltung der Pr\u00e4sidentschaft in Partnerschaft mit YOUNGO: Vereint f\u00fcr den Wandel<\/a>: Die globale Stimme der Jugend bei COP26<\/li><li><a href=\"https:\/\/unfccc-cop26.streamworld.de\/webcast\/the-un-youth-advisory-group-and-post-cop26-youth-l\">Die UN-Jugendberatungsgruppe und jugendgef\u00fchrte Klimaschutzma\u00dfnahmen nach der COP26<\/a><\/li><li><a href=\"https:\/\/unfccc-cop26.streamworld.de\/webcast\/futures-lab-climate-smart-healthcare-for-a-healthi\">Zukunftslabor: Klimagerechte Gesundheitsversorgung f\u00fcr einen ges\u00fcnderen Planeten<\/a> (Das erste Drittel dieser Sitzung ist eine sehr eindrucksvolle Geschichte \u00fcber Luftverschmutzung)<\/li><li><a href=\"https:\/\/www.youtube.com\/watch?v=-uw3fDU1pFE\">Tag der Anpassung und Resilienz, 3. Drehscheibe f\u00fcr den Kapazit\u00e4tsaufbau bei COP26<\/a>(springen Sie zu 5:29 f\u00fcr eine besonders beeindruckende Sitzung)<\/li><\/ul>\n\n\n\n<p><\/p>","protected":false},"excerpt":{"rendered":"<p>Phipps hat drei Mitarbeiter mit Beobachterstatus in der Blauen Zone zur COP26 entsandt: Pr\u00e4sident und CEO Richard Piacentini, die Direktorin f\u00fcr Forschung und wissenschaftliche Bildung Dr. Sarah States und die Koordinatorin f\u00fcr Forschung und wissenschaftliche Bildung Jennifer Torrance. Unser Ziel war es, ...<\/p>\n<p class=\"read-more\"> <a class=\"\" href=\"https:\/\/climatetoolkit.org\/de\/phipps-at-cop26-observations-and-opportunities\/\"> <span class=\"screen-reader-text\">Phipps auf der COP26: Beobachtungen und M\u00f6glichkeiten<\/span> Weiterlesen \"<\/a><\/p>","protected":false},"author":2,"featured_media":1343,"comment_status":"closed","ping_status":"closed","sticky":false,"template":"","format":"standard","meta":{"_acf_changed":false,"inline_featured_image":false,"advgb_blocks_editor_width":"","advgb_blocks_columns_visual_guide":"","footnotes":""},"categories":[1],"tags":[147,170,171,172],"class_list":["post-1335","post","type-post","status-publish","format-standard","has-post-thumbnail","hentry","category-energy","tag-climate-change","tag-cop26","tag-conference-of-the-parties","tag-leading-by-example"],"acf":[],"yoast_head":"<!-- This site is optimized with the Yoast SEO plugin v27.4 - https:\/\/yoast.com\/product\/yoast-seo-wordpress\/ -->\n<title>Phipps at COP26: Observations and Opportunities - The Climate Toolkit<\/title>\n<meta name=\"robots\" content=\"noindex, follow\" \/>\n<meta property=\"og:locale\" content=\"de_DE\" \/>\n<meta property=\"og:type\" content=\"article\" \/>\n<meta property=\"og:title\" content=\"Phipps at COP26: Observations and Opportunities - The Climate Toolkit\" \/>\n<meta property=\"og:description\" content=\"Phipps sent three staff members to COP26 with Observer status in the Blue Zone: President and CEO Richard Piacentini, Director of Research and Science Education Dr. Sarah States, and Research and Science Education Coordinator Jennifer Torrance. Our goal was to &hellip; Phipps at COP26: Observations and Opportunities Weiterlesen &raquo;\" \/>\n<meta property=\"og:url\" content=\"https:\/\/climatetoolkit.org\/de\/phipps-at-cop26-observations-and-opportunities\/\" \/>\n<meta property=\"og:site_name\" content=\"The Climate Toolkit\" \/>\n<meta property=\"article:published_time\" content=\"2021-11-22T16:18:11+00:00\" \/>\n<meta property=\"article:modified_time\" content=\"2025-06-18T20:12:41+00:00\" \/>\n<meta property=\"og:image\" content=\"https:\/\/climatetoolkit.org\/wp-content\/uploads\/2021\/11\/COP26_banners.png\" \/>\n\t<meta property=\"og:image:width\" content=\"571\" \/>\n\t<meta property=\"og:image:height\" content=\"250\" \/>\n\t<meta property=\"og:image:type\" content=\"image\/png\" \/>\n<meta name=\"author\" content=\"joe reed\" \/>\n<meta name=\"twitter:card\" content=\"summary_large_image\" \/>\n<meta name=\"twitter:label1\" content=\"Verfasst von\" \/>\n\t<meta name=\"twitter:data1\" content=\"joe reed\" \/>\n\t<meta name=\"twitter:label2\" content=\"Gesch\u00e4tzte Lesezeit\" \/>\n\t<meta name=\"twitter:data2\" content=\"7\u00a0Minuten\" \/>\n<script type=\"application\/ld+json\" class=\"yoast-schema-graph\">{\"@context\":\"https:\\\/\\\/schema.org\",\"@graph\":[{\"@type\":\"Article\",\"@id\":\"https:\\\/\\\/climatetoolkit.org\\\/phipps-at-cop26-observations-and-opportunities\\\/#article\",\"isPartOf\":{\"@id\":\"https:\\\/\\\/climatetoolkit.org\\\/phipps-at-cop26-observations-and-opportunities\\\/\"},\"author\":{\"name\":\"joe reed\",\"@id\":\"https:\\\/\\\/climatetoolkit.org\\\/#\\\/schema\\\/person\\\/0a315cfe2d4239376531ced9d06c441c\"},\"headline\":\"Phipps at COP26: Observations and Opportunities\",\"datePublished\":\"2021-11-22T16:18:11+00:00\",\"dateModified\":\"2025-06-18T20:12:41+00:00\",\"mainEntityOfPage\":{\"@id\":\"https:\\\/\\\/climatetoolkit.org\\\/phipps-at-cop26-observations-and-opportunities\\\/\"},\"wordCount\":1357,\"publisher\":{\"@id\":\"https:\\\/\\\/climatetoolkit.org\\\/#organization\"},\"image\":{\"@id\":\"https:\\\/\\\/climatetoolkit.org\\\/phipps-at-cop26-observations-and-opportunities\\\/#primaryimage\"},\"thumbnailUrl\":\"https:\\\/\\\/climatetoolkit.org\\\/wp-content\\\/uploads\\\/2021\\\/11\\\/COP26_banners.png\",\"keywords\":[\"Climate Change\",\"COP26\",\"Conference of the Parties\",\"Leading by Example\"],\"articleSection\":[\"Energy\"],\"inLanguage\":\"de\"},{\"@type\":\"WebPage\",\"@id\":\"https:\\\/\\\/climatetoolkit.org\\\/phipps-at-cop26-observations-and-opportunities\\\/\",\"url\":\"https:\\\/\\\/climatetoolkit.org\\\/phipps-at-cop26-observations-and-opportunities\\\/\",\"name\":\"Phipps at COP26: Observations and Opportunities - The Climate Toolkit\",\"isPartOf\":{\"@id\":\"https:\\\/\\\/climatetoolkit.org\\\/#website\"},\"primaryImageOfPage\":{\"@id\":\"https:\\\/\\\/climatetoolkit.org\\\/phipps-at-cop26-observations-and-opportunities\\\/#primaryimage\"},\"image\":{\"@id\":\"https:\\\/\\\/climatetoolkit.org\\\/phipps-at-cop26-observations-and-opportunities\\\/#primaryimage\"},\"thumbnailUrl\":\"https:\\\/\\\/climatetoolkit.org\\\/wp-content\\\/uploads\\\/2021\\\/11\\\/COP26_banners.png\",\"datePublished\":\"2021-11-22T16:18:11+00:00\",\"dateModified\":\"2025-06-18T20:12:41+00:00\",\"breadcrumb\":{\"@id\":\"https:\\\/\\\/climatetoolkit.org\\\/phipps-at-cop26-observations-and-opportunities\\\/#breadcrumb\"},\"inLanguage\":\"de\",\"potentialAction\":[{\"@type\":\"ReadAction\",\"target\":[\"https:\\\/\\\/climatetoolkit.org\\\/phipps-at-cop26-observations-and-opportunities\\\/\"]}]},{\"@type\":\"ImageObject\",\"inLanguage\":\"de\",\"@id\":\"https:\\\/\\\/climatetoolkit.org\\\/phipps-at-cop26-observations-and-opportunities\\\/#primaryimage\",\"url\":\"https:\\\/\\\/climatetoolkit.org\\\/wp-content\\\/uploads\\\/2021\\\/11\\\/COP26_banners.png\",\"contentUrl\":\"https:\\\/\\\/climatetoolkit.org\\\/wp-content\\\/uploads\\\/2021\\\/11\\\/COP26_banners.png\",\"width\":571,\"height\":250},{\"@type\":\"BreadcrumbList\",\"@id\":\"https:\\\/\\\/climatetoolkit.org\\\/phipps-at-cop26-observations-and-opportunities\\\/#breadcrumb\",\"itemListElement\":[{\"@type\":\"ListItem\",\"position\":1,\"name\":\"Home\",\"item\":\"https:\\\/\\\/climatetoolkit.org\\\/\"},{\"@type\":\"ListItem\",\"position\":2,\"name\":\"Phipps at COP26: Observations and Opportunities\"}]},{\"@type\":\"WebSite\",\"@id\":\"https:\\\/\\\/climatetoolkit.org\\\/#website\",\"url\":\"https:\\\/\\\/climatetoolkit.org\\\/\",\"name\":\"The Climate Toolkit\",\"description\":\"For Museums, Gardens and Zoos\",\"publisher\":{\"@id\":\"https:\\\/\\\/climatetoolkit.org\\\/#organization\"},\"potentialAction\":[{\"@type\":\"SearchAction\",\"target\":{\"@type\":\"EntryPoint\",\"urlTemplate\":\"https:\\\/\\\/climatetoolkit.org\\\/?s={search_term_string}\"},\"query-input\":{\"@type\":\"PropertyValueSpecification\",\"valueRequired\":true,\"valueName\":\"search_term_string\"}}],\"inLanguage\":\"de\"},{\"@type\":\"Organization\",\"@id\":\"https:\\\/\\\/climatetoolkit.org\\\/#organization\",\"name\":\"The Climate Toolkit\",\"url\":\"https:\\\/\\\/climatetoolkit.org\\\/\",\"logo\":{\"@type\":\"ImageObject\",\"inLanguage\":\"de\",\"@id\":\"https:\\\/\\\/climatetoolkit.org\\\/#\\\/schema\\\/logo\\\/image\\\/\",\"url\":\"https:\\\/\\\/climatetoolkit.org\\\/wp-content\\\/uploads\\\/2020\\\/05\\\/C_logo.png\",\"contentUrl\":\"https:\\\/\\\/climatetoolkit.org\\\/wp-content\\\/uploads\\\/2020\\\/05\\\/C_logo.png\",\"width\":512,\"height\":512,\"caption\":\"The Climate Toolkit\"},\"image\":{\"@id\":\"https:\\\/\\\/climatetoolkit.org\\\/#\\\/schema\\\/logo\\\/image\\\/\"}},{\"@type\":\"Person\",\"@id\":\"https:\\\/\\\/climatetoolkit.org\\\/#\\\/schema\\\/person\\\/0a315cfe2d4239376531ced9d06c441c\",\"name\":\"joe reed\",\"image\":{\"@type\":\"ImageObject\",\"inLanguage\":\"de\",\"@id\":\"https:\\\/\\\/secure.gravatar.com\\\/avatar\\\/472f195403d80a13cf2167242ca383d8b44ece2a427beed29cba86949c90ae13?s=96&d=mm&r=g\",\"url\":\"https:\\\/\\\/secure.gravatar.com\\\/avatar\\\/472f195403d80a13cf2167242ca383d8b44ece2a427beed29cba86949c90ae13?s=96&d=mm&r=g\",\"contentUrl\":\"https:\\\/\\\/secure.gravatar.com\\\/avatar\\\/472f195403d80a13cf2167242ca383d8b44ece2a427beed29cba86949c90ae13?s=96&d=mm&r=g\",\"caption\":\"joe reed\"}}]}<\/script>\n<!-- \/ Yoast SEO plugin. -->","yoast_head_json":{"title":"Phipps auf der COP26: Beobachtungen und M\u00f6glichkeiten - The Climate Toolkit","robots":{"index":"noindex","follow":"follow"},"og_locale":"de_DE","og_type":"article","og_title":"Phipps at COP26: Observations and Opportunities - The Climate Toolkit","og_description":"Phipps sent three staff members to COP26 with Observer status in the Blue Zone: President and CEO Richard Piacentini, Director of Research and Science Education Dr. Sarah States, and Research and Science Education Coordinator Jennifer Torrance. Our goal was to &hellip; Phipps at COP26: Observations and Opportunities Weiterlesen &raquo;","og_url":"https:\/\/climatetoolkit.org\/de\/phipps-at-cop26-observations-and-opportunities\/","og_site_name":"The Climate Toolkit","article_published_time":"2021-11-22T16:18:11+00:00","article_modified_time":"2025-06-18T20:12:41+00:00","og_image":[{"width":571,"height":250,"url":"https:\/\/climatetoolkit.org\/wp-content\/uploads\/2021\/11\/COP26_banners.png","type":"image\/png"}],"author":"joe reed","twitter_card":"summary_large_image","twitter_misc":{"Verfasst von":"joe reed","Gesch\u00e4tzte Lesezeit":"7\u00a0Minuten"},"schema":{"@context":"https:\/\/schema.org","@graph":[{"@type":"Article","@id":"https:\/\/climatetoolkit.org\/phipps-at-cop26-observations-and-opportunities\/#article","isPartOf":{"@id":"https:\/\/climatetoolkit.org\/phipps-at-cop26-observations-and-opportunities\/"},"author":{"name":"joe reed","@id":"https:\/\/climatetoolkit.org\/#\/schema\/person\/0a315cfe2d4239376531ced9d06c441c"},"headline":"Phipps at COP26: Observations and Opportunities","datePublished":"2021-11-22T16:18:11+00:00","dateModified":"2025-06-18T20:12:41+00:00","mainEntityOfPage":{"@id":"https:\/\/climatetoolkit.org\/phipps-at-cop26-observations-and-opportunities\/"},"wordCount":1357,"publisher":{"@id":"https:\/\/climatetoolkit.org\/#organization"},"image":{"@id":"https:\/\/climatetoolkit.org\/phipps-at-cop26-observations-and-opportunities\/#primaryimage"},"thumbnailUrl":"https:\/\/climatetoolkit.org\/wp-content\/uploads\/2021\/11\/COP26_banners.png","keywords":["Climate Change","COP26","Conference of the Parties","Leading by Example"],"articleSection":["Energy"],"inLanguage":"de"},{"@type":"WebPage","@id":"https:\/\/climatetoolkit.org\/phipps-at-cop26-observations-and-opportunities\/","url":"https:\/\/climatetoolkit.org\/phipps-at-cop26-observations-and-opportunities\/","name":"Phipps auf der COP26: Beobachtungen und M\u00f6glichkeiten - The Climate Toolkit","isPartOf":{"@id":"https:\/\/climatetoolkit.org\/#website"},"primaryImageOfPage":{"@id":"https:\/\/climatetoolkit.org\/phipps-at-cop26-observations-and-opportunities\/#primaryimage"},"image":{"@id":"https:\/\/climatetoolkit.org\/phipps-at-cop26-observations-and-opportunities\/#primaryimage"},"thumbnailUrl":"https:\/\/climatetoolkit.org\/wp-content\/uploads\/2021\/11\/COP26_banners.png","datePublished":"2021-11-22T16:18:11+00:00","dateModified":"2025-06-18T20:12:41+00:00","breadcrumb":{"@id":"https:\/\/climatetoolkit.org\/phipps-at-cop26-observations-and-opportunities\/#breadcrumb"},"inLanguage":"de","potentialAction":[{"@type":"ReadAction","target":["https:\/\/climatetoolkit.org\/phipps-at-cop26-observations-and-opportunities\/"]}]},{"@type":"ImageObject","inLanguage":"de","@id":"https:\/\/climatetoolkit.org\/phipps-at-cop26-observations-and-opportunities\/#primaryimage","url":"https:\/\/climatetoolkit.org\/wp-content\/uploads\/2021\/11\/COP26_banners.png","contentUrl":"https:\/\/climatetoolkit.org\/wp-content\/uploads\/2021\/11\/COP26_banners.png","width":571,"height":250},{"@type":"BreadcrumbList","@id":"https:\/\/climatetoolkit.org\/phipps-at-cop26-observations-and-opportunities\/#breadcrumb","itemListElement":[{"@type":"ListItem","position":1,"name":"Home","item":"https:\/\/climatetoolkit.org\/"},{"@type":"ListItem","position":2,"name":"Phipps at COP26: Observations and Opportunities"}]},{"@type":"WebSite","@id":"https:\/\/climatetoolkit.org\/#website","url":"https:\/\/climatetoolkit.org\/","name":"Das Klima-Toolkit","description":"F\u00fcr Museen, G\u00e4rten und Zoos","publisher":{"@id":"https:\/\/climatetoolkit.org\/#organization"},"potentialAction":[{"@type":"SearchAction","target":{"@type":"EntryPoint","urlTemplate":"https:\/\/climatetoolkit.org\/?s={search_term_string}"},"query-input":{"@type":"PropertyValueSpecification","valueRequired":true,"valueName":"search_term_string"}}],"inLanguage":"de"},{"@type":"Organization","@id":"https:\/\/climatetoolkit.org\/#organization","name":"Das Klima-Toolkit","url":"https:\/\/climatetoolkit.org\/","logo":{"@type":"ImageObject","inLanguage":"de","@id":"https:\/\/climatetoolkit.org\/#\/schema\/logo\/image\/","url":"https:\/\/climatetoolkit.org\/wp-content\/uploads\/2020\/05\/C_logo.png","contentUrl":"https:\/\/climatetoolkit.org\/wp-content\/uploads\/2020\/05\/C_logo.png","width":512,"height":512,"caption":"The Climate Toolkit"},"image":{"@id":"https:\/\/climatetoolkit.org\/#\/schema\/logo\/image\/"}},{"@type":"Person","@id":"https:\/\/climatetoolkit.org\/#\/schema\/person\/0a315cfe2d4239376531ced9d06c441c","name":"joe reed","image":{"@type":"ImageObject","inLanguage":"de","@id":"https:\/\/secure.gravatar.com\/avatar\/472f195403d80a13cf2167242ca383d8b44ece2a427beed29cba86949c90ae13?s=96&d=mm&r=g","url":"https:\/\/secure.gravatar.com\/avatar\/472f195403d80a13cf2167242ca383d8b44ece2a427beed29cba86949c90ae13?s=96&d=mm&r=g","contentUrl":"https:\/\/secure.gravatar.com\/avatar\/472f195403d80a13cf2167242ca383d8b44ece2a427beed29cba86949c90ae13?s=96&d=mm&r=g","caption":"joe reed"}}]}},"author_meta":{"display_name":"joe reed","author_link":"https:\/\/climatetoolkit.org\/de\/author\/joe\/"},"featured_img":"https:\/\/climatetoolkit.org\/wp-content\/uploads\/2021\/11\/COP26_banners-300x131.png","coauthors":[],"tax_additional":{"categories":{"linked":["<a href=\"https:\/\/climatetoolkit.org\/de\/blog-category\/energy\/\" class=\"advgb-post-tax-term\">Energy<\/a>"],"unlinked":["<span class=\"advgb-post-tax-term\">Energy<\/span>"]},"tags":{"linked":["<a href=\"https:\/\/climatetoolkit.org\/de\/blog-category\/energy\/\" class=\"advgb-post-tax-term\">Climate Change<\/a>","<a href=\"https:\/\/climatetoolkit.org\/de\/blog-category\/energy\/\" class=\"advgb-post-tax-term\">COP26<\/a>","<a href=\"https:\/\/climatetoolkit.org\/de\/blog-category\/energy\/\" class=\"advgb-post-tax-term\">Conference of the Parties<\/a>","<a href=\"https:\/\/climatetoolkit.org\/de\/blog-category\/energy\/\" class=\"advgb-post-tax-term\">Leading by Example<\/a>"],"unlinked":["<span class=\"advgb-post-tax-term\">Climate Change<\/span>","<span class=\"advgb-post-tax-term\">COP26<\/span>","<span class=\"advgb-post-tax-term\">Conference of the Parties<\/span>","<span class=\"advgb-post-tax-term\">Leading by Example<\/span>"]}},"comment_count":2,"relative_dates":{"created":"Posted 4\u00a0Jahren ago","modified":"Updated 10\u00a0Monaten ago"},"absolute_dates":{"created":"Posted on November 22, 2021","modified":"Updated on Juni 18, 2025"},"absolute_dates_time":{"created":"Posted on November 22, 2021 11:18 a.m.","modified":"Updated on Juni 18, 2025 4:12 p.m."},"featured_img_caption":"","series_order":"","_links":{"self":[{"href":"https:\/\/climatetoolkit.org\/de\/wp-json\/wp\/v2\/posts\/1335","targetHints":{"allow":["GET"]}}],"collection":[{"href":"https:\/\/climatetoolkit.org\/de\/wp-json\/wp\/v2\/posts"}],"about":[{"href":"https:\/\/climatetoolkit.org\/de\/wp-json\/wp\/v2\/types\/post"}],"author":[{"embeddable":true,"href":"https:\/\/climatetoolkit.org\/de\/wp-json\/wp\/v2\/users\/2"}],"replies":[{"embeddable":true,"href":"https:\/\/climatetoolkit.org\/de\/wp-json\/wp\/v2\/comments?post=1335"}],"version-history":[{"count":1,"href":"https:\/\/climatetoolkit.org\/de\/wp-json\/wp\/v2\/posts\/1335\/revisions"}],"predecessor-version":[{"id":4522,"href":"https:\/\/climatetoolkit.org\/de\/wp-json\/wp\/v2\/posts\/1335\/revisions\/4522"}],"wp:featuredmedia":[{"embeddable":true,"href":"https:\/\/climatetoolkit.org\/de\/wp-json\/wp\/v2\/media\/1343"}],"wp:attachment":[{"href":"https:\/\/climatetoolkit.org\/de\/wp-json\/wp\/v2\/media?parent=1335"}],"wp:term":[{"taxonomy":"category","embeddable":true,"href":"https:\/\/climatetoolkit.org\/de\/wp-json\/wp\/v2\/categories?post=1335"},{"taxonomy":"post_tag","embeddable":true,"href":"https:\/\/climatetoolkit.org\/de\/wp-json\/wp\/v2\/tags?post=1335"}],"curies":[{"name":"wp","href":"https:\/\/api.w.org\/{rel}","templated":true}]}}