{"id":3401,"date":"2024-07-02T13:01:38","date_gmt":"2024-07-02T17:01:38","guid":{"rendered":"https:\/\/climatetoolkit.org\/?p=3401"},"modified":"2025-06-18T16:12:34","modified_gmt":"2025-06-18T20:12:34","slug":"mass-audubon-empowers-the-next-generation-of-climate-leaders","status":"publish","type":"post","link":"https:\/\/climatetoolkit.org\/cs\/mass-audubon-empowers-the-next-generation-of-climate-leaders\/","title":{"rendered":"Organizace Mass Audubon podporuje novou generaci l\u00eddr\u016f v oblasti klimatu"},"content":{"rendered":"<h3 class=\"wp-block-heading\">O organizaci Mass Audubon<\/h3>\n\n\n\n<p>Ji\u017e v\u00edce ne\u017e 125 let, <a href=\"https:\/\/www.massaudubon.org\/\">Mass Audubon<\/a> spojuje obyvatele Massachusetts s p\u0159\u00edrodou prost\u0159ednictv\u00edm ochrany p\u016fdy a obhajoby z\u00e1jm\u016f. S v\u00edce ne\u017e 160 000 \u010dleny a 41 000 akry chr\u00e1n\u011bn\u00e9 p\u016fdy je nejv\u011bt\u0161\u00ed organizac\u00ed na ochranu p\u0159\u00edrody v Nov\u00e9 Anglii.  Mass Audubon je sice zn\u00e1m\u00fd d\u00edky chr\u00e1n\u011bn\u00fdm \u00fazem\u00edm pro voln\u011b \u017eij\u00edc\u00ed \u017eivo\u010dichy, ale podporuje tak\u00e9 zapojen\u00ed a informovanost obyvatel v m\u011bstsk\u00fdch oblastech t\u00edm, \u017ee podporuje vzd\u011bl\u00e1v\u00e1n\u00ed v oblasti klimatu, biologick\u00e9 rozmanitosti, ve\u0159ejn\u00e9ho zdrav\u00ed a zakl\u00e1d\u00e1n\u00ed zelen\u00fdch ploch. Organizace si uv\u011bdomuje, \u017ee lid\u00e9 a p\u0159\u00edroda mohou m\u00edt vz\u00e1jemn\u011b pozitivn\u00ed vliv, a proto hled\u00e1 zp\u016fsoby, jak je spojit.<\/p>\n\n\n\n<figure class=\"wp-block-image size-large\"><img decoding=\"async\" width=\"1024\" height=\"685\" src=\"https:\/\/climatetoolkit.org\/wp-content\/uploads\/2024\/07\/Picture4-1024x685.jpg\" alt=\"\" class=\"wp-image-3403\" srcset=\"https:\/\/climatetoolkit.org\/wp-content\/uploads\/2024\/07\/Picture4-1024x685.jpg 1024w, https:\/\/climatetoolkit.org\/wp-content\/uploads\/2024\/07\/Picture4-300x201.jpg 300w, https:\/\/climatetoolkit.org\/wp-content\/uploads\/2024\/07\/Picture4-768x513.jpg 768w, https:\/\/climatetoolkit.org\/wp-content\/uploads\/2024\/07\/Picture4-100x67.jpg 100w, https:\/\/climatetoolkit.org\/wp-content\/uploads\/2024\/07\/Picture4-150x100.jpg 150w, https:\/\/climatetoolkit.org\/wp-content\/uploads\/2024\/07\/Picture4-200x134.jpg 200w, https:\/\/climatetoolkit.org\/wp-content\/uploads\/2024\/07\/Picture4-450x301.jpg 450w, https:\/\/climatetoolkit.org\/wp-content\/uploads\/2024\/07\/Picture4-600x401.jpg 600w, https:\/\/climatetoolkit.org\/wp-content\/uploads\/2024\/07\/Picture4-900x602.jpg 900w, https:\/\/climatetoolkit.org\/wp-content\/uploads\/2024\/07\/Picture4.jpg 1430w\" sizes=\"(max-width: 1024px) 100vw, 1024px\" \/><figcaption class=\"wp-element-caption\"><em>Obr\u00e1zek: Metro West Summit Leaders<\/em><\/figcaption><\/figure>\n\n\n\n<p>Brittany Gutermuthov\u00e1, mana\u017eerka vzd\u011bl\u00e1vac\u00edho programu Mass Audubon o klimatick\u00fdch zm\u011bn\u00e1ch, byla po\u017e\u00e1d\u00e1na, aby shrnula sv\u00e9 posl\u00e1n\u00ed, a odpov\u011bd\u011bla na n\u00e1sleduj\u00edc\u00ed ot\u00e1zku: \"Jak m\u016f\u017eeme zapojit lidi prost\u0159ednictv\u00edm zem\u011b pro zemi?\"<\/p>\n\n\n\n<p>Gutermuthov\u00e1 ve sv\u00e9 funkci podporuje jednu z kl\u00ed\u010dov\u00fdch iniciativ organizace Mass Audubon zam\u011b\u0159enou na zapojen\u00ed ml\u00e1de\u017ee, celost\u00e1tn\u00ed projekt. <a href=\"https:\/\/www.massaudubon.org\/our-work\/climate-change\/youth-climate-leadership-program\">Vedouc\u00ed program pro ml\u00e1de\u017e v oblasti klimatu<\/a> (YCLP).&nbsp;<\/p>\n\n\n\n<h3 class=\"wp-block-heading\"><strong>P\u0159ehled programu Vedouc\u00ed postaven\u00ed ml\u00e1de\u017ee v oblasti klimatu <\/strong>&nbsp;<\/h3>\n\n\n\n<p>V osm\u00e9m roce sv\u00e9 \u010dinnosti p\u0159ipravuje YCLP studenty na to, aby ve sv\u00fdch komunit\u00e1ch vedli \u010dinnost v oblasti klimatu. Program zahrnuje dev\u011bt aktivn\u00edch region\u00e1ln\u00edch pl\u00e1novac\u00edch t\u00fdm\u016f, z nich\u017e ka\u017ed\u00fd m\u00e1 p\u011bt a\u017e deset mlad\u00fdch l\u00eddr\u016f a dosp\u011bl\u00e9ho mentora. Region\u00e1ln\u00ed t\u00fdmy soust\u0159e\u010fuj\u00ed svou pr\u00e1ci na ro\u010dn\u00ed projekty klimatick\u00fdch opat\u0159en\u00ed ve sv\u00fdch \u0161kol\u00e1ch nebo komunit\u00e1ch.&nbsp;<\/p>\n\n\n\n<p>Krom\u011b toho ka\u017ed\u00fd t\u00fdm po\u0159\u00e1d\u00e1 region\u00e1ln\u00ed summit na ur\u010dit\u00e9 t\u00e9ma, na kter\u00e9m p\u0159iv\u00edt\u00e1 studenty z jin\u00fdch region\u016f, aby se u\u010dili a sd\u00edleli informace se sv\u00fdmi vrstevn\u00edky. T\u00fdmy v cel\u00e9m st\u00e1t\u011b z\u016fst\u00e1vaj\u00ed ve spojen\u00ed prost\u0159ednictv\u00edm m\u011bs\u00ed\u010dn\u00edch kontroln\u00edch sch\u016fzek a ka\u017edoro\u010dn\u00edch v\u00fdjezdn\u00edch zased\u00e1n\u00ed, kter\u00e1 se konaj\u00ed virtu\u00e1ln\u011b i osobn\u011b. Na konci roku se studenti pod\u011bl\u00ed o to, \u010deho dos\u00e1hli, prost\u0159ednictv\u00edm p\u0159ehl\u00eddek ml\u00e1de\u017ee o klimatu.&nbsp;<\/p>\n\n\n\n<p>Program se st\u00e1le rozr\u016fst\u00e1 a tyto region\u00e1ln\u00ed summity a p\u0159ehl\u00eddky slou\u017e\u00ed tak\u00e9 jako vynikaj\u00edc\u00ed m\u00edsto pro n\u00e1bor nov\u00fdch pracovn\u00edk\u016f. Kdy\u017e se nov\u00ed studenti p\u0159ipoj\u00ed ke sv\u00fdm p\u0159\u00e1tel\u016fm na t\u00e9to akci, \u010dasto se sna\u017e\u00ed v\u00edce zapojit do YCLP. Krom\u011b toho program \u00fazce spolupracuje s u\u010diteli a \u0161kolami po cel\u00e9m st\u00e1t\u011b a propojuje se s mimo\u0161koln\u00edmi zelen\u00fdmi t\u00fdmy a ekologick\u00fdmi kluby, aby se vz\u00e1jemn\u011b podporovaly ve sv\u00e9 pr\u00e1ci. Pro zapojen\u00ed mlad\u0161\u00edch student\u016f do klimatick\u00fdch aktivit m\u00e1 Mass Audubon k dispozici program <a href=\"https:\/\/www.massaudubon.org\/programs\/arcadia\/92949-little-leaders\">\"Mal\u00ed v\u016fdci\"<\/a> program pro studenty ve v\u011bku 11-12 let, kter\u00fd \u010dasto umo\u017e\u0148uje zapojen\u00ed do YCLP.&nbsp;<\/p>\n\n\n\n<h3 class=\"wp-block-heading\"><strong>Projekty v oblasti klimatu<\/strong><\/h3>\n\n\n\n<p>Projekty v oblasti klimatu zahrnuj\u00ed r\u016fzn\u00e9 z\u00e1jmov\u00e9 oblasti a z\u00e1zem\u00ed. Vzhledem k tomu, \u017ee studenti tr\u00e1v\u00ed v\u011bt\u0161inu sv\u00e9ho \u010dasu ve \u0161kole, mnoho projekt\u016f za\u010d\u00edn\u00e1 t\u00edm, \u017ee se zam\u011b\u0159\u00ed na neefektivitu \u0161koln\u00edch za\u0159\u00edzen\u00ed nebo provozu. Nap\u0159\u00edklad jeden t\u00fdm spolupracoval s m\u00edstn\u00ed organizac\u00ed na zlep\u0161en\u00ed energetick\u00e9 \u00fa\u010dinnosti ve sv\u00e9 \u0161kole, vym\u011bnil ne\u00fa\u010dinn\u00e9 \u017e\u00e1rovky a vodovodn\u00ed baterie, nainstaloval inteligentn\u00ed p\u00e1sky a p\u0159idal \u010dasova\u010de osv\u011btlen\u00ed. Jin\u00e9 skupiny se tak\u00e9 sna\u017e\u00ed podpo\u0159it instalaci sol\u00e1rn\u00edch panel\u016f na sv\u00fdch \u0161kol\u00e1ch.&nbsp; <\/p>\n\n\n\n<figure class=\"wp-block-image size-large\"><img decoding=\"async\" width=\"1024\" height=\"717\" src=\"https:\/\/climatetoolkit.org\/wp-content\/uploads\/2024\/07\/Picture3-1024x717.jpg\" alt=\"\" class=\"wp-image-3404\" srcset=\"https:\/\/climatetoolkit.org\/wp-content\/uploads\/2024\/07\/Picture3-1024x717.jpg 1024w, https:\/\/climatetoolkit.org\/wp-content\/uploads\/2024\/07\/Picture3-300x210.jpg 300w, https:\/\/climatetoolkit.org\/wp-content\/uploads\/2024\/07\/Picture3-768x538.jpg 768w, https:\/\/climatetoolkit.org\/wp-content\/uploads\/2024\/07\/Picture3-100x70.jpg 100w, https:\/\/climatetoolkit.org\/wp-content\/uploads\/2024\/07\/Picture3-150x105.jpg 150w, https:\/\/climatetoolkit.org\/wp-content\/uploads\/2024\/07\/Picture3-200x140.jpg 200w, https:\/\/climatetoolkit.org\/wp-content\/uploads\/2024\/07\/Picture3-450x315.jpg 450w, https:\/\/climatetoolkit.org\/wp-content\/uploads\/2024\/07\/Picture3-600x420.jpg 600w, https:\/\/climatetoolkit.org\/wp-content\/uploads\/2024\/07\/Picture3-900x630.jpg 900w, https:\/\/climatetoolkit.org\/wp-content\/uploads\/2024\/07\/Picture3.jpg 1430w\" sizes=\"(max-width: 1024px) 100vw, 1024px\" \/><figcaption class=\"wp-element-caption\"><em>Obr\u00e1zek: Z\u00e1padn\u00ed \u0161koly odoln\u00e9 v\u016f\u010di klimatick\u00fdm zm\u011bn\u00e1m<\/em><\/figcaption><\/figure>\n\n\n\n<p>Aby podpo\u0159ili udr\u017eiteln\u011bj\u0161\u00ed rozhodov\u00e1n\u00ed, po\u0159\u00e1daj\u00ed studenti akce, jako jsou v\u00fdm\u011bny oble\u010den\u00ed nebo recyklace polystyrenu, a z\u00edsk\u00e1vaj\u00ed tak finan\u010dn\u00ed prost\u0159edky na plnic\u00ed stanice na l\u00e1hve s vodou.  \u010casto je j\u00eddelna cenn\u00fdm v\u00fdchoz\u00edm bodem prost\u0159ednictv\u00edm program\u016f sd\u00edlen\u00ed potravin, projekt\u016f kompostov\u00e1n\u00ed nebo eliminace plastov\u00e9ho n\u00e1dob\u00ed.\u00a0<\/p>\n\n\n\n<p>Mnoho projekt\u016f za\u010d\u00edn\u00e1 v mal\u00e9m m\u011b\u0159\u00edtku a m\u016f\u017ee se rozr\u016fst do komunitn\u00edho m\u011b\u0159\u00edtka nebo i v\u00edce. Krom\u011b toho, \u017ee studenti ovliv\u0148uj\u00ed politiku a fungov\u00e1n\u00ed sv\u00fdch \u0161kol, jejich hlas je sly\u0161et i na \u0161ir\u0161\u00ed sc\u00e9n\u011b.<\/p>\n\n\n\n<h3 class=\"wp-block-heading\"><strong>Obhajoba a politika<\/strong><\/h3>\n\n\n\n<p>D\u00edky zapojen\u00ed do politick\u00fdch rozhovor\u016f se projekty YCLP sna\u017e\u00ed budovat d\u016fv\u011bru mezi politiky a studenty. Na str\u00e1nk\u00e1ch <a href=\"https:\/\/www.massaudubon.org\/places-to-explore\/wildlife-sanctuaries\/wellfleet-bay\/news\/youth-climate-leaders-making-an-impact-on-the-cape\">T\u00fdm Cape Cod<\/a> uspo\u0159\u00e1dala v r\u00e1mci summitu fale\u0161nou radnici, kter\u00e1 inspirovala t\u00fdm k \u00fa\u010dasti na skute\u010dn\u00e9m zased\u00e1n\u00ed radnice a k obhajob\u011b energetick\u00e9 \u00fa\u010dinnosti. Na str\u00e1nk\u00e1ch <a href=\"https:\/\/www.massaudubon.org\/places-to-explore\/wildlife-sanctuaries\/allens-pond\/news\/fall-river-youth-climate-leadership-program-visits-the-massachusetts-state-house\">Fall River YCLP<\/a> Skupina se ned\u00e1vno vydala do St\u00e1tn\u00edho parlamentu, kde se setkala se z\u00e1stupci a obhajovala p\u0159\u00edstup komunity k \u0159ece Taunton.&nbsp;<\/p>\n\n\n\n<p>Organizace Mass Audubon a YCLP spolupracuj\u00ed s komunitn\u00edmi organizacemi na podpo\u0159e p\u0159\u00edslu\u0161n\u00fdch pr\u00e1vn\u00edch p\u0159edpis\u016f. Ned\u00e1vno ve spolupr\u00e1ci s <a href=\"https:\/\/ourclimate.us\/state-campaigns\/\">Na\u0161e klima<\/a>, pomohli prosadit n\u00e1vrh z\u00e1kona o mezioborov\u00e9m vzd\u011bl\u00e1v\u00e1n\u00ed v oblasti klimatu zam\u011b\u0159en\u00fd na roz\u0161\u00ed\u0159en\u00ed mezioborov\u00fdch u\u010debn\u00edch osnov orientovan\u00fdch na \u0159e\u0161en\u00ed v cel\u00e9m st\u00e1t\u011b. Dal\u0161\u00ed n\u00e1vrh z\u00e1kona, iniciovan\u00fd <a href=\"https:\/\/www.arisespringfield.org\/springfield-climate-justice-coaliti\">Springfieldsk\u00e1 koalice pro klimatickou spravedlnost<\/a>, usiluje o zaveden\u00ed moratoria na nov\u00e9 plynov\u00e9 syst\u00e9my v Massachusetts.&nbsp;<\/p>\n\n\n\n<figure class=\"wp-block-image size-large\"><img decoding=\"async\" width=\"1024\" height=\"621\" src=\"https:\/\/climatetoolkit.org\/wp-content\/uploads\/2024\/07\/Picture2-1024x621.jpg\" alt=\"\" class=\"wp-image-3405\" srcset=\"https:\/\/climatetoolkit.org\/wp-content\/uploads\/2024\/07\/Picture2-1024x621.jpg 1024w, https:\/\/climatetoolkit.org\/wp-content\/uploads\/2024\/07\/Picture2-300x182.jpg 300w, https:\/\/climatetoolkit.org\/wp-content\/uploads\/2024\/07\/Picture2-768x466.jpg 768w, https:\/\/climatetoolkit.org\/wp-content\/uploads\/2024\/07\/Picture2-100x61.jpg 100w, https:\/\/climatetoolkit.org\/wp-content\/uploads\/2024\/07\/Picture2-150x91.jpg 150w, https:\/\/climatetoolkit.org\/wp-content\/uploads\/2024\/07\/Picture2-200x121.jpg 200w, https:\/\/climatetoolkit.org\/wp-content\/uploads\/2024\/07\/Picture2-450x273.jpg 450w, https:\/\/climatetoolkit.org\/wp-content\/uploads\/2024\/07\/Picture2-600x364.jpg 600w, https:\/\/climatetoolkit.org\/wp-content\/uploads\/2024\/07\/Picture2-900x546.jpg 900w, https:\/\/climatetoolkit.org\/wp-content\/uploads\/2024\/07\/Picture2.jpg 1430w\" sizes=\"(max-width: 1024px) 100vw, 1024px\" \/><figcaption class=\"wp-element-caption\"><em>Obr\u00e1zek: Cape Leaders<\/em><\/figcaption><\/figure>\n\n\n\n<p>N\u011bkolik student\u016f programu YCLP tak\u00e9 vyu\u017eilo znalosti a dovednosti v oblasti advokacie a zapojilo se do celost\u00e1tn\u00ed Rady guvern\u00e9ra pro ml\u00e1de\u017e a Rady pro klima.&nbsp;<\/p>\n\n\n\n<h3 class=\"wp-block-heading\"><strong>Mezioborov\u00fd p\u0159\u00edstup <\/strong>&nbsp;<\/h3>\n\n\n\n<p>P\u0159i diskusi o \u0159e\u0161en\u00edch v oblasti klimatu je pohled mlad\u00fdch lid\u00ed neoceniteln\u00fd. Mnoho student\u016f se i po skon\u010den\u00ed programu nad\u00e1le v\u011bnuje pr\u00e1ci v oblasti klimatu, mnoz\u00ed v\u0161ak z\u00edskan\u00e9 dovednosti uplat\u0148uj\u00ed i v r\u00e1mci sv\u00fdch r\u016fzn\u00fdch z\u00e1jm\u016f a prost\u0159ed\u00ed. Nap\u0159\u00edklad studentka filmov\u00e9 \u0161koly za\u010dlenila to, co se nau\u010dila o obhajob\u011b klimatu a opat\u0159en\u00edch v t\u00e9to oblasti, do sv\u00e9 vysoko\u0161kolsk\u00e9 pr\u00e1ce a dal\u0161\u00ed studentka spojila sv\u00e9 nad\u0161en\u00ed pro \u017eivotn\u00ed prost\u0159ed\u00ed s l\u00e1skou k dramatu v divadle s klimatickou tematikou.<\/p>\n\n\n\n<figure class=\"wp-block-image size-large\"><img decoding=\"async\" width=\"1024\" height=\"768\" src=\"https:\/\/climatetoolkit.org\/wp-content\/uploads\/2024\/07\/Picture1-1024x768.jpg\" alt=\"\" class=\"wp-image-3406\" srcset=\"https:\/\/climatetoolkit.org\/wp-content\/uploads\/2024\/07\/Picture1-1024x768.jpg 1024w, https:\/\/climatetoolkit.org\/wp-content\/uploads\/2024\/07\/Picture1-300x225.jpg 300w, https:\/\/climatetoolkit.org\/wp-content\/uploads\/2024\/07\/Picture1-768x576.jpg 768w, https:\/\/climatetoolkit.org\/wp-content\/uploads\/2024\/07\/Picture1-100x75.jpg 100w, https:\/\/climatetoolkit.org\/wp-content\/uploads\/2024\/07\/Picture1-150x113.jpg 150w, https:\/\/climatetoolkit.org\/wp-content\/uploads\/2024\/07\/Picture1-200x150.jpg 200w, https:\/\/climatetoolkit.org\/wp-content\/uploads\/2024\/07\/Picture1-450x338.jpg 450w, https:\/\/climatetoolkit.org\/wp-content\/uploads\/2024\/07\/Picture1-600x450.jpg 600w, https:\/\/climatetoolkit.org\/wp-content\/uploads\/2024\/07\/Picture1-900x675.jpg 900w, https:\/\/climatetoolkit.org\/wp-content\/uploads\/2024\/07\/Picture1.jpg 1430w\" sizes=\"(max-width: 1024px) 100vw, 1024px\" \/><figcaption class=\"wp-element-caption\"><em>Obr\u00e1zek: West Leaders<\/em><\/figcaption><\/figure>\n\n\n\n<p>Ollie Perraultov\u00e1, st\u0159edo\u0161kola\u010dka, z\u00e1stupkyn\u011b organizace Mass Audubon pro ml\u00e1de\u017e v oblasti klimatu a nad\u0161en\u00e1 spisovatelka, spolupracuje s YCLP od sv\u00fdch 11 let.&nbsp;<\/p>\n\n\n\n<p>P\u0159esto\u017ee jsou mlad\u00ed lid\u00e9 pln\u00ed energie a inspirace pro klimatick\u00e1 opat\u0159en\u00ed, Perraultov\u00e1 se domn\u00edv\u00e1, \u017ee mnoz\u00ed z nich jsou tak\u00e9 zna\u010dn\u011b rozzloben\u00ed - tyto pocity podle n\u00ed jdou ruku v ruce s klimatick\u00fdmi opat\u0159en\u00edmi.<\/p>\n\n\n\n<p>Podle Perraulta jsou \u0159e\u0161en\u00ed v oblasti klimatu pr\u016f\u0159ezov\u00e1. Zjistila to d\u00edky psan\u00ed a t\u00e9mat\u016fm, jako je soci\u00e1ln\u00ed spravedlnost a environment\u00e1ln\u00ed studia, kter\u00e1 propojuje se svou l\u00e1skou k poezii a v\u00e1\u0161n\u00ed pro \u017eivotn\u00ed prost\u0159ed\u00ed. V t\u011bchto v\u00e1\u0161n\u00edch hodl\u00e1 pokra\u010dovat i ve sv\u00e9 budouc\u00ed vysoko\u0161kolsk\u00e9 kari\u00e9\u0159e.&nbsp;<\/p>\n\n\n\n<p>Perraultov\u00e1 zjistila, \u017ee kdy\u017e se za\u010dala v\u00edce anga\u017eovat v boji proti klimatick\u00fdm zm\u011bn\u00e1m, propojila \u010d\u00e1sti sv\u00e9ho \u017eivota a psan\u00ed. Zjistila, \u017ee klimatick\u00e1 poezie j\u00ed umo\u017e\u0148uje nav\u00e1zat kontakt s v\u011bt\u0161\u00edm publikem a u\u010dinit sv\u00e9 poselstv\u00ed siln\u011bj\u0161\u00edm t\u00edm, \u017ee \u010dte tato d\u00edla na shrom\u00e1\u017ed\u011bn\u00edch a workshopech. Pokra\u010duje ve spl\u00e9t\u00e1n\u00ed lidsk\u00fdch zku\u0161enost\u00ed sd\u00edlen\u00fdch prost\u0159ednictv\u00edm psan\u00ed, um\u011bn\u00ed, hudby a humoru, kter\u00e9 lidi oslovuj\u00ed a podn\u011bcuj\u00ed k akci zp\u016fsobem, kter\u00fd tradi\u010dn\u00ed komunikace o klimatu nedok\u00e1zala.<\/p>\n\n\n\n<p>V roce 2022 byl Ollie vybr\u00e1n do t\u00fdmu Boston Celtics. <a href=\"https:\/\/www.massaudubon.org\/news\/latest\/ollie-perrault-a-hero-among-us\">\"Hrdinov\u00e9 mezi n\u00e1mi\"<\/a> za jej\u00ed pr\u00e1ci v oblasti ochrany klimatu.<\/p>\n\n\n\n<p><em>Mass Audubon je \u010dlenem s\u00edt\u011b Climate Toolkit Youth Network. Dal\u0161\u00ed zdroje pro vytvo\u0159en\u00ed nebo pos\u00edlen\u00ed program\u016f pro ml\u00e1de\u017e v oblasti klimatu ve va\u0161\u00ed organizaci najdete na adrese <\/em><a href=\"https:\/\/climatetoolkit.org\/cs\/youth\/\"><em>climatetookit.org\/youth. <\/em><\/a><em>&nbsp;<\/em><\/p>","protected":false},"excerpt":{"rendered":"<p>O organizaci Mass Audubon Ji\u017e v\u00edce ne\u017e 125 let spojuje organizace Mass Audubon obyvatele st\u00e1tu Massachusetts s p\u0159\u00edrodou prost\u0159ednictv\u00edm ochrany p\u0159\u00edrody a propagace. S v\u00edce ne\u017e 160 000 \u010dleny a 41 000 akry chr\u00e1n\u011bn\u00e9 p\u016fdy je nejv\u011bt\u0161\u00ed organizac\u00ed na ochranu p\u0159\u00edrody v \u010cesk\u00e9 republice, kter\u00e1 se ...<\/p>\n<p class=\"read-more\"> <a class=\"\" href=\"https:\/\/climatetoolkit.org\/cs\/mass-audubon-empowers-the-next-generation-of-climate-leaders\/\"> <span class=\"screen-reader-text\">Organizace Mass Audubon podporuje novou generaci l\u00eddr\u016f v oblasti klimatu<\/span> P\u0159e\u010dt\u011bte si v\u00edce \"<\/a><\/p>","protected":false},"author":2,"featured_media":3418,"comment_status":"closed","ping_status":"closed","sticky":false,"template":"","format":"standard","meta":{"_acf_changed":false,"inline_featured_image":false,"advgb_blocks_editor_width":"","advgb_blocks_columns_visual_guide":"","footnotes":""},"categories":[179],"tags":[],"class_list":["post-3401","post","type-post","status-publish","format-standard","has-post-thumbnail","hentry","category-engagement"],"acf":[],"yoast_head":"<!-- This site is optimized with the Yoast SEO plugin v27.5 - https:\/\/yoast.com\/product\/yoast-seo-wordpress\/ -->\n<title>Mass Audubon Empowers the Next Generation of Climate Leaders - The Climate Toolkit<\/title>\n<meta name=\"robots\" content=\"noindex, follow\" \/>\n<meta property=\"og:locale\" content=\"cs_CZ\" \/>\n<meta property=\"og:type\" content=\"article\" \/>\n<meta property=\"og:title\" content=\"Mass Audubon Empowers the Next Generation of Climate Leaders - The Climate Toolkit\" \/>\n<meta property=\"og:description\" content=\"About Mass Audubon For more than 125 years, Mass Audubon has connected the people of Massachusetts with nature through land conservation and advocacy. With more than 160,000 members and 41,000 acres of protected land, it is the largest nature conservation &hellip; Mass Audubon Empowers the Next Generation of Climate Leaders Read More &raquo;\" \/>\n<meta property=\"og:url\" content=\"https:\/\/climatetoolkit.org\/cs\/mass-audubon-empowers-the-next-generation-of-climate-leaders\/\" \/>\n<meta property=\"og:site_name\" content=\"The Climate Toolkit\" \/>\n<meta property=\"article:published_time\" content=\"2024-07-02T17:01:38+00:00\" \/>\n<meta property=\"article:modified_time\" content=\"2025-06-18T20:12:34+00:00\" \/>\n<meta property=\"og:image\" content=\"https:\/\/climatetoolkit.org\/wp-content\/uploads\/2024\/07\/Screenshot-2024-07-02-130624.jpg\" \/>\n\t<meta property=\"og:image:width\" content=\"1183\" \/>\n\t<meta property=\"og:image:height\" content=\"531\" \/>\n\t<meta property=\"og:image:type\" content=\"image\/jpeg\" \/>\n<meta name=\"author\" content=\"joe reed\" \/>\n<meta name=\"twitter:card\" content=\"summary_large_image\" \/>\n<meta name=\"twitter:label1\" content=\"Napsal(a)\" \/>\n\t<meta name=\"twitter:data1\" content=\"joe reed\" \/>\n\t<meta name=\"twitter:label2\" content=\"Odhadovan\u00e1 doba \u010dten\u00ed\" \/>\n\t<meta name=\"twitter:data2\" content=\"6 minut\" \/>\n<script type=\"application\/ld+json\" class=\"yoast-schema-graph\">{\"@context\":\"https:\\\/\\\/schema.org\",\"@graph\":[{\"@type\":\"Article\",\"@id\":\"https:\\\/\\\/climatetoolkit.org\\\/mass-audubon-empowers-the-next-generation-of-climate-leaders\\\/#article\",\"isPartOf\":{\"@id\":\"https:\\\/\\\/climatetoolkit.org\\\/mass-audubon-empowers-the-next-generation-of-climate-leaders\\\/\"},\"author\":{\"name\":\"joe reed\",\"@id\":\"https:\\\/\\\/climatetoolkit.org\\\/#\\\/schema\\\/person\\\/0a315cfe2d4239376531ced9d06c441c\"},\"headline\":\"Mass Audubon Empowers the Next Generation of Climate Leaders\",\"datePublished\":\"2024-07-02T17:01:38+00:00\",\"dateModified\":\"2025-06-18T20:12:34+00:00\",\"mainEntityOfPage\":{\"@id\":\"https:\\\/\\\/climatetoolkit.org\\\/mass-audubon-empowers-the-next-generation-of-climate-leaders\\\/\"},\"wordCount\":993,\"publisher\":{\"@id\":\"https:\\\/\\\/climatetoolkit.org\\\/#organization\"},\"image\":{\"@id\":\"https:\\\/\\\/climatetoolkit.org\\\/mass-audubon-empowers-the-next-generation-of-climate-leaders\\\/#primaryimage\"},\"thumbnailUrl\":\"https:\\\/\\\/climatetoolkit.org\\\/wp-content\\\/uploads\\\/2024\\\/07\\\/Screenshot-2024-07-02-130624.jpg\",\"articleSection\":[\"Engagement\"],\"inLanguage\":\"cs\"},{\"@type\":\"WebPage\",\"@id\":\"https:\\\/\\\/climatetoolkit.org\\\/mass-audubon-empowers-the-next-generation-of-climate-leaders\\\/\",\"url\":\"https:\\\/\\\/climatetoolkit.org\\\/mass-audubon-empowers-the-next-generation-of-climate-leaders\\\/\",\"name\":\"Mass Audubon Empowers the Next Generation of Climate Leaders - The Climate Toolkit\",\"isPartOf\":{\"@id\":\"https:\\\/\\\/climatetoolkit.org\\\/#website\"},\"primaryImageOfPage\":{\"@id\":\"https:\\\/\\\/climatetoolkit.org\\\/mass-audubon-empowers-the-next-generation-of-climate-leaders\\\/#primaryimage\"},\"image\":{\"@id\":\"https:\\\/\\\/climatetoolkit.org\\\/mass-audubon-empowers-the-next-generation-of-climate-leaders\\\/#primaryimage\"},\"thumbnailUrl\":\"https:\\\/\\\/climatetoolkit.org\\\/wp-content\\\/uploads\\\/2024\\\/07\\\/Screenshot-2024-07-02-130624.jpg\",\"datePublished\":\"2024-07-02T17:01:38+00:00\",\"dateModified\":\"2025-06-18T20:12:34+00:00\",\"breadcrumb\":{\"@id\":\"https:\\\/\\\/climatetoolkit.org\\\/mass-audubon-empowers-the-next-generation-of-climate-leaders\\\/#breadcrumb\"},\"inLanguage\":\"cs\",\"potentialAction\":[{\"@type\":\"ReadAction\",\"target\":[\"https:\\\/\\\/climatetoolkit.org\\\/mass-audubon-empowers-the-next-generation-of-climate-leaders\\\/\"]}]},{\"@type\":\"ImageObject\",\"inLanguage\":\"cs\",\"@id\":\"https:\\\/\\\/climatetoolkit.org\\\/mass-audubon-empowers-the-next-generation-of-climate-leaders\\\/#primaryimage\",\"url\":\"https:\\\/\\\/climatetoolkit.org\\\/wp-content\\\/uploads\\\/2024\\\/07\\\/Screenshot-2024-07-02-130624.jpg\",\"contentUrl\":\"https:\\\/\\\/climatetoolkit.org\\\/wp-content\\\/uploads\\\/2024\\\/07\\\/Screenshot-2024-07-02-130624.jpg\",\"width\":1183,\"height\":531},{\"@type\":\"BreadcrumbList\",\"@id\":\"https:\\\/\\\/climatetoolkit.org\\\/mass-audubon-empowers-the-next-generation-of-climate-leaders\\\/#breadcrumb\",\"itemListElement\":[{\"@type\":\"ListItem\",\"position\":1,\"name\":\"Home\",\"item\":\"https:\\\/\\\/climatetoolkit.org\\\/\"},{\"@type\":\"ListItem\",\"position\":2,\"name\":\"Mass Audubon Empowers the Next Generation of Climate Leaders\"}]},{\"@type\":\"WebSite\",\"@id\":\"https:\\\/\\\/climatetoolkit.org\\\/#website\",\"url\":\"https:\\\/\\\/climatetoolkit.org\\\/\",\"name\":\"The Climate Toolkit\",\"description\":\"For Museums, Gardens and Zoos\",\"publisher\":{\"@id\":\"https:\\\/\\\/climatetoolkit.org\\\/#organization\"},\"potentialAction\":[{\"@type\":\"SearchAction\",\"target\":{\"@type\":\"EntryPoint\",\"urlTemplate\":\"https:\\\/\\\/climatetoolkit.org\\\/?s={search_term_string}\"},\"query-input\":{\"@type\":\"PropertyValueSpecification\",\"valueRequired\":true,\"valueName\":\"search_term_string\"}}],\"inLanguage\":\"cs\"},{\"@type\":\"Organization\",\"@id\":\"https:\\\/\\\/climatetoolkit.org\\\/#organization\",\"name\":\"The Climate Toolkit\",\"url\":\"https:\\\/\\\/climatetoolkit.org\\\/\",\"logo\":{\"@type\":\"ImageObject\",\"inLanguage\":\"cs\",\"@id\":\"https:\\\/\\\/climatetoolkit.org\\\/#\\\/schema\\\/logo\\\/image\\\/\",\"url\":\"https:\\\/\\\/climatetoolkit.org\\\/wp-content\\\/uploads\\\/2020\\\/05\\\/C_logo.png\",\"contentUrl\":\"https:\\\/\\\/climatetoolkit.org\\\/wp-content\\\/uploads\\\/2020\\\/05\\\/C_logo.png\",\"width\":512,\"height\":512,\"caption\":\"The Climate Toolkit\"},\"image\":{\"@id\":\"https:\\\/\\\/climatetoolkit.org\\\/#\\\/schema\\\/logo\\\/image\\\/\"}},{\"@type\":\"Person\",\"@id\":\"https:\\\/\\\/climatetoolkit.org\\\/#\\\/schema\\\/person\\\/0a315cfe2d4239376531ced9d06c441c\",\"name\":\"joe reed\",\"image\":{\"@type\":\"ImageObject\",\"inLanguage\":\"cs\",\"@id\":\"https:\\\/\\\/secure.gravatar.com\\\/avatar\\\/472f195403d80a13cf2167242ca383d8b44ece2a427beed29cba86949c90ae13?s=96&d=mm&r=g\",\"url\":\"https:\\\/\\\/secure.gravatar.com\\\/avatar\\\/472f195403d80a13cf2167242ca383d8b44ece2a427beed29cba86949c90ae13?s=96&d=mm&r=g\",\"contentUrl\":\"https:\\\/\\\/secure.gravatar.com\\\/avatar\\\/472f195403d80a13cf2167242ca383d8b44ece2a427beed29cba86949c90ae13?s=96&d=mm&r=g\",\"caption\":\"joe reed\"}}]}<\/script>\n<!-- \/ Yoast SEO plugin. -->","yoast_head_json":{"title":"Mass Audubon Empowers the Next Generation of Climate Leaders - The Climate Toolkit","robots":{"index":"noindex","follow":"follow"},"og_locale":"cs_CZ","og_type":"article","og_title":"Mass Audubon Empowers the Next Generation of Climate Leaders - The Climate Toolkit","og_description":"About Mass Audubon For more than 125 years, Mass Audubon has connected the people of Massachusetts with nature through land conservation and advocacy. With more than 160,000 members and 41,000 acres of protected land, it is the largest nature conservation &hellip; Mass Audubon Empowers the Next Generation of Climate Leaders Read More &raquo;","og_url":"https:\/\/climatetoolkit.org\/cs\/mass-audubon-empowers-the-next-generation-of-climate-leaders\/","og_site_name":"The Climate Toolkit","article_published_time":"2024-07-02T17:01:38+00:00","article_modified_time":"2025-06-18T20:12:34+00:00","og_image":[{"width":1183,"height":531,"url":"https:\/\/climatetoolkit.org\/wp-content\/uploads\/2024\/07\/Screenshot-2024-07-02-130624.jpg","type":"image\/jpeg"}],"author":"joe reed","twitter_card":"summary_large_image","twitter_misc":{"Napsal(a)":"joe reed","Odhadovan\u00e1 doba \u010dten\u00ed":"6 minut"},"schema":{"@context":"https:\/\/schema.org","@graph":[{"@type":"Article","@id":"https:\/\/climatetoolkit.org\/mass-audubon-empowers-the-next-generation-of-climate-leaders\/#article","isPartOf":{"@id":"https:\/\/climatetoolkit.org\/mass-audubon-empowers-the-next-generation-of-climate-leaders\/"},"author":{"name":"joe reed","@id":"https:\/\/climatetoolkit.org\/#\/schema\/person\/0a315cfe2d4239376531ced9d06c441c"},"headline":"Mass Audubon Empowers the Next Generation of Climate Leaders","datePublished":"2024-07-02T17:01:38+00:00","dateModified":"2025-06-18T20:12:34+00:00","mainEntityOfPage":{"@id":"https:\/\/climatetoolkit.org\/mass-audubon-empowers-the-next-generation-of-climate-leaders\/"},"wordCount":993,"publisher":{"@id":"https:\/\/climatetoolkit.org\/#organization"},"image":{"@id":"https:\/\/climatetoolkit.org\/mass-audubon-empowers-the-next-generation-of-climate-leaders\/#primaryimage"},"thumbnailUrl":"https:\/\/climatetoolkit.org\/wp-content\/uploads\/2024\/07\/Screenshot-2024-07-02-130624.jpg","articleSection":["Engagement"],"inLanguage":"cs"},{"@type":"WebPage","@id":"https:\/\/climatetoolkit.org\/mass-audubon-empowers-the-next-generation-of-climate-leaders\/","url":"https:\/\/climatetoolkit.org\/mass-audubon-empowers-the-next-generation-of-climate-leaders\/","name":"Mass Audubon Empowers the Next Generation of Climate Leaders - The Climate Toolkit","isPartOf":{"@id":"https:\/\/climatetoolkit.org\/#website"},"primaryImageOfPage":{"@id":"https:\/\/climatetoolkit.org\/mass-audubon-empowers-the-next-generation-of-climate-leaders\/#primaryimage"},"image":{"@id":"https:\/\/climatetoolkit.org\/mass-audubon-empowers-the-next-generation-of-climate-leaders\/#primaryimage"},"thumbnailUrl":"https:\/\/climatetoolkit.org\/wp-content\/uploads\/2024\/07\/Screenshot-2024-07-02-130624.jpg","datePublished":"2024-07-02T17:01:38+00:00","dateModified":"2025-06-18T20:12:34+00:00","breadcrumb":{"@id":"https:\/\/climatetoolkit.org\/mass-audubon-empowers-the-next-generation-of-climate-leaders\/#breadcrumb"},"inLanguage":"cs","potentialAction":[{"@type":"ReadAction","target":["https:\/\/climatetoolkit.org\/mass-audubon-empowers-the-next-generation-of-climate-leaders\/"]}]},{"@type":"ImageObject","inLanguage":"cs","@id":"https:\/\/climatetoolkit.org\/mass-audubon-empowers-the-next-generation-of-climate-leaders\/#primaryimage","url":"https:\/\/climatetoolkit.org\/wp-content\/uploads\/2024\/07\/Screenshot-2024-07-02-130624.jpg","contentUrl":"https:\/\/climatetoolkit.org\/wp-content\/uploads\/2024\/07\/Screenshot-2024-07-02-130624.jpg","width":1183,"height":531},{"@type":"BreadcrumbList","@id":"https:\/\/climatetoolkit.org\/mass-audubon-empowers-the-next-generation-of-climate-leaders\/#breadcrumb","itemListElement":[{"@type":"ListItem","position":1,"name":"Home","item":"https:\/\/climatetoolkit.org\/"},{"@type":"ListItem","position":2,"name":"Mass Audubon Empowers the Next Generation of Climate Leaders"}]},{"@type":"WebSite","@id":"https:\/\/climatetoolkit.org\/#website","url":"https:\/\/climatetoolkit.org\/","name":"Soubor n\u00e1stroj\u016f pro oblast klimatu","description":"Pro muzea, zahrady a zoologick\u00e9 zahrady","publisher":{"@id":"https:\/\/climatetoolkit.org\/#organization"},"potentialAction":[{"@type":"SearchAction","target":{"@type":"EntryPoint","urlTemplate":"https:\/\/climatetoolkit.org\/?s={search_term_string}"},"query-input":{"@type":"PropertyValueSpecification","valueRequired":true,"valueName":"search_term_string"}}],"inLanguage":"cs"},{"@type":"Organization","@id":"https:\/\/climatetoolkit.org\/#organization","name":"Soubor n\u00e1stroj\u016f pro oblast klimatu","url":"https:\/\/climatetoolkit.org\/","logo":{"@type":"ImageObject","inLanguage":"cs","@id":"https:\/\/climatetoolkit.org\/#\/schema\/logo\/image\/","url":"https:\/\/climatetoolkit.org\/wp-content\/uploads\/2020\/05\/C_logo.png","contentUrl":"https:\/\/climatetoolkit.org\/wp-content\/uploads\/2020\/05\/C_logo.png","width":512,"height":512,"caption":"The Climate Toolkit"},"image":{"@id":"https:\/\/climatetoolkit.org\/#\/schema\/logo\/image\/"}},{"@type":"Person","@id":"https:\/\/climatetoolkit.org\/#\/schema\/person\/0a315cfe2d4239376531ced9d06c441c","name":"Joe Reed","image":{"@type":"ImageObject","inLanguage":"cs","@id":"https:\/\/secure.gravatar.com\/avatar\/472f195403d80a13cf2167242ca383d8b44ece2a427beed29cba86949c90ae13?s=96&d=mm&r=g","url":"https:\/\/secure.gravatar.com\/avatar\/472f195403d80a13cf2167242ca383d8b44ece2a427beed29cba86949c90ae13?s=96&d=mm&r=g","contentUrl":"https:\/\/secure.gravatar.com\/avatar\/472f195403d80a13cf2167242ca383d8b44ece2a427beed29cba86949c90ae13?s=96&d=mm&r=g","caption":"joe reed"}}]}},"author_meta":{"display_name":"joe reed","author_link":"https:\/\/climatetoolkit.org\/cs\/author\/joe\/"},"featured_img":"https:\/\/climatetoolkit.org\/wp-content\/uploads\/2024\/07\/Screenshot-2024-07-02-130624-300x135.jpg","coauthors":[],"tax_additional":{"categories":{"linked":["<a href=\"https:\/\/climatetoolkit.org\/cs\/blog-category\/engagement\/\" class=\"advgb-post-tax-term\">Engagement<\/a>"],"unlinked":["<span class=\"advgb-post-tax-term\">Engagement<\/span>"]}},"comment_count":0,"relative_dates":{"created":"Posted 2 roky ago","modified":"Updated 11 m\u011bs\u00edc\u016f ago"},"absolute_dates":{"created":"Posted on 2 \u010dervence, 2024","modified":"Updated on 18 \u010dervna, 2025"},"absolute_dates_time":{"created":"Posted on 2 \u010dervence, 2024 1:01 pm","modified":"Updated on 18 \u010dervna, 2025 4:12 pm"},"featured_img_caption":"","series_order":"","_links":{"self":[{"href":"https:\/\/climatetoolkit.org\/cs\/wp-json\/wp\/v2\/posts\/3401","targetHints":{"allow":["GET"]}}],"collection":[{"href":"https:\/\/climatetoolkit.org\/cs\/wp-json\/wp\/v2\/posts"}],"about":[{"href":"https:\/\/climatetoolkit.org\/cs\/wp-json\/wp\/v2\/types\/post"}],"author":[{"embeddable":true,"href":"https:\/\/climatetoolkit.org\/cs\/wp-json\/wp\/v2\/users\/2"}],"replies":[{"embeddable":true,"href":"https:\/\/climatetoolkit.org\/cs\/wp-json\/wp\/v2\/comments?post=3401"}],"version-history":[{"count":4,"href":"https:\/\/climatetoolkit.org\/cs\/wp-json\/wp\/v2\/posts\/3401\/revisions"}],"predecessor-version":[{"id":3416,"href":"https:\/\/climatetoolkit.org\/cs\/wp-json\/wp\/v2\/posts\/3401\/revisions\/3416"}],"wp:featuredmedia":[{"embeddable":true,"href":"https:\/\/climatetoolkit.org\/cs\/wp-json\/wp\/v2\/media\/3418"}],"wp:attachment":[{"href":"https:\/\/climatetoolkit.org\/cs\/wp-json\/wp\/v2\/media?parent=3401"}],"wp:term":[{"taxonomy":"category","embeddable":true,"href":"https:\/\/climatetoolkit.org\/cs\/wp-json\/wp\/v2\/categories?post=3401"},{"taxonomy":"post_tag","embeddable":true,"href":"https:\/\/climatetoolkit.org\/cs\/wp-json\/wp\/v2\/tags?post=3401"}],"curies":[{"name":"wp","href":"https:\/\/api.w.org\/{rel}","templated":true}]}}