{"id":1335,"date":"2021-11-22T11:18:11","date_gmt":"2021-11-22T16:18:11","guid":{"rendered":"https:\/\/climatetoolkit.org\/?p=1335"},"modified":"2025-06-18T16:12:41","modified_gmt":"2025-06-18T20:12:41","slug":"phipps-at-cop26-observations-and-opportunities","status":"publish","type":"post","link":"https:\/\/climatetoolkit.org\/cs\/phipps-at-cop26-observations-and-opportunities\/","title":{"rendered":"Phipps na COP26: post\u0159ehy a p\u0159\u00edle\u017eitosti"},"content":{"rendered":"<p>Phipps vyslal na konferenci COP26 t\u0159i zam\u011bstnance se statusem pozorovatele v modr\u00e9 z\u00f3n\u011b: Richard Piacentini, \u0159editelka pro v\u00fdzkum a v\u011bdeck\u00e9 vzd\u011bl\u00e1v\u00e1n\u00ed Dr. Sarah States a koordin\u00e1torka pro v\u00fdzkum a v\u011bdeck\u00e9 vzd\u011bl\u00e1v\u00e1n\u00ed Jennifer Torrance. Na\u0161\u00edm c\u00edlem bylo nav\u00e1zat nov\u00e1 spojen\u00ed s podobn\u011b sm\u00fd\u0161lej\u00edc\u00edmi organizacemi a naj\u00edt p\u0159\u00edle\u017eitosti pro instituce, jako jsou zahrady, zoologick\u00e9 zahrady a muzea, aby vedly \u00fasil\u00ed o \u0159e\u0161en\u00ed zm\u011bny klimatu v komunit\u00e1ch, kter\u00fdm slou\u017e\u00ed.<\/p>\n\n\n\n<p>Obecn\u00fd p\u0159ehled v\u00fdsledk\u016f COP26 naleznete zde. <a href=\"https:\/\/ideas.ted.com\/what-you-need-to-know-about-the-cop26-glasgow-climate-pact\/\">zde<\/a>. N\u00e1sleduj\u00ed shrnut\u00ed od ka\u017ed\u00e9ho ze t\u0159\u00ed p\u0159\u00edtomn\u00fdch zam\u011bstnanc\u016f Phipps, z nich\u017e ka\u017ed\u00fd se zam\u011b\u0159uje na jinou oblast.<\/p>\n\n\n\n<h4 class=\"wp-block-heading\">Richard Piacentini, prezident a gener\u00e1ln\u00ed \u0159editel<\/h4>\n\n\n\n<div class=\"wp-block-image\"><figure class=\"alignright size-large is-resized\"><img decoding=\"async\" src=\"https:\/\/climatetoolkit.org\/wp-content\/uploads\/2021\/11\/Richard-V.-Piacentini-1024x682.jpg\" alt=\"\" class=\"wp-image-1352\" width=\"486\" height=\"325\" srcset=\"https:\/\/climatetoolkit.org\/wp-content\/uploads\/2021\/11\/Richard-V.-Piacentini-1024x682.jpg 1024w, https:\/\/climatetoolkit.org\/wp-content\/uploads\/2021\/11\/Richard-V.-Piacentini-300x200.jpg 300w, https:\/\/climatetoolkit.org\/wp-content\/uploads\/2021\/11\/Richard-V.-Piacentini-768x512.jpg 768w, https:\/\/climatetoolkit.org\/wp-content\/uploads\/2021\/11\/Richard-V.-Piacentini-1536x1024.jpg 1536w, https:\/\/climatetoolkit.org\/wp-content\/uploads\/2021\/11\/Richard-V.-Piacentini-2048x1365.jpg 2048w, https:\/\/climatetoolkit.org\/wp-content\/uploads\/2021\/11\/Richard-V.-Piacentini-100x67.jpg 100w, https:\/\/climatetoolkit.org\/wp-content\/uploads\/2021\/11\/Richard-V.-Piacentini-150x100.jpg 150w, https:\/\/climatetoolkit.org\/wp-content\/uploads\/2021\/11\/Richard-V.-Piacentini-200x133.jpg 200w, https:\/\/climatetoolkit.org\/wp-content\/uploads\/2021\/11\/Richard-V.-Piacentini-450x300.jpg 450w, https:\/\/climatetoolkit.org\/wp-content\/uploads\/2021\/11\/Richard-V.-Piacentini-600x400.jpg 600w, https:\/\/climatetoolkit.org\/wp-content\/uploads\/2021\/11\/Richard-V.-Piacentini-900x600.jpg 900w\" sizes=\"(max-width: 486px) 100vw, 486px\" \/><\/figure><\/div>\n\n\n\n<p><em>Oblast zam\u011b\u0159en\u00ed: Kulturn\u00ed organizace, kter\u00e9 se zab\u00fdvaj\u00ed zm\u011bnou klimatu<\/em><\/p>\n\n\n\n<p>Kdy\u017e si \u010dlov\u011bk projde v\u0161echny expozice v pavilonech na COP26, kde v\u0161echny zem\u011b popisuj\u00ed, co d\u011blaj\u00ed pro \u0159e\u0161en\u00ed zm\u011bny klimatu, mohl by se domn\u00edvat, \u017ee probl\u00e9m u\u017e byl vy\u0159e\u0161en, ale jak by \u0159ekla Greta Thunbergov\u00e1, je to hodn\u011b \"<a href=\"https:\/\/www.theguardian.com\/environment\/2021\/sep\/28\/blah-greta-thunberg-leaders-climate-crisis-co2-emissions\">bla, bla, bla<\/a>,\" a kone\u010dn\u00e9 z\u00e1vazky na konferenci byly ni\u017e\u0161\u00ed, ne\u017e pot\u0159ebujeme k tomu, abychom se udr\u017eeli pod 1,5 stupn\u011bm Celsia a vyhnuli se katastrofick\u00fdm dopad\u016fm, kter\u00e9 se p\u0159edpokl\u00e1daj\u00ed p\u0159i p\u0159ekro\u010den\u00ed tohoto c\u00edle. P\u0159esto do\u0161lo k ur\u010dit\u00e9mu pozitivn\u00edmu v\u00fdvoji.<br>Na konferenci, <a href=\"https:\/\/www.youtube.com\/watch?v=yExsEw6ZbGY\">Prezident Biden<\/a> se zav\u00e1zaly, \u017ee Spojen\u00e9 st\u00e1ty do roku 2030 sn\u00ed\u017e\u00ed zne\u010di\u0161t\u011bn\u00ed sklen\u00edkov\u00fdmi plyny na polovinu oproti roku 2005 a do roku 2050 dos\u00e1hnou nulov\u00e9ho zne\u010di\u0161t\u011bn\u00ed. To je v\u00fdzva k akci: bez ohledu na \u00fa\u010del nebo posl\u00e1n\u00ed va\u0161\u00ed zahrady nebo muzea by se ka\u017ed\u00fd \u010dlov\u011bk, organizace a podnik m\u011bl sna\u017eit sn\u00ed\u017eit sv\u00e9 emise do roku 2030 na polovinu a podpo\u0159it tak tento c\u00edl. To je na\u0161e v\u00fdzva a p\u0159\u00edle\u017eitost. V nadch\u00e1zej\u00edc\u00edm webin\u00e1\u0159i pro <a href=\"https:\/\/climatetoolkit.org\/cs\/\">Soubor n\u00e1stroj\u016f pro oblast klimatu<\/a> projdeme si, jak vypo\u010d\u00edtat c\u00edlov\u00e9 \u010d\u00edslo emis\u00ed pro rok 2030. Doporu\u010dujeme v\u00e1m, abyste <a href=\"https:\/\/climatetoolkit.org\/cs\/join-the-climate-toolkit\/\">p\u0159ipojit se k sad\u011b n\u00e1stroj\u016f<\/a> abyste se dozv\u011bd\u011bli o strategi\u00edch, kter\u00e9 pou\u017eily jin\u00e9 instituce a kter\u00e9 by mohly pomoci i v\u00e1m dos\u00e1hnout va\u0161eho c\u00edle.<\/p>\n\n\n\n<p>Sektor muze\u00ed (kam pat\u0159\u00ed i ve\u0159ejn\u00e9 zahrady) nen\u00ed v sou\u010dasn\u00e9 dob\u011b v r\u00e1mci COP v\u00fdznamn\u00fdm hr\u00e1\u010dem, ani nen\u00ed pova\u017eov\u00e1n za p\u0159\u00edli\u0161 d\u016fle\u017eit\u00fd. Vedouc\u00ed p\u0159edstavitel\u00e9 vl\u00e1d a dal\u0161\u00edch nevl\u00e1dn\u00edch organizac\u00ed, s nimi\u017e jsem na COP hovo\u0159il, byli p\u0159ekvapeni, \u017ee o muze\u00edch uva\u017euj\u00ed jako o potenci\u00e1ln\u00edch partnerech p\u0159i \u0159e\u0161en\u00ed zm\u011bny klimatu. Kdy\u017e byla po ozn\u00e1men\u00ed prezidenta Trumpa, \u017ee USA odstoup\u00ed od Pa\u0159\u00ed\u017esk\u00e9 klimatick\u00e9 dohody, zah\u00e1jena akce \"St\u00e1le jsme v tom\", byla zam\u011b\u0159ena na podniky a m\u011bsta. Muze\u00edm nebylo vyhov\u011bno, aby se p\u0159ipojila - v\u00edm to, proto\u017ee jsme se o to pokou\u0161eli. Muzea se mohou p\u0159ipojit nyn\u00ed, projekt byl p\u0159ejmenov\u00e1n. <a href=\"https:\/\/www.americaisallin.com\/\">Amerika je ve h\u0159e<\/a>a v\u0159ele v\u00e1m doporu\u010duji, abyste se p\u0159ihl\u00e1sili. Muzea jsou jedny z nejd\u016fv\u011bryhodn\u011bj\u0161\u00edch organizac\u00ed ve sv\u00fdch komunit\u00e1ch a spole\u010dn\u011b oslovujeme stovky milion\u016f n\u00e1v\u0161t\u011bvn\u00edk\u016f ro\u010dn\u011b. M\u011bli bychom b\u00fdt hlavn\u00edmi akt\u00e9ry p\u0159i \u0159e\u0161en\u00ed klimatick\u00fdch zm\u011bn. Chceme-li v\u0161ak b\u00fdt u jednac\u00edho stolu, mus\u00edme se zviditelnit. Na konferenci COP26 jsem m\u011bl mo\u017enost vystoupit na panelu v r\u00e1mci akce America Is All In s n\u00e1zvem <a href=\"https:\/\/www.youtube.com\/watch?v=4Fl-iDBc58g&amp;t=11s\">Kultura nad uhl\u00edkem<\/a>, a tak\u00e9 jsem vystoupil v americk\u00e9m centru pro boj proti zm\u011bn\u011b klimatu na t\u00e9ma<a href=\"https:\/\/www.youtube.com\/watch?v=F7wVAvufwYM\"> J\u00edt p\u0159\u00edkladem, kulturn\u00ed organizace zalo\u017een\u00e9 na sb\u00edrk\u00e1ch \u0159e\u0161\u00edc\u00ed zm\u011bnu klimatu.<\/a><br>Na programu byly hlavn\u00ed denn\u00ed t\u00e9mata a prezentace, v\u010detn\u011b: Finance, Energie, Ml\u00e1de\u017e a pos\u00edlen\u00ed postaven\u00ed ve\u0159ejnosti, P\u0159\u00edroda, Ztr\u00e1ty a \u0161kody zp\u016fsoben\u00e9 adaptac\u00ed, Rovnost \u017een a mu\u017e\u016f, Doprava, M\u011bsta, regiony a zastav\u011bn\u00e9 prost\u0159ed\u00ed a Domorod\u00e9 obyvatelstvo. Mnoh\u00e1 z t\u011bchto zased\u00e1n\u00ed byla nahr\u00e1v\u00e1na. Vyhled\u00e1v\u00e1n\u00ed na YouTube v\u00e1m je umo\u017en\u00ed naj\u00edt. N\u00e1sleduj\u00ed dal\u0161\u00ed odkazy na n\u011bkter\u00e9 lep\u0161\u00ed p\u0159edn\u00e1\u0161ky a zdroje t\u00fdkaj\u00edc\u00ed se muzejn\u00edho sektoru, kter\u00e9 jsem b\u011bhem konference zaznamenal:<\/p>\n\n\n\n<ul class=\"wp-block-list\"><li>Ministryn\u011b vnitra Deb Haalandov\u00e1 vystoupila v r\u00e1mci panelu v americk\u00e9m Centru pro <a href=\"https:\/\/www.youtube.com\/watch?v=TMS6_g_ULcQ&amp;t=1401s\">Zachra\u0148ujeme p\u0159\u00edrodu, abychom zachr\u00e1nili sami sebe<\/a>. Jej\u00ed p\u0159edn\u00e1\u0161ka za\u010d\u00edn\u00e1 v 11:35. Pot\u00e9 jsem hovo\u0159il s jej\u00ed vedouc\u00ed kancel\u00e1\u0159e Rachael Taylorovou a vyj\u00e1d\u0159il jsem se, jak by j\u00ed ve\u0159ejn\u00e9 zahrady mohly pomoci v jej\u00edm \u00fasil\u00ed o zachov\u00e1n\u00ed biologick\u00e9 rozmanitosti.<\/li><li><a href=\"https:\/\/www.youtube.com\/watch?v=h027vg3AEdQ\">Americk\u00fd sen\u00e1tor Markey a obh\u00e1jci klimatu ze Sierra Clubu, WWF a NRDC diskutuj\u00ed o projektu Build Back Better<\/a><\/li><li>B\u011bhem mal\u00e9 p\u0159est\u00e1vky odpov\u00eddala n\u00e1rodn\u00ed poradkyn\u011b pro klima Gina McCarthyov\u00e1 na ot\u00e1zky t\u00fdkaj\u00edc\u00ed se zm\u011bny klimatu a kulturn\u00edch organizac\u00ed.<\/li><li><a href=\"https:\/\/www.earthday.org\/cop26\/\">Earthday.org<\/a> uspo\u0159\u00e1dala \u0159adu zased\u00e1n\u00ed na nejr\u016fzn\u011bj\u0161\u00ed t\u00e9mata.<\/li><li>Mezin\u00e1rodn\u00ed organizace pro ochranu botanick\u00fdch zahrad (BGCI) zah\u00e1jila na doprovodn\u00e9 akci v r\u00e1mci konference COP26 <a href=\"https:\/\/www.biodiversitystandard.org\/\">Glob\u00e1ln\u00ed standard pro biologickou rozmanitost, kter\u00fd se sna\u017e\u00ed \u0159e\u0161it probl\u00e9my program\u016f v\u00fdsadby strom\u016f.<\/a><\/li><li>Richard Deverell, \u0159editel Kr\u00e1lovsk\u00e9 botanick\u00e9 zahrady v Kew - jedin\u00e9 dal\u0161\u00ed zahrady zastoupen\u00e9 v Modr\u00e9 z\u00f3n\u011b - hovo\u0159il na t\u00e9ma <a href=\"https:\/\/www.youtube.com\/watch?v=WKyPr7CiyZY\">Jak mohou botanick\u00e9 zahrady zachr\u00e1nit sv\u011bt<\/a>.<\/li><li>Na\u0161el jsem diskusi <a href=\"https:\/\/unfccc-cop26.streamworld.de\/webcast\/futures-lab-transformational-economics-meets-trans\">Laborato\u0159 budoucnosti: Transforma\u010dn\u00ed ekonomie se setk\u00e1v\u00e1 s transforma\u010dn\u00edm veden\u00edm<\/a>veden\u00e9 \u0158\u00edmsk\u00fdm klubem, aby se p\u0159izp\u016fsobily regenerativn\u00edmu my\u0161len\u00ed, co\u017e je paradigma, kter\u00e9 pou\u017e\u00edv\u00e1me p\u0159i pl\u00e1nov\u00e1n\u00ed a \u0159\u00edzen\u00ed provozu ve spole\u010dnosti Phipps.<\/li><li>Dal\u0161\u00edmi nejv\u00fdznamn\u011bj\u0161\u00edmi body konference byly projevy <a href=\"https:\/\/www.youtube.com\/watch?v=69EMd4csZRY&amp;t=1921s\">Prezident Obama<\/a> a <a href=\"https:\/\/www.youtube.com\/watch?v=ihhzCCsWJSw\">David Attenborough<\/a> a pozn\u00e1mky <a href=\"https:\/\/www.youtube.com\/watch?v=aSasq21KqCQ\">John Kerry, Gina McCarthy a Ali Zaidi na konferenci COP26<\/a><\/li><\/ul>\n\n\n\n<h4 class=\"wp-block-heading\">Sarah States, \u0159editelka pro v\u00fdzkum a v\u011bdeck\u00e9 vzd\u011bl\u00e1v\u00e1n\u00ed<\/h4>\n\n\n\n<div class=\"wp-block-image\"><figure class=\"alignright size-large is-resized\"><img decoding=\"async\" src=\"https:\/\/climatetoolkit.org\/wp-content\/uploads\/2021\/11\/Dr.-Sarah-States-headshot_CREDIT_Phipps-Staff-1024x639.jpg\" alt=\"\" class=\"wp-image-1349\" width=\"499\" height=\"312\" srcset=\"https:\/\/climatetoolkit.org\/wp-content\/uploads\/2021\/11\/Dr.-Sarah-States-headshot_CREDIT_Phipps-Staff-1024x639.jpg 1024w, https:\/\/climatetoolkit.org\/wp-content\/uploads\/2021\/11\/Dr.-Sarah-States-headshot_CREDIT_Phipps-Staff-300x187.jpg 300w, https:\/\/climatetoolkit.org\/wp-content\/uploads\/2021\/11\/Dr.-Sarah-States-headshot_CREDIT_Phipps-Staff-768x479.jpg 768w, https:\/\/climatetoolkit.org\/wp-content\/uploads\/2021\/11\/Dr.-Sarah-States-headshot_CREDIT_Phipps-Staff-1536x959.jpg 1536w, https:\/\/climatetoolkit.org\/wp-content\/uploads\/2021\/11\/Dr.-Sarah-States-headshot_CREDIT_Phipps-Staff-2048x1279.jpg 2048w, https:\/\/climatetoolkit.org\/wp-content\/uploads\/2021\/11\/Dr.-Sarah-States-headshot_CREDIT_Phipps-Staff-100x62.jpg 100w, https:\/\/climatetoolkit.org\/wp-content\/uploads\/2021\/11\/Dr.-Sarah-States-headshot_CREDIT_Phipps-Staff-150x94.jpg 150w, https:\/\/climatetoolkit.org\/wp-content\/uploads\/2021\/11\/Dr.-Sarah-States-headshot_CREDIT_Phipps-Staff-200x125.jpg 200w, https:\/\/climatetoolkit.org\/wp-content\/uploads\/2021\/11\/Dr.-Sarah-States-headshot_CREDIT_Phipps-Staff-450x281.jpg 450w, https:\/\/climatetoolkit.org\/wp-content\/uploads\/2021\/11\/Dr.-Sarah-States-headshot_CREDIT_Phipps-Staff-600x375.jpg 600w, https:\/\/climatetoolkit.org\/wp-content\/uploads\/2021\/11\/Dr.-Sarah-States-headshot_CREDIT_Phipps-Staff-900x562.jpg 900w\" sizes=\"(max-width: 499px) 100vw, 499px\" \/><\/figure><\/div>\n\n\n\n<p><em>Oblast zam\u011b\u0159en\u00ed: Komunikace v oblasti v\u011bdy a klimatu<\/em><\/p>\n\n\n\n<p>B\u011bhem sv\u00e9ho pobytu na konferenci COP26 se Sarah spojila s dal\u0161\u00edmi pedagogy a sledovala jedn\u00e1n\u00ed o <a href=\"https:\/\/unfccc.int\/topics\/education-youth\/the-big-picture\/what-is-action-for-climate-empowerment#eq-1\">Akce pro pos\u00edlen\u00ed postaven\u00ed v oblasti klimatu (ACE)<\/a>), program OSN, kter\u00fd se zam\u011b\u0159uje na vzd\u011bl\u00e1v\u00e1n\u00ed, osv\u011btu a odbornou p\u0159\u00edpravu v oblasti zm\u011bny klimatu. ACE pracuje na realizaci p\u016fvodn\u00edch c\u00edl\u016f \u010dl\u00e1nku 6 Pa\u0159\u00ed\u017esk\u00e9 dohody, v n\u011bm\u017e se strany dohodly, \u017ee ve\u0159ejnost by m\u011bla b\u00fdt zapojena do p\u0159\u00edpravy reakc\u00ed na zm\u011bnu klimatu. Navzdory mal\u00e9mu objemu finan\u010dn\u00edch prost\u0159edk\u016f a n\u00edzk\u00e9 spolupr\u00e1ci st\u00e1t\u016f p\u0159i realizaci programu ACE existuje siln\u00e1 a hlasit\u00e1 s\u00ed\u0165 z\u00fa\u010dastn\u011bn\u00fdch stran, kter\u00e9 nejsou smluvn\u00edmi stranami a prosazuj\u00ed iniciativy ACE, a to i ve Spojen\u00fdch st\u00e1tech. <a href=\"https:\/\/www.usacecoalition.org\/\">Koalice ACE USA<\/a>, jeho\u017e je Phipps \u010dlenem, je multidisciplin\u00e1rn\u00ed s\u00ed\u0165 jednotlivc\u016f a organizac\u00ed, kter\u00e9 se zav\u00e1zaly realizovat iniciativy ACE ve v\u0161ech odv\u011btv\u00edch spole\u010dnosti.<br>N\u00ed\u017ee uv\u00e1d\u00edme n\u011bkolik informativn\u00edch odkaz\u016f, kter\u00e9 pom\u00e1haj\u00ed charakterizovat zku\u0161enosti s COP.<\/p>\n\n\n\n<ul class=\"wp-block-list\"><li>IAAI Youth Climate Action Innovation (Mezin\u00e1rodn\u00ed asociace pro rozvoj inovativn\u00edch p\u0159\u00edstup\u016f ke glob\u00e1ln\u00edm v\u00fdzv\u00e1m) se konala <a href=\"https:\/\/unfccc-cop26.streamworld.de\/webcast\/iaai-youth-climate-action-innovation\">kr\u00e1tk\u00e1 tiskov\u00e1 konference<\/a> s mlad\u00fdmi lidmi zapojen\u00fdmi do ACE a <a href=\"https:\/\/unfccc.int\/topics\/education-youth\/youth\/youngo\">YOUNGO<\/a>, ofici\u00e1ln\u00ed ml\u00e1de\u017enick\u00e9 slo\u017eky UNFCCC. Panel diskutuje o n\u011bkolika ot\u00e1zk\u00e1ch t\u00fdkaj\u00edc\u00edch se zapojen\u00ed ml\u00e1de\u017ee do UNFCCC a o n\u011bkter\u00fdch \u0161ir\u0161\u00edch probl\u00e9mech na COP26, jako jsou dovednosti, kter\u00e9 mlad\u00ed lid\u00e9 pot\u0159ebuj\u00ed k v\u011bt\u0161\u00edmu zapojen\u00ed do jedn\u00e1n\u00ed o klimatu, kl\u00ed\u010dov\u00e9 ot\u00e1zky t\u00fdkaj\u00edc\u00ed se klimatu, kter\u00e9 jsou pro mlad\u00e9 lidi d\u016fle\u017eit\u00e9, a jak ml\u00e1de\u017e skute\u010dn\u011b zapojit, a ne jen symbolicky.<\/li><li>Navzdory tomu, co jste sly\u0161eli ve zpr\u00e1v\u00e1ch, COP26 nebyla jen zhoubn\u00e1 ud\u00e1lost - byla to tak\u00e9 p\u0159ehl\u00eddka mnoha \u0159e\u0161en\u00ed zalo\u017een\u00fdch na p\u0159\u00edrod\u011b. Jedn\u00edm z p\u0159\u00edklad\u016f bylo <a href=\"https:\/\/justdiggit.org\/\">Justdiggit<\/a>, organizace, kter\u00e1 se sna\u017e\u00ed o ozelen\u011bn\u00ed n\u011bkter\u00fdch \u010d\u00e1st\u00ed Afriky prost\u0159ednictv\u00edm sb\u011bru de\u0161\u0165ov\u00e9 vody a obnovy strom\u016f. Jejich prezentace vyzdvihla jejich n\u00e1ro\u010dnou pr\u00e1ci, ale tak\u00e9 uk\u00e1zala. <a href=\"https:\/\/unfccc-cop26.streamworld.de\/webcast\/justdiggit-how-can-positive-storytelling-be-used-t\">jak je vypr\u00e1v\u011bn\u00ed p\u0159\u00edb\u011bh\u016f z\u00e1sadn\u00ed pro \u0159e\u0161en\u00ed zm\u011bny klimatu.<\/a>.<\/li><li>V americk\u00e9m Centru pro klimatickou akci se konala \u0159ada p\u0159edn\u00e1\u0161ek o soci\u00e1ln\u00edch a environment\u00e1ln\u00edch ot\u00e1zk\u00e1ch USA souvisej\u00edc\u00edch se zm\u011bnou klimatu. Phipps po\u0159\u00e1dal p\u0159edn\u00e1\u0161ku s n\u00e1zvem <a href=\"https:\/\/www.youtube.com\/watch?v=Jq1umLaVBpM&amp;t=2224s\">Komunikace se zainteresovan\u00fdmi stranami o zm\u011bn\u011b klimatu<\/a> upozornit na kl\u00ed\u010dov\u00fd v\u00fdzkum a osv\u011bd\u010den\u00e9 postupy v oblasti vzd\u011bl\u00e1v\u00e1n\u00ed a zapojen\u00ed do boje proti zm\u011bn\u011b klimatu.<\/li><\/ul>\n\n\n\n<h4 class=\"wp-block-heading\">Jennifer Torrance, koordin\u00e1torka v\u00fdzkumu a v\u011bdeck\u00e9ho vzd\u011bl\u00e1v\u00e1n\u00ed<\/h4>\n\n\n\n<div class=\"wp-block-image\"><figure class=\"alignright size-large is-resized\"><img decoding=\"async\" src=\"https:\/\/climatetoolkit.org\/wp-content\/uploads\/2021\/11\/Jennifer-Torrance_CREDIT_Paul-g.-Wiegman-1024x695.jpg\" alt=\"\" class=\"wp-image-1353\" width=\"502\" height=\"341\" srcset=\"https:\/\/climatetoolkit.org\/wp-content\/uploads\/2021\/11\/Jennifer-Torrance_CREDIT_Paul-g.-Wiegman-1024x695.jpg 1024w, https:\/\/climatetoolkit.org\/wp-content\/uploads\/2021\/11\/Jennifer-Torrance_CREDIT_Paul-g.-Wiegman-300x204.jpg 300w, https:\/\/climatetoolkit.org\/wp-content\/uploads\/2021\/11\/Jennifer-Torrance_CREDIT_Paul-g.-Wiegman-768x521.jpg 768w, https:\/\/climatetoolkit.org\/wp-content\/uploads\/2021\/11\/Jennifer-Torrance_CREDIT_Paul-g.-Wiegman-1536x1042.jpg 1536w, https:\/\/climatetoolkit.org\/wp-content\/uploads\/2021\/11\/Jennifer-Torrance_CREDIT_Paul-g.-Wiegman-2048x1389.jpg 2048w, https:\/\/climatetoolkit.org\/wp-content\/uploads\/2021\/11\/Jennifer-Torrance_CREDIT_Paul-g.-Wiegman-100x68.jpg 100w, https:\/\/climatetoolkit.org\/wp-content\/uploads\/2021\/11\/Jennifer-Torrance_CREDIT_Paul-g.-Wiegman-150x102.jpg 150w, https:\/\/climatetoolkit.org\/wp-content\/uploads\/2021\/11\/Jennifer-Torrance_CREDIT_Paul-g.-Wiegman-200x136.jpg 200w, https:\/\/climatetoolkit.org\/wp-content\/uploads\/2021\/11\/Jennifer-Torrance_CREDIT_Paul-g.-Wiegman-450x305.jpg 450w, https:\/\/climatetoolkit.org\/wp-content\/uploads\/2021\/11\/Jennifer-Torrance_CREDIT_Paul-g.-Wiegman-600x407.jpg 600w, https:\/\/climatetoolkit.org\/wp-content\/uploads\/2021\/11\/Jennifer-Torrance_CREDIT_Paul-g.-Wiegman-900x611.jpg 900w\" sizes=\"(max-width: 502px) 100vw, 502px\" \/><\/figure><\/div>\n\n\n\n<p> <em>Oblast zam\u011b\u0159en\u00ed: Zapojen\u00ed a pos\u00edlen\u00ed postaven\u00ed ml\u00e1de\u017ee<\/em><\/p>\n\n\n\n<p>B\u011bhem sv\u00e9ho pobytu na konferenci COP26 se Jennifer p\u0159ipojila k YOUNGO (Youth Constituency of the UNFCCC) jako \u010dlenka pracovn\u00ed skupiny ACE (Action for Climate Empowerment). Tato skupina se mimo jin\u00e9 zasazuje o pos\u00edlen\u00ed postaven\u00ed ml\u00e1de\u017ee a ve\u0159ejnosti, lidsk\u00e1 pr\u00e1va a vzd\u011bl\u00e1v\u00e1n\u00ed v oblasti klimatu. Jennifer se pod\u00edlela na p\u0159\u00edprav\u011b a \u00faprav\u011b prohl\u00e1\u0161en\u00ed, jako je nap\u0159\u00edklad z\u00e1v\u011bre\u010dn\u00e9 prohl\u00e1\u0161en\u00ed YOUNGO (viz 3:31:32 ve videu). <a href=\"https:\/\/unfccc-cop26.streamworld.de\/webcast\/closing-plenary-of-the-cop-followed-by-cmp-and-c-4\">Z\u00e1v\u011bre\u010dn\u00e9 plen\u00e1rn\u00ed zased\u00e1n\u00ed COP26<\/a>), kontaktovat delegace ohledn\u011b podpory jazyka lidsk\u00fdch pr\u00e1v (viz. <a href=\"https:\/\/unfccc-cop26.streamworld.de\/webcast\/sbi-closing-plenary-2\">Z\u00e1v\u011bre\u010dn\u00e9 plen\u00e1rn\u00ed zased\u00e1n\u00ed SBI<\/a>, dce\u0159in\u00e1 spole\u010dnost COP v\u011bnuj\u00edc\u00ed se prov\u00e1d\u011bn\u00ed a hodnocen\u00ed, pro jazykov\u00e1 prohl\u00e1\u0161en\u00ed n\u00e1rod\u016f o lidsk\u00fdch pr\u00e1vech), vyhled\u00e1vat m\u00e9dia pro tiskov\u00e9 konference a pom\u00e1hat s dal\u0161\u00edmi aspekty tiskov\u00fdch konferenc\u00ed a pom\u00e1hat skupin\u011b v r\u016fzn\u00fdch dal\u0161\u00edch projektech a akc\u00edch b\u011bhem t\u00e9to konference smluvn\u00edch stran.<br>Jennifer se tak\u00e9 z\u00fa\u010dastnila mnoha p\u0159edn\u00e1\u0161ek a panel\u016f o zapojen\u00ed ml\u00e1de\u017ee, lidsk\u00e9m zdrav\u00ed, nejposti\u017een\u011bj\u0161\u00edch n\u00e1rodech, pos\u00edlen\u00ed postaven\u00ed ve\u0159ejnosti a ekologii, v\u010detn\u011b t\u011bchto p\u016fsobiv\u00fdch zased\u00e1n\u00ed:<\/p>\n\n\n\n<ul class=\"wp-block-list\"><li><a href=\"https:\/\/unfccc-cop26.streamworld.de\/webcast\/presidency-event-unifying-for-change-the-global-yo\">P\u0159edsednick\u00e1 akce ve spolupr\u00e1ci s organizac\u00ed YOUNGO: Sjednocen\u00ed pro zm\u011bnu<\/a>: Glob\u00e1ln\u00ed hlas ml\u00e1de\u017ee na konferenci COP26<\/li><li><a href=\"https:\/\/unfccc-cop26.streamworld.de\/webcast\/the-un-youth-advisory-group-and-post-cop26-youth-l\">Poradn\u00ed skupina OSN pro ml\u00e1de\u017e a opat\u0159en\u00ed v oblasti klimatu veden\u00e1 ml\u00e1de\u017e\u00ed po COP26<\/a><\/li><li><a href=\"https:\/\/unfccc-cop26.streamworld.de\/webcast\/futures-lab-climate-smart-healthcare-for-a-healthi\">Laborato\u0159 budoucnosti: Zdravotn\u00ed p\u00e9\u010de \u0161etrn\u00e1 ke klimatu pro zdrav\u011bj\u0161\u00ed planetu<\/a> (Prvn\u00ed t\u0159etina tohoto zased\u00e1n\u00ed je velmi siln\u00fdm p\u0159\u00edb\u011bhem o zne\u010di\u0161t\u011bn\u00ed ovzdu\u0161\u00ed)<\/li><li><a href=\"https:\/\/www.youtube.com\/watch?v=-uw3fDU1pFE\">Den adaptace a odolnosti, 3. centrum pro budov\u00e1n\u00ed kapacit na COP26<\/a>: (p\u0159esko\u010dte na 5:29, kde uvid\u00edte obzvl\u00e1\u0161t\u011b p\u016fsobivou relaci)<\/li><\/ul>\n\n\n\n<p><\/p>","protected":false},"excerpt":{"rendered":"<p>Phipps vyslal na konferenci COP26 t\u0159i zam\u011bstnance se statusem pozorovatele v modr\u00e9 z\u00f3n\u011b: Richard Piacentini, \u0159editelka pro v\u00fdzkum a v\u011bdeck\u00e9 vzd\u011bl\u00e1v\u00e1n\u00ed Dr. Sarah States a koordin\u00e1torka pro v\u00fdzkum a v\u011bdeck\u00e9 vzd\u011bl\u00e1v\u00e1n\u00ed Jennifer Torrance. Na\u0161\u00edm c\u00edlem bylo zjistit, jak\u00e1 je situace v Evrop\u011b a jak\u00e1 je ...<\/p>\n<p class=\"read-more\"> <a class=\"\" href=\"https:\/\/climatetoolkit.org\/cs\/phipps-at-cop26-observations-and-opportunities\/\"> <span class=\"screen-reader-text\">Phipps na COP26: post\u0159ehy a p\u0159\u00edle\u017eitosti<\/span> P\u0159e\u010dt\u011bte si v\u00edce \"<\/a><\/p>","protected":false},"author":2,"featured_media":1343,"comment_status":"closed","ping_status":"closed","sticky":false,"template":"","format":"standard","meta":{"_acf_changed":false,"inline_featured_image":false,"advgb_blocks_editor_width":"","advgb_blocks_columns_visual_guide":"","footnotes":""},"categories":[1],"tags":[147,170,171,172],"class_list":["post-1335","post","type-post","status-publish","format-standard","has-post-thumbnail","hentry","category-energy","tag-climate-change","tag-cop26","tag-conference-of-the-parties","tag-leading-by-example"],"acf":[],"yoast_head":"<!-- This site is optimized with the Yoast SEO plugin v27.5 - https:\/\/yoast.com\/product\/yoast-seo-wordpress\/ -->\n<title>Phipps at COP26: Observations and Opportunities - The Climate Toolkit<\/title>\n<meta name=\"robots\" content=\"noindex, follow\" \/>\n<meta property=\"og:locale\" content=\"cs_CZ\" \/>\n<meta property=\"og:type\" content=\"article\" \/>\n<meta property=\"og:title\" content=\"Phipps at COP26: Observations and Opportunities - The Climate Toolkit\" \/>\n<meta property=\"og:description\" content=\"Phipps sent three staff members to COP26 with Observer status in the Blue Zone: President and CEO Richard Piacentini, Director of Research and Science Education Dr. Sarah States, and Research and Science Education Coordinator Jennifer Torrance. Our goal was to &hellip; Phipps at COP26: Observations and Opportunities Read More &raquo;\" \/>\n<meta property=\"og:url\" content=\"https:\/\/climatetoolkit.org\/cs\/phipps-at-cop26-observations-and-opportunities\/\" \/>\n<meta property=\"og:site_name\" content=\"The Climate Toolkit\" \/>\n<meta property=\"article:published_time\" content=\"2021-11-22T16:18:11+00:00\" \/>\n<meta property=\"article:modified_time\" content=\"2025-06-18T20:12:41+00:00\" \/>\n<meta property=\"og:image\" content=\"https:\/\/climatetoolkit.org\/wp-content\/uploads\/2021\/11\/COP26_banners.png\" \/>\n\t<meta property=\"og:image:width\" content=\"571\" \/>\n\t<meta property=\"og:image:height\" content=\"250\" \/>\n\t<meta property=\"og:image:type\" content=\"image\/png\" \/>\n<meta name=\"author\" content=\"joe reed\" \/>\n<meta name=\"twitter:card\" content=\"summary_large_image\" \/>\n<meta name=\"twitter:label1\" content=\"Napsal(a)\" \/>\n\t<meta name=\"twitter:data1\" content=\"joe reed\" \/>\n\t<meta name=\"twitter:label2\" content=\"Odhadovan\u00e1 doba \u010dten\u00ed\" \/>\n\t<meta name=\"twitter:data2\" content=\"7 minut\" \/>\n<script type=\"application\/ld+json\" class=\"yoast-schema-graph\">{\"@context\":\"https:\\\/\\\/schema.org\",\"@graph\":[{\"@type\":\"Article\",\"@id\":\"https:\\\/\\\/climatetoolkit.org\\\/phipps-at-cop26-observations-and-opportunities\\\/#article\",\"isPartOf\":{\"@id\":\"https:\\\/\\\/climatetoolkit.org\\\/phipps-at-cop26-observations-and-opportunities\\\/\"},\"author\":{\"name\":\"joe reed\",\"@id\":\"https:\\\/\\\/climatetoolkit.org\\\/#\\\/schema\\\/person\\\/0a315cfe2d4239376531ced9d06c441c\"},\"headline\":\"Phipps at COP26: Observations and Opportunities\",\"datePublished\":\"2021-11-22T16:18:11+00:00\",\"dateModified\":\"2025-06-18T20:12:41+00:00\",\"mainEntityOfPage\":{\"@id\":\"https:\\\/\\\/climatetoolkit.org\\\/phipps-at-cop26-observations-and-opportunities\\\/\"},\"wordCount\":1357,\"publisher\":{\"@id\":\"https:\\\/\\\/climatetoolkit.org\\\/#organization\"},\"image\":{\"@id\":\"https:\\\/\\\/climatetoolkit.org\\\/phipps-at-cop26-observations-and-opportunities\\\/#primaryimage\"},\"thumbnailUrl\":\"https:\\\/\\\/climatetoolkit.org\\\/wp-content\\\/uploads\\\/2021\\\/11\\\/COP26_banners.png\",\"keywords\":[\"Climate Change\",\"COP26\",\"Conference of the Parties\",\"Leading by Example\"],\"articleSection\":[\"Energy\"],\"inLanguage\":\"cs\"},{\"@type\":\"WebPage\",\"@id\":\"https:\\\/\\\/climatetoolkit.org\\\/phipps-at-cop26-observations-and-opportunities\\\/\",\"url\":\"https:\\\/\\\/climatetoolkit.org\\\/phipps-at-cop26-observations-and-opportunities\\\/\",\"name\":\"Phipps at COP26: Observations and Opportunities - The Climate Toolkit\",\"isPartOf\":{\"@id\":\"https:\\\/\\\/climatetoolkit.org\\\/#website\"},\"primaryImageOfPage\":{\"@id\":\"https:\\\/\\\/climatetoolkit.org\\\/phipps-at-cop26-observations-and-opportunities\\\/#primaryimage\"},\"image\":{\"@id\":\"https:\\\/\\\/climatetoolkit.org\\\/phipps-at-cop26-observations-and-opportunities\\\/#primaryimage\"},\"thumbnailUrl\":\"https:\\\/\\\/climatetoolkit.org\\\/wp-content\\\/uploads\\\/2021\\\/11\\\/COP26_banners.png\",\"datePublished\":\"2021-11-22T16:18:11+00:00\",\"dateModified\":\"2025-06-18T20:12:41+00:00\",\"breadcrumb\":{\"@id\":\"https:\\\/\\\/climatetoolkit.org\\\/phipps-at-cop26-observations-and-opportunities\\\/#breadcrumb\"},\"inLanguage\":\"cs\",\"potentialAction\":[{\"@type\":\"ReadAction\",\"target\":[\"https:\\\/\\\/climatetoolkit.org\\\/phipps-at-cop26-observations-and-opportunities\\\/\"]}]},{\"@type\":\"ImageObject\",\"inLanguage\":\"cs\",\"@id\":\"https:\\\/\\\/climatetoolkit.org\\\/phipps-at-cop26-observations-and-opportunities\\\/#primaryimage\",\"url\":\"https:\\\/\\\/climatetoolkit.org\\\/wp-content\\\/uploads\\\/2021\\\/11\\\/COP26_banners.png\",\"contentUrl\":\"https:\\\/\\\/climatetoolkit.org\\\/wp-content\\\/uploads\\\/2021\\\/11\\\/COP26_banners.png\",\"width\":571,\"height\":250},{\"@type\":\"BreadcrumbList\",\"@id\":\"https:\\\/\\\/climatetoolkit.org\\\/phipps-at-cop26-observations-and-opportunities\\\/#breadcrumb\",\"itemListElement\":[{\"@type\":\"ListItem\",\"position\":1,\"name\":\"Home\",\"item\":\"https:\\\/\\\/climatetoolkit.org\\\/\"},{\"@type\":\"ListItem\",\"position\":2,\"name\":\"Phipps at COP26: Observations and Opportunities\"}]},{\"@type\":\"WebSite\",\"@id\":\"https:\\\/\\\/climatetoolkit.org\\\/#website\",\"url\":\"https:\\\/\\\/climatetoolkit.org\\\/\",\"name\":\"The Climate Toolkit\",\"description\":\"For Museums, Gardens and Zoos\",\"publisher\":{\"@id\":\"https:\\\/\\\/climatetoolkit.org\\\/#organization\"},\"potentialAction\":[{\"@type\":\"SearchAction\",\"target\":{\"@type\":\"EntryPoint\",\"urlTemplate\":\"https:\\\/\\\/climatetoolkit.org\\\/?s={search_term_string}\"},\"query-input\":{\"@type\":\"PropertyValueSpecification\",\"valueRequired\":true,\"valueName\":\"search_term_string\"}}],\"inLanguage\":\"cs\"},{\"@type\":\"Organization\",\"@id\":\"https:\\\/\\\/climatetoolkit.org\\\/#organization\",\"name\":\"The Climate Toolkit\",\"url\":\"https:\\\/\\\/climatetoolkit.org\\\/\",\"logo\":{\"@type\":\"ImageObject\",\"inLanguage\":\"cs\",\"@id\":\"https:\\\/\\\/climatetoolkit.org\\\/#\\\/schema\\\/logo\\\/image\\\/\",\"url\":\"https:\\\/\\\/climatetoolkit.org\\\/wp-content\\\/uploads\\\/2020\\\/05\\\/C_logo.png\",\"contentUrl\":\"https:\\\/\\\/climatetoolkit.org\\\/wp-content\\\/uploads\\\/2020\\\/05\\\/C_logo.png\",\"width\":512,\"height\":512,\"caption\":\"The Climate Toolkit\"},\"image\":{\"@id\":\"https:\\\/\\\/climatetoolkit.org\\\/#\\\/schema\\\/logo\\\/image\\\/\"}},{\"@type\":\"Person\",\"@id\":\"https:\\\/\\\/climatetoolkit.org\\\/#\\\/schema\\\/person\\\/0a315cfe2d4239376531ced9d06c441c\",\"name\":\"joe reed\",\"image\":{\"@type\":\"ImageObject\",\"inLanguage\":\"cs\",\"@id\":\"https:\\\/\\\/secure.gravatar.com\\\/avatar\\\/472f195403d80a13cf2167242ca383d8b44ece2a427beed29cba86949c90ae13?s=96&d=mm&r=g\",\"url\":\"https:\\\/\\\/secure.gravatar.com\\\/avatar\\\/472f195403d80a13cf2167242ca383d8b44ece2a427beed29cba86949c90ae13?s=96&d=mm&r=g\",\"contentUrl\":\"https:\\\/\\\/secure.gravatar.com\\\/avatar\\\/472f195403d80a13cf2167242ca383d8b44ece2a427beed29cba86949c90ae13?s=96&d=mm&r=g\",\"caption\":\"joe reed\"}}]}<\/script>\n<!-- \/ Yoast SEO plugin. -->","yoast_head_json":{"title":"Phipps na COP26: post\u0159ehy a p\u0159\u00edle\u017eitosti - The Climate Toolkit","robots":{"index":"noindex","follow":"follow"},"og_locale":"cs_CZ","og_type":"article","og_title":"Phipps at COP26: Observations and Opportunities - The Climate Toolkit","og_description":"Phipps sent three staff members to COP26 with Observer status in the Blue Zone: President and CEO Richard Piacentini, Director of Research and Science Education Dr. Sarah States, and Research and Science Education Coordinator Jennifer Torrance. Our goal was to &hellip; Phipps at COP26: Observations and Opportunities Read More &raquo;","og_url":"https:\/\/climatetoolkit.org\/cs\/phipps-at-cop26-observations-and-opportunities\/","og_site_name":"The Climate Toolkit","article_published_time":"2021-11-22T16:18:11+00:00","article_modified_time":"2025-06-18T20:12:41+00:00","og_image":[{"width":571,"height":250,"url":"https:\/\/climatetoolkit.org\/wp-content\/uploads\/2021\/11\/COP26_banners.png","type":"image\/png"}],"author":"joe reed","twitter_card":"summary_large_image","twitter_misc":{"Napsal(a)":"joe reed","Odhadovan\u00e1 doba \u010dten\u00ed":"7 minut"},"schema":{"@context":"https:\/\/schema.org","@graph":[{"@type":"Article","@id":"https:\/\/climatetoolkit.org\/phipps-at-cop26-observations-and-opportunities\/#article","isPartOf":{"@id":"https:\/\/climatetoolkit.org\/phipps-at-cop26-observations-and-opportunities\/"},"author":{"name":"joe reed","@id":"https:\/\/climatetoolkit.org\/#\/schema\/person\/0a315cfe2d4239376531ced9d06c441c"},"headline":"Phipps at COP26: Observations and Opportunities","datePublished":"2021-11-22T16:18:11+00:00","dateModified":"2025-06-18T20:12:41+00:00","mainEntityOfPage":{"@id":"https:\/\/climatetoolkit.org\/phipps-at-cop26-observations-and-opportunities\/"},"wordCount":1357,"publisher":{"@id":"https:\/\/climatetoolkit.org\/#organization"},"image":{"@id":"https:\/\/climatetoolkit.org\/phipps-at-cop26-observations-and-opportunities\/#primaryimage"},"thumbnailUrl":"https:\/\/climatetoolkit.org\/wp-content\/uploads\/2021\/11\/COP26_banners.png","keywords":["Climate Change","COP26","Conference of the Parties","Leading by Example"],"articleSection":["Energy"],"inLanguage":"cs"},{"@type":"WebPage","@id":"https:\/\/climatetoolkit.org\/phipps-at-cop26-observations-and-opportunities\/","url":"https:\/\/climatetoolkit.org\/phipps-at-cop26-observations-and-opportunities\/","name":"Phipps na COP26: post\u0159ehy a p\u0159\u00edle\u017eitosti - The Climate Toolkit","isPartOf":{"@id":"https:\/\/climatetoolkit.org\/#website"},"primaryImageOfPage":{"@id":"https:\/\/climatetoolkit.org\/phipps-at-cop26-observations-and-opportunities\/#primaryimage"},"image":{"@id":"https:\/\/climatetoolkit.org\/phipps-at-cop26-observations-and-opportunities\/#primaryimage"},"thumbnailUrl":"https:\/\/climatetoolkit.org\/wp-content\/uploads\/2021\/11\/COP26_banners.png","datePublished":"2021-11-22T16:18:11+00:00","dateModified":"2025-06-18T20:12:41+00:00","breadcrumb":{"@id":"https:\/\/climatetoolkit.org\/phipps-at-cop26-observations-and-opportunities\/#breadcrumb"},"inLanguage":"cs","potentialAction":[{"@type":"ReadAction","target":["https:\/\/climatetoolkit.org\/phipps-at-cop26-observations-and-opportunities\/"]}]},{"@type":"ImageObject","inLanguage":"cs","@id":"https:\/\/climatetoolkit.org\/phipps-at-cop26-observations-and-opportunities\/#primaryimage","url":"https:\/\/climatetoolkit.org\/wp-content\/uploads\/2021\/11\/COP26_banners.png","contentUrl":"https:\/\/climatetoolkit.org\/wp-content\/uploads\/2021\/11\/COP26_banners.png","width":571,"height":250},{"@type":"BreadcrumbList","@id":"https:\/\/climatetoolkit.org\/phipps-at-cop26-observations-and-opportunities\/#breadcrumb","itemListElement":[{"@type":"ListItem","position":1,"name":"Home","item":"https:\/\/climatetoolkit.org\/"},{"@type":"ListItem","position":2,"name":"Phipps at COP26: Observations and Opportunities"}]},{"@type":"WebSite","@id":"https:\/\/climatetoolkit.org\/#website","url":"https:\/\/climatetoolkit.org\/","name":"Soubor n\u00e1stroj\u016f pro oblast klimatu","description":"Pro muzea, zahrady a zoologick\u00e9 zahrady","publisher":{"@id":"https:\/\/climatetoolkit.org\/#organization"},"potentialAction":[{"@type":"SearchAction","target":{"@type":"EntryPoint","urlTemplate":"https:\/\/climatetoolkit.org\/?s={search_term_string}"},"query-input":{"@type":"PropertyValueSpecification","valueRequired":true,"valueName":"search_term_string"}}],"inLanguage":"cs"},{"@type":"Organization","@id":"https:\/\/climatetoolkit.org\/#organization","name":"Soubor n\u00e1stroj\u016f pro oblast klimatu","url":"https:\/\/climatetoolkit.org\/","logo":{"@type":"ImageObject","inLanguage":"cs","@id":"https:\/\/climatetoolkit.org\/#\/schema\/logo\/image\/","url":"https:\/\/climatetoolkit.org\/wp-content\/uploads\/2020\/05\/C_logo.png","contentUrl":"https:\/\/climatetoolkit.org\/wp-content\/uploads\/2020\/05\/C_logo.png","width":512,"height":512,"caption":"The Climate Toolkit"},"image":{"@id":"https:\/\/climatetoolkit.org\/#\/schema\/logo\/image\/"}},{"@type":"Person","@id":"https:\/\/climatetoolkit.org\/#\/schema\/person\/0a315cfe2d4239376531ced9d06c441c","name":"Joe Reed","image":{"@type":"ImageObject","inLanguage":"cs","@id":"https:\/\/secure.gravatar.com\/avatar\/472f195403d80a13cf2167242ca383d8b44ece2a427beed29cba86949c90ae13?s=96&d=mm&r=g","url":"https:\/\/secure.gravatar.com\/avatar\/472f195403d80a13cf2167242ca383d8b44ece2a427beed29cba86949c90ae13?s=96&d=mm&r=g","contentUrl":"https:\/\/secure.gravatar.com\/avatar\/472f195403d80a13cf2167242ca383d8b44ece2a427beed29cba86949c90ae13?s=96&d=mm&r=g","caption":"joe reed"}}]}},"author_meta":{"display_name":"joe reed","author_link":"https:\/\/climatetoolkit.org\/cs\/author\/joe\/"},"featured_img":"https:\/\/climatetoolkit.org\/wp-content\/uploads\/2021\/11\/COP26_banners-300x131.png","coauthors":[],"tax_additional":{"categories":{"linked":["<a href=\"https:\/\/climatetoolkit.org\/cs\/blog-category\/energy\/\" class=\"advgb-post-tax-term\">Energy<\/a>"],"unlinked":["<span class=\"advgb-post-tax-term\">Energy<\/span>"]},"tags":{"linked":["<a href=\"https:\/\/climatetoolkit.org\/cs\/blog-category\/energy\/\" class=\"advgb-post-tax-term\">Climate Change<\/a>","<a href=\"https:\/\/climatetoolkit.org\/cs\/blog-category\/energy\/\" class=\"advgb-post-tax-term\">COP26<\/a>","<a href=\"https:\/\/climatetoolkit.org\/cs\/blog-category\/energy\/\" class=\"advgb-post-tax-term\">Conference of the Parties<\/a>","<a href=\"https:\/\/climatetoolkit.org\/cs\/blog-category\/energy\/\" class=\"advgb-post-tax-term\">Leading by Example<\/a>"],"unlinked":["<span class=\"advgb-post-tax-term\">Climate Change<\/span>","<span class=\"advgb-post-tax-term\">COP26<\/span>","<span class=\"advgb-post-tax-term\">Conference of the Parties<\/span>","<span class=\"advgb-post-tax-term\">Leading by Example<\/span>"]}},"comment_count":2,"relative_dates":{"created":"Posted 4 roky ago","modified":"Updated 11 m\u011bs\u00edc\u016f ago"},"absolute_dates":{"created":"Posted on 22 listopadu, 2021","modified":"Updated on 18 \u010dervna, 2025"},"absolute_dates_time":{"created":"Posted on 22 listopadu, 2021 11:18 am","modified":"Updated on 18 \u010dervna, 2025 4:12 pm"},"featured_img_caption":"","series_order":"","_links":{"self":[{"href":"https:\/\/climatetoolkit.org\/cs\/wp-json\/wp\/v2\/posts\/1335","targetHints":{"allow":["GET"]}}],"collection":[{"href":"https:\/\/climatetoolkit.org\/cs\/wp-json\/wp\/v2\/posts"}],"about":[{"href":"https:\/\/climatetoolkit.org\/cs\/wp-json\/wp\/v2\/types\/post"}],"author":[{"embeddable":true,"href":"https:\/\/climatetoolkit.org\/cs\/wp-json\/wp\/v2\/users\/2"}],"replies":[{"embeddable":true,"href":"https:\/\/climatetoolkit.org\/cs\/wp-json\/wp\/v2\/comments?post=1335"}],"version-history":[{"count":1,"href":"https:\/\/climatetoolkit.org\/cs\/wp-json\/wp\/v2\/posts\/1335\/revisions"}],"predecessor-version":[{"id":4522,"href":"https:\/\/climatetoolkit.org\/cs\/wp-json\/wp\/v2\/posts\/1335\/revisions\/4522"}],"wp:featuredmedia":[{"embeddable":true,"href":"https:\/\/climatetoolkit.org\/cs\/wp-json\/wp\/v2\/media\/1343"}],"wp:attachment":[{"href":"https:\/\/climatetoolkit.org\/cs\/wp-json\/wp\/v2\/media?parent=1335"}],"wp:term":[{"taxonomy":"category","embeddable":true,"href":"https:\/\/climatetoolkit.org\/cs\/wp-json\/wp\/v2\/categories?post=1335"},{"taxonomy":"post_tag","embeddable":true,"href":"https:\/\/climatetoolkit.org\/cs\/wp-json\/wp\/v2\/tags?post=1335"}],"curies":[{"name":"wp","href":"https:\/\/api.w.org\/{rel}","templated":true}]}}